{"id":431856,"date":"2025-10-01T19:28:15","date_gmt":"2025-10-01T19:28:15","guid":{"rendered":"https:\/\/www.europesays.com\/fr\/431856\/"},"modified":"2025-10-01T19:28:15","modified_gmt":"2025-10-01T19:28:15","slug":"jeremstar-marie-mais-pas-en-couple","status":"publish","type":"post","link":"https:\/\/www.europesays.com\/fr\/431856\/","title":{"rendered":"Jeremstar \u00ab\u00a0mari\u00e9 mais pas en couple\u00a0\u00bb"},"content":{"rendered":"<p class=\"mb-4 text-lg md:leading-8 break-words\">\u00ab\u00a0Je suis mari\u00e9, mais pas en couple.\u00a0\u00bb Quand <a data-i13n=\"cpos:1;pos:1\" href=\"https:\/\/fr.style.yahoo.com\/mort-mavachou-youtube-jeremstar-cyberharcelement-enfant-mari-095145546.html\" data-ylk=\"slk:Jeremstar;cpos:1;pos:1;elm:context_link;itc:0;sec:content-canvas;outcm:mb_qualified_link;_E:mb_qualified_link;ct:story;\" class=\"link  yahoo-link\" rel=\"nofollow noopener\" target=\"_blank\">Jeremstar<\/a> donne cette information sur sa vie amoureuse, que ce soit sur le plateau de RMC, le 29 septembre dernier, ou dans le podcast <a data-i13n=\"cpos:2;pos:1\" href=\"https:\/\/www.youtube.com\/watch?v=XG50lq0SIJo\" rel=\"nofollow noopener\" target=\"_blank\" data-ylk=\"slk:&quot;Bip Sonore&quot;;cpos:2;pos:1;elm:context_link;itc:0;sec:content-canvas\" class=\"link \">\u00ab\u00a0Bip Sonore\u00a0\u00bb<\/a>, de l&rsquo;influenceuse <a data-i13n=\"cpos:3;pos:1\" href=\"https:\/\/fr.style.yahoo.com\/shera-kerienski-faites-des-frottis-l-influenceuse-revele-avoir-contracte-le-papillomavirus-qui-lui-a-cause-des-lesions-precancereuses-150223871.html\" data-ylk=\"slk:Shera Kerienski;cpos:3;pos:1;elm:context_link;itc:0;sec:content-canvas;outcm:mb_qualified_link;_E:mb_qualified_link;ct:story;\" class=\"link  yahoo-link\" rel=\"nofollow noopener\" target=\"_blank\">Shera Kerienski<\/a>, publi\u00e9 le 21 septembre, elle ne passe pas inaper\u00e7ue. Dans \u00ab\u00a0Bip Sonore\u00a0\u00bb, le trentenaire a expliqu\u00e9 sa vision des relations et est revenu sur le lien qui l&rsquo;unissait \u00e0 son <a data-i13n=\"cpos:4;pos:1\" href=\"https:\/\/fr.style.yahoo.com\/berengere-krief-mariee-est-ce-que-tu-vas-toujours-etre-aussi-drole-tu-as-enfin-droit-au-bonheur-jai-limpression-que-cest-ma-grande-soeur-qui-se-marie-les-internautes-reagissent-a-son-union-103732722.html\" data-ylk=\"slk:mari;cpos:4;pos:1;elm:context_link;itc:0;sec:content-canvas;outcm:mb_qualified_link;_E:mb_qualified_link;ct:story;\" class=\"link  yahoo-link\" rel=\"nofollow noopener\" target=\"_blank\">mari<\/a>.<\/p>\n<p>\u00ab\u00a0Quand j&rsquo;ai quelqu&rsquo;un dans ma vie, je le vis plut\u00f4t mal\u00a0\u00bb<\/p>\n<p class=\"mb-4 text-lg md:leading-8 break-words\">\u00ab\u00a0Je fais partie de ces gens qui estiment que r\u00e9ussir ma vie veut dire m&rsquo;accomplir tout seul. Je ne veux absolument pas d\u00e9pendre de quelqu&rsquo;un dans ma vie, avoir un compagnon ou suivre des normes sociales. Pour moi r\u00e9ussir ma vie, ce n&rsquo;est pas forc\u00e9ment \u00eatre en couple, avoir une maison un chien et des enfants, c&rsquo;est avant tout m&rsquo;\u00e9couter, \u00eatre ind\u00e9pendant\u00a0\u00bb, a-t-il d&rsquo;abord expliqu\u00e9. Mais il a ensuite expliqu\u00e9 s&rsquo;\u00eatre mari\u00e9 r\u00e9cemment. \u00ab\u00a0M&rsquo;est tomb\u00e9 sur le coin de la g*eule une rencontre tr\u00e8s d\u00e9stabilisante, parce que je ne m&rsquo;y attendais pas du tout\u00a0\u00bb, a ajout\u00e9 l&rsquo;influenceur. En vacances en Tha\u00eflande, il fait la connaissance d&rsquo;un Fran\u00e7ais gr\u00e2ce \u00e0 une application de rencontre. \u00ab\u00a0Quinze minutes apr\u00e8s, on se roulait des pelles. (&#8230;) \u00c7a a fini quelques mois apr\u00e8s par un mariage\u00a0\u00bb, r\u00e9sume-t-il.<\/p>\n<p class=\"mb-4 text-lg md:leading-8 break-words\">Malgr\u00e9 ce contrat qui l&rsquo;unit \u00e0 cet homme, Jeremstar a admis ne pas vraiment r\u00e9ussir \u00e0 qualifier cette relation \u00ab\u00a0extr\u00eamement intense, mais aussi douloureuse, mais qui est inexplicable\u00a0\u00bb. Et d&rsquo;ajouter : \u00ab\u00a0Aujourd&rsquo;hui, de son c\u00f4t\u00e9 comme du mien, on ne sait pas vraiment ce qu&rsquo;elle est. (&#8230;) Lui depuis le d\u00e9but m&rsquo;a dit &lsquo;Je ne veux pas \u00eatre en couple.&rsquo; Moi c&rsquo;est pareil, quand j&rsquo;ai quelqu&rsquo;un dans ma vie, je le vis plut\u00f4t mal, je suis en d\u00e9pendance \u00e9motionnelle&#8230; C&rsquo;est tr\u00e8s compliqu\u00e9. On s&rsquo;est juste dits &lsquo;Il n&rsquo;y a pas besoin de donner un nom&rsquo; \u00e0 cette relation&rsquo; (&#8230;) Mais en m\u00eame temps je ne suis pas du tout ouvert au couple libre.\u00a0\u00bb<\/p>\n<p>\u00ab\u00a0Mari\u00e9 sans \u00eatre en couple, c&rsquo;est tr\u00e8s d\u00e9stabilisant\u00a0\u00bb<\/p>\n<p class=\"mb-4 text-lg md:leading-8 break-words\">Le trentenaire a ensuite racont\u00e9 que son histoire atypique a connu des hauts et des bas, et que le mariage en est un exemple : \u00ab\u00a0On s&rsquo;est quitt\u00e9s et on s&rsquo;est retrouv\u00e9s, et ces retrouvailles ont \u00e9t\u00e9 tellement fortes, on \u00e9tait aux USA, que je me suis dit en rigolant &lsquo;Tiens, on est \u00e0 Las Vegas, on a d\u00e9cid\u00e9 \u00e7a sur un coup de t\u00eate, on se marie !&rsquo; S&rsquo;il y avait bien une personne dans ma vie avec qui j&rsquo;avais envie de me marier, c&rsquo;\u00e9tait lui. C&rsquo;\u00e9tait une super soir\u00e9e, on ne regrette rien.\u00a0\u00bb<\/p>\n<p class=\"mb-4 text-lg md:leading-8 break-words\">Jeremstar, qui ne vit pas avec son mari, a conscience que cette situation cr\u00e9e beaucoup d&rsquo;interrogations, mais soutient qu&rsquo;elle lui convient davantage que la vie de couple traditionnelle : \u00ab\u00a0Les gens ne comprennent pas, \u00e7a fait des pol\u00e9miques tous les trois matins sur les r\u00e9seaux. (&#8230;) Chacun a besoin d&rsquo;avoir sa vie ind\u00e9pendante, de mener \u00e0 bien ses projets, ses exp\u00e9riences personnelles, professionnelles&#8230; Je suis mari\u00e9 sans \u00eatre en couple, c&rsquo;est trop bizarre, moi-m\u00eame j&rsquo;ai du mal et c&rsquo;est tr\u00e8s d\u00e9stabilisant. Je ne le vis pas toujours tr\u00e8s bien.\u00a0\u00bb<\/p>\n<p>\u00ab\u00a0C&rsquo;est moi qui ne comprends pas le principe ou&#8230; ?\u00a0\u00bb<\/p>\n<p class=\"mb-4 text-lg md:leading-8 break-words\">Comme il l&rsquo;a \u00e9voqu\u00e9, sa vie amoureuse a en effet de nouveau suscit\u00e9 des r\u00e9actions sur X, apr\u00e8s sa prise de parole \u00e0 ce sujet dans l&rsquo;\u00e9mission \u00ab\u00a0Les Grandes Gueules\u00a0\u00bb sur RMC, ce lundi 29 septembre. \u00ab\u00a0Je suis sur toutes les applis de rencontre possibles et inimaginables. Je suis mari\u00e9 mais pas en couple. Je travaille avec beaucoup d&rsquo;applications de part mes contrats publicitaires, donc je dois toutes les ma\u00eetriser et les conna\u00eetre\u00a0\u00bb, a-t-il d\u00e9clar\u00e9.<\/p>\n<p class=\"mb-4 text-lg md:leading-8 break-words\">Ses propos ont fait na\u00eetre une grande incompr\u00e9hension, parfois m\u00eame du jugement ou de la m\u00e9chancet\u00e9 chez les internautes, d\u00e9sar\u00e7onn\u00e9s par ce mod\u00e8le de vie en dehors des sch\u00e9mas traditionnels. \u00ab\u00a0Mari\u00e9 mais pas en couple ? On peut m\u2019expliquer ?\u00a0\u00bb, \u00ab\u00a0Mari\u00e9, mais pas en couple, c&rsquo;est moi qui ne comprends pas le principe ou&#8230; ?\u00a0\u00bb ont \u00e9crit plusieurs utilisateurs, incr\u00e9dules. D&rsquo;autres ont \u00e9t\u00e9 beaucoup plus virulents : \u00ab\u00a0Aller aux US pour se marier et ne pas vivre en couple, il n&rsquo;y a pas plus c*n que \u00e7a. C&rsquo;est comme aller chercher une baguette de pain \u00e0 40km et manger du pain de mie\u00a0\u00bb, \u00ab\u00a0Hum, il est peut-\u00eatre temps de consulter un psy&#8230;\u00a0\u00bb, \u00ab\u00a0Article 212, lu lors de la c\u00e9r\u00e9monie en mairie : &lsquo;Les \u00e9poux se doivent mutuellement respect, fid\u00e9lit\u00e9, secours et assistance.&rsquo; Si tu fais un truc, fais-le bien. G\u00e9n\u00e9ration perdue\u00a0\u00bb, \u00ab\u00a0Si les adulescents s&rsquo;identifient a ce genre de propos c&rsquo;est dramatique&#8230; Bienvenue en idiocratie\u00a0\u00bb, peut-on \u00e9galement lire.<\/p>\n<p class=\"mb-4 text-lg md:leading-8 break-words\">Pourtant, pour d&rsquo;autres, qui ne savent pas toujours comment se placer vis-\u00e0-vis des relations amoureuses, les paroles de Jeremstar ont \u00e9t\u00e9 salvatrices, comme en t\u00e9moigne une internaute : \u00ab\u00a0Cette vision sur la tournure, les relations&#8230; \u00c7a me rassure. (&#8230;) Je me retrouve vraiment \u00e0 travers Jerem aussi, je suis perdue\u00a0\u00bb, a \u00e9crit l&rsquo;utilisatrice dans l&rsquo;espace commentaires sous la vid\u00e9o de Shera Kerienski, qui a relay\u00e9 son \u00e9pisode de \u00ab\u00a0Bip Sonore\u00a0\u00bb sur <a data-i13n=\"cpos:5;pos:1\" href=\"https:\/\/www.youtube.com\/watch?v=XG50lq0SIJo\" rel=\"nofollow noopener\" target=\"_blank\" data-ylk=\"slk:YouTube;cpos:5;pos:1;elm:context_link;itc:0;sec:content-canvas\" class=\"link \">YouTube<\/a>.<\/p>\n","protected":false},"excerpt":{"rendered":"\u00ab\u00a0Je suis mari\u00e9, mais pas en couple.\u00a0\u00bb Quand Jeremstar donne cette information sur sa vie amoureuse, que ce&hellip;\n","protected":false},"author":2,"featured_media":431857,"comment_status":"","ping_status":"","sticky":false,"template":"","format":"standard","meta":{"footnotes":""},"categories":[1359],"tags":[55972,58,59,55974,1011,27,55973,16492,6665,973],"class_list":{"0":"post-431856","1":"post","2":"type-post","3":"status-publish","4":"format-standard","5":"has-post-thumbnail","7":"category-people","8":"tag-bip-sonore","9":"tag-divertissement","10":"tag-entertainment","11":"tag-etre-independant","12":"tag-fr","13":"tag-france","14":"tag-je-suis-marie","15":"tag-jeremstar","16":"tag-marie","17":"tag-people"},"share_on_mastodon":{"url":"https:\/\/pubeurope.com\/@fr\/115300565166223967","error":""},"_links":{"self":[{"href":"https:\/\/www.europesays.com\/fr\/wp-json\/wp\/v2\/posts\/431856","targetHints":{"allow":["GET"]}}],"collection":[{"href":"https:\/\/www.europesays.com\/fr\/wp-json\/wp\/v2\/posts"}],"about":[{"href":"https:\/\/www.europesays.com\/fr\/wp-json\/wp\/v2\/types\/post"}],"author":[{"embeddable":true,"href":"https:\/\/www.europesays.com\/fr\/wp-json\/wp\/v2\/users\/2"}],"replies":[{"embeddable":true,"href":"https:\/\/www.europesays.com\/fr\/wp-json\/wp\/v2\/comments?post=431856"}],"version-history":[{"count":0,"href":"https:\/\/www.europesays.com\/fr\/wp-json\/wp\/v2\/posts\/431856\/revisions"}],"wp:featuredmedia":[{"embeddable":true,"href":"https:\/\/www.europesays.com\/fr\/wp-json\/wp\/v2\/media\/431857"}],"wp:attachment":[{"href":"https:\/\/www.europesays.com\/fr\/wp-json\/wp\/v2\/media?parent=431856"}],"wp:term":[{"taxonomy":"category","embeddable":true,"href":"https:\/\/www.europesays.com\/fr\/wp-json\/wp\/v2\/categories?post=431856"},{"taxonomy":"post_tag","embeddable":true,"href":"https:\/\/www.europesays.com\/fr\/wp-json\/wp\/v2\/tags?post=431856"}],"curies":[{"name":"wp","href":"https:\/\/api.w.org\/{rel}","templated":true}]}}