{"id":431866,"date":"2025-10-01T19:34:15","date_gmt":"2025-10-01T19:34:15","guid":{"rendered":"https:\/\/www.europesays.com\/fr\/431866\/"},"modified":"2025-10-01T19:34:15","modified_gmt":"2025-10-01T19:34:15","slug":"en-irak-les-vies-brisees-par-le-sang-contamine-francais-liberation","status":"publish","type":"post","link":"https:\/\/www.europesays.com\/fr\/431866\/","title":{"rendered":"en Irak, les vies bris\u00e9es par le sang contamin\u00e9 fran\u00e7ais \u2013 Lib\u00e9ration"},"content":{"rendered":"<p class=\"sc-cPiKLX AiZTS text-element\">Les \u00e9paules lourdes et le regard ab\u00eem\u00e9, Oum Bassem \u00e9tale sur le sol quelques photos aux teintes fan\u00e9es, pareilles \u00e0 des fragments de souvenirs estomp\u00e9s. Sur l\u2019une d\u2019elles, un gar\u00e7on ch\u00e9tif, le torse maigre et les joues creus\u00e9es, fixe la cam\u00e9ra. Ses clavicules semblent ronger sa peau. \u00abC\u2019est mon fils, Abbad. Le sida l\u2019a emport\u00e9 en 1992, il n\u2019avait que 12 ans. Deux de ses fr\u00e8res sont aussi d\u00e9c\u00e9d\u00e9s \u00e0 cause du virus, en 1997, puis en 2005.\u00bb <\/p>\n<p class=\"sc-cPiKLX AiZTS text-element\">De l\u2019arri\u00e8re de sa maison, une b\u00e2tisse de briques nues coinc\u00e9e entre les rues enchev\u00eatr\u00e9es d\u2019un faubourg de Bagdad exhalant de chaleur, Oum Bassem rapporte quelques affiches plastiqu\u00e9es servant les jours de manifestation. Cette fois-ci ce sont les visages de quatorze enfants fig\u00e9s par un clich\u00e9 datant de 1988 qui observent sagement l\u2019objectif. \u00abIls sont tous morts infect\u00e9s par le VIH\u00bb, explique simplement la vieille femme. \u00abAujourd\u2019hui, nous r\u00e9clamons des r\u00e9parations \u00e0 la firme fran\u00e7aise Sanofi, responsable de ces contaminations.\u00bb <\/p>\n<p class=\"sc-cPiKLX AiZTS text-element\">L\u2019affaire remonte au mitan des ann\u00e9es 80, alors que la France est frapp\u00e9e de plein fouet par l\u2019\u00e9pid\u00e9mie de sida. D\u00e8s le 1er octobre 1985, un arr\u00eat\u00e9 minist\u00e9riel met fin au remboursement des produits sanguins non chauff\u00e9s, utilis\u00e9s pour traiter l\u2019h\u00e9mophilie, avant d\u2019en interdire leur commercialisation sur le sol fran\u00e7ais le mois suivant. Car la technique du chauffage, d\u00e9couverte deux ans plus t\u00f4t, permettait de neutraliser le virus du VIH pr\u00e9sent dans le sang de donneurs infect\u00e9s et devait, en princ<\/p>\n","protected":false},"excerpt":{"rendered":"Les \u00e9paules lourdes et le regard ab\u00eem\u00e9, Oum Bassem \u00e9tale sur le sol quelques photos aux teintes fan\u00e9es,&hellip;\n","protected":false},"author":2,"featured_media":431867,"comment_status":"","ping_status":"","sticky":false,"template":"","format":"standard","meta":{"footnotes":""},"categories":[10],"tags":[1011,27,72,4366,11023,71,10705],"class_list":{"0":"post-431866","1":"post","2":"type-post","3":"status-publish","4":"format-standard","5":"has-post-thumbnail","7":"category-sante","8":"tag-fr","9":"tag-france","10":"tag-health","11":"tag-irak","12":"tag-sanofi","13":"tag-sante","14":"tag-vih"},"share_on_mastodon":{"url":"https:\/\/pubeurope.com\/@fr\/115300589000922703","error":""},"_links":{"self":[{"href":"https:\/\/www.europesays.com\/fr\/wp-json\/wp\/v2\/posts\/431866","targetHints":{"allow":["GET"]}}],"collection":[{"href":"https:\/\/www.europesays.com\/fr\/wp-json\/wp\/v2\/posts"}],"about":[{"href":"https:\/\/www.europesays.com\/fr\/wp-json\/wp\/v2\/types\/post"}],"author":[{"embeddable":true,"href":"https:\/\/www.europesays.com\/fr\/wp-json\/wp\/v2\/users\/2"}],"replies":[{"embeddable":true,"href":"https:\/\/www.europesays.com\/fr\/wp-json\/wp\/v2\/comments?post=431866"}],"version-history":[{"count":0,"href":"https:\/\/www.europesays.com\/fr\/wp-json\/wp\/v2\/posts\/431866\/revisions"}],"wp:featuredmedia":[{"embeddable":true,"href":"https:\/\/www.europesays.com\/fr\/wp-json\/wp\/v2\/media\/431867"}],"wp:attachment":[{"href":"https:\/\/www.europesays.com\/fr\/wp-json\/wp\/v2\/media?parent=431866"}],"wp:term":[{"taxonomy":"category","embeddable":true,"href":"https:\/\/www.europesays.com\/fr\/wp-json\/wp\/v2\/categories?post=431866"},{"taxonomy":"post_tag","embeddable":true,"href":"https:\/\/www.europesays.com\/fr\/wp-json\/wp\/v2\/tags?post=431866"}],"curies":[{"name":"wp","href":"https:\/\/api.w.org\/{rel}","templated":true}]}}