{"id":431877,"date":"2025-10-01T19:40:12","date_gmt":"2025-10-01T19:40:12","guid":{"rendered":"https:\/\/www.europesays.com\/fr\/431877\/"},"modified":"2025-10-01T19:40:12","modified_gmt":"2025-10-01T19:40:12","slug":"ce-que-contient-le-contrat-envoye-par-lr-a-sebastien-lecornu-avant-la-nomination-du-gouvernement","status":"publish","type":"post","link":"https:\/\/www.europesays.com\/fr\/431877\/","title":{"rendered":"Ce que contient le \u00ab\u00a0contrat\u00a0\u00bb envoy\u00e9 par LR \u00e0 S\u00e9bastien Lecornu avant la nomination du gouvernement"},"content":{"rendered":"<p>        <img decoding=\"async\" loading=\"lazy\" src=\"https:\/\/www.europesays.com\/fr\/wp-content\/uploads\/2025\/10\/0fc4a23_upload-1-ow2lncf10ilk-afp-20250918-74x84ah-v1-highres-francepoliticsgovernmentsocialprotest..jpeg\"  width=\"728\" height=\"409\" alt=\"Bruno Retailleau au minist\u00e8re de l\u2019Int\u00e9rieur le 18\u00a0septembre.\"\/>  <\/p>\n<p>LUDOVIC MARIN \/ AFP<\/p>\n<p>Bruno Retailleau au minist\u00e8re de l\u2019Int\u00e9rieur le 18\u00a0septembre.<\/p>\n<p class=\"asset asset-text\">POLITIQUE &#8211; La droite est pr\u00eate \u00e0 rester au gouvernement, mais pas \u00e0 n\u2019importe quelle(s) condition(s). Malgr\u00e9 son poids plus que relatif \u00e0 l\u2019Assembl\u00e9e nationale (50\u00a0d\u00e9put\u00e9s), le patron du parti <a href=\"https:\/\/www.huffingtonpost.fr\/politique\/article\/les-ministres-demissionnaires-outrepassent-ils-la-gestion-des-affaires-courantes_254905.html\" target=\"_blank\" rel=\"noopener\">Bruno Retailleau<\/a> a dress\u00e9 sa liste de courses dit \u00ab\u00a0contrat de gouvernement\u00a0\u00bb adress\u00e9 \u00e0 S\u00e9bastien Lecornu devant les parlementaires\u00a0LR r\u00e9unis ce mercredi 1er octobre.<\/p>\n<p class=\"asset asset-text\">Parmi les exigences envoy\u00e9es au Premier ministre, la r\u00e9duction des d\u00e9penses publiques figure en bonne place. Aucune hausse d\u2019imp\u00f4t (y compris sur les plus riches) ne sera accept\u00e9e\u00a0: les R\u00e9publicans ne veulent ni de <a href=\"https:\/\/www.huffingtonpost.fr\/politique\/article\/une-taxe-zucman-l-important-c-est-moins-son-nom-que-ce-qu-il-y-a-dedans_254836.html\" target=\"_blank\" rel=\"noopener\" title=\"Nouvelle fen\u00eatre\">la taxe Zucman<\/a> ni d\u2019un retour de l\u2019ISF. Ces deux mesures \u00ab\u00a0nuiraient \u00e0 la comp\u00e9titivit\u00e9 de la France\u00a0\u00bb et \u00ab\u00a0p\u00e9naliseraient l\u2019outil de travail\u00a0\u00bb, stipule le document d\u00e9taill\u00e9 par consult\u00e9 par <a href=\"https:\/\/www.liberation.fr\/politique\/avant-les-nominations-lr-envoie-son-contrat-de-gouvernement-a-sebastien-lecornu-20251001_PEXBZHQAPJBB7KRGKANKDYB6LE\/\" target=\"_blank\" rel=\"noopener\" title=\"Nouvelle fen\u00eatre\">Lib\u00e9ration<\/a>.<\/p>\n<p class=\"asset asset-text\">Ils peuvent \u00eatre rassur\u00e9s puisque S\u00e9bastien Lecornu ne compte pas aller sur ce terrain. Dans son interview au <a href=\"https:\/\/www.huffingtonpost.fr\/politique\/article\/sebastien-lecornu-ne-veut-ni-de-l-isf-ni-de-la-taxe-zucman_255304.html\" target=\"_blank\" rel=\"noopener\">Parisien<\/a> la semaine derni\u00e8re, le locataire de Matignon a \u00e9cart\u00e9 toute taxation des plus grandes fortunes. Tout juste a-t-il conc\u00e9d\u00e9 que certains imp\u00f4ts puissent augmenter mais sans dire lesquels et \u00e0 quelle hauteur.<\/p>\n<p class=\"asset asset-text\">Bruno Retailleau, qui esp\u00e8re \u00e0 titre personnel rester au minist\u00e8re de l\u2019Int\u00e9rieur, r\u00e9clame le non-remplacement d\u2019un certain nombre de fonctionnaires, la hausse du temps de travail pour certains agents de la fonction publique, la baisse des cr\u00e9dits de l\u2019aide publique au d\u00e9veloppement ou encore <a href=\"https:\/\/www.huffingtonpost.fr\/politique\/article\/derriere-la-loi-simplification-le-risque-du-coup-de-rabot-a-la-protection-de-l-environnement_248760.html\" target=\"_blank\" rel=\"noopener\">la suppression d\u2019agences de l\u2019\u00c9tat<\/a> jug\u00e9es inefficaces voire inutiles.<\/p>\n<p class=\"asset asset-text\"><a href=\"https:\/\/www.huffingtonpost.fr\/politique\/video\/vers-une-suspension-de-la-reforme-des-retraites-lr-denonce-une-trahison-et-un-saut-dans-l-inconnu_244742.html\" target=\"_blank\" rel=\"noopener\">Sur les retraites<\/a>, sans trop se mouiller, le parti ne veut pas de suspension de la r\u00e9forme de 2023, qui repoussait l\u2019\u00e2ge l\u00e9gal de d\u00e9part \u00e0 64\u00a0ans. Contrairement \u00e0 la gauche, notamment le PS, qui en fait un motif de non-censure. Comme une impression de disque ray\u00e9 quand la droite exige de renforcer\u00a0la lutte contre un pr\u00e9tendu\u00a0\u00ab\u00a0assistanat\u00a0\u00bb, via la mise en place d\u2019une allocation sociale unique plafonn\u00e9e. Elle demande aussi un projet de loi contre la fraude sociale.<\/p>\n<p>    Au moins une mesure retoqu\u00e9e par le Conseil constitutionnel    <\/p>\n<p class=\"asset asset-text\">Sur le plan s\u00e9curitaire et migratoire, c\u2019est l\u00e0 encore un catalogue de mesures : instauration de peines planchers pour les agressions visant les\u00a0\u00ab\u00a0d\u00e9positaires de l\u2019autorit\u00e9 publique\u00a0\u00bb, r\u00e9forme de l\u2019AME, r\u00e9tablissement du d\u00e9lit de s\u00e9jour irr\u00e9gulier, allongement de la dur\u00e9e de maintien en centre de r\u00e9tention administrative (CRA) de 90\u00a0\u00e0 210\u00a0jours&#8230;<\/p>\n<p class=\"asset asset-text\">Le Conseil constitutionnel a pourtant retoqu\u00e9 cette mesure il y a quelques semaines, infligeant <a href=\"https:\/\/www.huffingtonpost.fr\/politique\/article\/au-dela-de-la-loi-duplomb-le-conseil-constitutionnel-a-aussi-inflige-un-camouflet-a-bruno-retailleau_253384.html\" target=\"_blank\" rel=\"noopener\">un camouflet au ministre de l\u2019Int\u00e9rieur<\/a>. Les associations de d\u00e9fense des droits des migrants, et des droits humains en g\u00e9n\u00e9ral,\u00a0tirent la sonnette d\u2019alarme. \u00ab\u00a0Dans un \u00c9tat de droit, on ne peut pas agir impun\u00e9ment avec la privation de libert\u00e9\u00a0\u00bb, alertait cet \u00e9t\u00e9 la secr\u00e9taire g\u00e9n\u00e9rale de\u00a0la Cimade Fan\u00e9lie Carrey-Conte.<\/p>\n<p class=\"asset asset-text\">Quoi qu\u2019il en soit, le Premier ministre a promis qu\u2019il enverrait une \u00ab\u00a0lettre d\u2019engagement\u00a0\u00bb \u00e0 LR avant la nomination du gouvernement. Celle-ci devrait intervenir, selon plusieurs sources, entre le jeudi 2\u00a0et le dimanche 5\u00a0octobre.<\/p>\n","protected":false},"excerpt":{"rendered":"LUDOVIC MARIN \/ AFP Bruno Retailleau au minist\u00e8re de l\u2019Int\u00e9rieur le 18\u00a0septembre. POLITIQUE &#8211; La droite est pr\u00eate&hellip;\n","protected":false},"author":2,"featured_media":431878,"comment_status":"","ping_status":"","sticky":false,"template":"","format":"standard","meta":{"footnotes":""},"categories":[4],"tags":[11,1011,27,6319,12,316,25,11067],"class_list":{"0":"post-431877","1":"post","2":"type-post","3":"status-publish","4":"format-standard","5":"has-post-thumbnail","7":"category-france","8":"tag-actualites","9":"tag-fr","10":"tag-france","11":"tag-les-republicains","12":"tag-news","13":"tag-politique","14":"tag-republique-francaise","15":"tag-sebastien-lecornu"},"share_on_mastodon":{"url":"https:\/\/pubeurope.com\/@fr\/115300612565193782","error":""},"_links":{"self":[{"href":"https:\/\/www.europesays.com\/fr\/wp-json\/wp\/v2\/posts\/431877","targetHints":{"allow":["GET"]}}],"collection":[{"href":"https:\/\/www.europesays.com\/fr\/wp-json\/wp\/v2\/posts"}],"about":[{"href":"https:\/\/www.europesays.com\/fr\/wp-json\/wp\/v2\/types\/post"}],"author":[{"embeddable":true,"href":"https:\/\/www.europesays.com\/fr\/wp-json\/wp\/v2\/users\/2"}],"replies":[{"embeddable":true,"href":"https:\/\/www.europesays.com\/fr\/wp-json\/wp\/v2\/comments?post=431877"}],"version-history":[{"count":0,"href":"https:\/\/www.europesays.com\/fr\/wp-json\/wp\/v2\/posts\/431877\/revisions"}],"wp:featuredmedia":[{"embeddable":true,"href":"https:\/\/www.europesays.com\/fr\/wp-json\/wp\/v2\/media\/431878"}],"wp:attachment":[{"href":"https:\/\/www.europesays.com\/fr\/wp-json\/wp\/v2\/media?parent=431877"}],"wp:term":[{"taxonomy":"category","embeddable":true,"href":"https:\/\/www.europesays.com\/fr\/wp-json\/wp\/v2\/categories?post=431877"},{"taxonomy":"post_tag","embeddable":true,"href":"https:\/\/www.europesays.com\/fr\/wp-json\/wp\/v2\/tags?post=431877"}],"curies":[{"name":"wp","href":"https:\/\/api.w.org\/{rel}","templated":true}]}}