{"id":43188,"date":"2025-04-22T05:25:10","date_gmt":"2025-04-22T05:25:10","guid":{"rendered":"https:\/\/www.europesays.com\/fr\/43188\/"},"modified":"2025-04-22T05:25:10","modified_gmt":"2025-04-22T05:25:10","slug":"wall-street-termine-en-baisse-apres-les-nouvelles-attaques-de-trump-contre-powell-22-04-2025-a-0635","status":"publish","type":"post","link":"https:\/\/www.europesays.com\/fr\/43188\/","title":{"rendered":"Wall Street termine en baisse apr\u00e8s les nouvelles attaques de Trump contre Powell &#8211; 22\/04\/2025 \u00e0 06:35"},"content":{"rendered":"<p>        <img fetchpriority=\"high\" decoding=\"async\" src=\"https:\/\/www.europesays.com\/fr\/wp-content\/uploads\/2025\/04\/c458cac6a147424b19960431c74f295d-760x507.jpg\" alt=\"Les traders travaillent dans la salle des march\u00e9s de la bourse de New York\" loading=\"eager\" width=\"760\" height=\"507\" style=\"max-width: 100%!important; height: auto;\"\/><\/p>\n<p class=\"c-image-news__legend\">Les traders travaillent dans la salle des march\u00e9s de la bourse de New York<\/p>\n<p>\n La Bourse de New York a fini en baisse lundi apr\u00e8s que le pr\u00e9sident am\u00e9ricain Donald Trump a r\u00e9it\u00e9r\u00e9 ses attaques contre le pr\u00e9sident de la R\u00e9serve f\u00e9d\u00e9rale (Fed) Jerome Powell, amplifiant les inqui\u00e9tudes sur l&rsquo;autonomie de la banque centrale.\n<\/p>\n<p>\n L&rsquo;indice Dow Jones a c\u00e9d\u00e9 2,48%, ou 971,82 points, \u00e0 38.170,41 points.    Le Standard &amp; Poor&rsquo;s 500, plus large, a perdu 124,50 points, soit 2,36% \u00e0 5.158,20 points.    Le Nasdaq Composite a recul\u00e9 de son c\u00f4t\u00e9 de 415,55 points, soit 2,55% \u00e0 15.870,901 points.\n<\/p>\n<p>\n Les trois principaux indices am\u00e9ricains ont enregistr\u00e9 de lourdes pertes, les plus importantes ayant touch\u00e9 le groupe des \u00ab\u00a0Sept Magnifiques\u00a0\u00bb, compos\u00e9 de valeurs de croissance qui ont pes\u00e9 sur le Nasdaq, fortement ax\u00e9 sur la technologie.\n<\/p>\n<p>\n Donald Trump a intensifi\u00e9 ses critiques \u00e0 l&rsquo;encontre de Jerome Powell lundi, affirmant que l&rsquo;\u00e9conomie am\u00e9ricaine allait ralentir \u00e0 moins que le pr\u00e9sident de la Fed \u00ab\u00a0ne baisse les taux d&rsquo;int\u00e9r\u00eat MAINTENANT\u00a0\u00bb, a-t-il dit sur son r\u00e9seau social Thruth.\n<\/p>\n<p>\n Tenter d&rsquo;influencer la Fed est une tr\u00e8s mauvaise id\u00e9e et cela inqui\u00e8te beaucoup le march\u00e9, a comment\u00e9 Jed Ellerbroek, gestionnaire de portefeuille chez Argent Capital Management \u00e0 Saint-Louis.\n<\/p>\n<p>\n \u00ab\u00a0Les pays dot\u00e9s d&rsquo;une banque centrale ind\u00e9pendante connaissent une croissance plus rapide, une inflation plus faible et de meilleurs r\u00e9sultats \u00e9conomiques pour leur population\u00a0\u00bb, a-t-il ajout\u00e9.\n<\/p>\n<p>\n Par ailleurs, le conflit commercial sino-am\u00e9ricain s&rsquo;est creus\u00e9 apr\u00e8s que P\u00e9kin a mis en garde les autres pays de conclure des accords avec Washington aux d\u00e9pens de la Chine.\n<\/p>\n<p>\n \u00ab\u00a0Les entreprises ne savent pas comment r\u00e9agir et attendent les r\u00e9ponses d\u00e9finitives des \u00c9tats-Unis concernant les droits de douane\u00a0\u00bb, constate Jed Ellerbroek.\n<\/p>\n<p>\n \u00ab\u00a0Ce qui est d\u00e9courageant, \u00e0 mon avis, c&rsquo;est que cette situation est en quelque sorte auto-inflig\u00e9e ; nous sommes dans cette situation par choix, par la volont\u00e9 de cette administration\u00a0\u00bb, d\u00e9plore le gestionnaire.\n<\/p>\n<p>\n Ces doutes ont cependant b\u00e9n\u00e9fici\u00e9 \u00e0 l&rsquo;or, la valeur refuge ayant d\u00e9pass\u00e9 les 3.400 dollars lundi, touchant un record, alors que le dollar a lui recul\u00e9 \u00e0 un plus bas de 3 ans, \u00e0 97,923 face \u00e0 un panier de devises de r\u00e9f\u00e9rence.\n<\/p>\n<p>\n La saison des r\u00e9sultats d&rsquo;entreprises au premier trimestre va s&rsquo;acc\u00e9l\u00e9rer cette semaine, avec la publication des comptes de dizaines de groupes tr\u00e8s surveill\u00e9s. Jusqu&rsquo;\u00e0 pr\u00e9sent, sur les 59 entreprises ayant publi\u00e9 leurs r\u00e9sultats, 68% ont d\u00e9pass\u00e9 les attentes de Wall Street, selon les donn\u00e9es de LSEG.\n<\/p>\n<p>\n Jeudi, les analystes s&rsquo;attendaient \u00e0 une croissance globale des b\u00e9n\u00e9fices du S&amp;P 500 au premier trimestre de 8,1%, en glissement annuel, contre 12,2% pr\u00e9vus au d\u00e9but du trimestre, selon LSEG.\n<\/p>\n<p>\n Les publications notables attendues cette semaine incluent celles de Tesla et Alphabet, ainsi qu&rsquo;une multitude d&rsquo;industriels de premier plan, notamment Boeing, Northrop Grumman, Lockheed Martin et 3M.\n<\/p>\n<p>\n Aux valeurs, le poids lourd de l&rsquo;intelligence artificielle Nvidia a chut\u00e9 de 4,51% apr\u00e8s que Reuters a rapport\u00e9 que Huawei Technologies pr\u00e9voyait des exp\u00e9ditions massives d&rsquo;une puce d&rsquo;IA avanc\u00e9e \u00e0 ses clients en Chine d\u00e8s le mois prochain.\n<\/p>\n<p>\n (Stephen Culp, avec Lisa Mattackal et Purvi Agarwal \u00e0 Bangalore, Version fran\u00e7aise Kate Entringer)<\/p>\n","protected":false},"excerpt":{"rendered":"Les traders travaillent dans la salle des march\u00e9s de la bourse de New York La Bourse de New&hellip;\n","protected":false},"author":2,"featured_media":43189,"comment_status":"","ping_status":"","sticky":false,"template":"","format":"standard","meta":{"footnotes":""},"categories":[6],"tags":[400,398,408,35,405,33,34,1011,27,403,402,399,404,401,406,407],"class_list":{"0":"post-43188","1":"post","2":"type-post","3":"status-publish","4":"format-standard","5":"has-post-thumbnail","7":"category-economie","8":"tag-action-cac-40","9":"tag-bourse-de-paris","10":"tag-boursorama","11":"tag-business","12":"tag-cotations","13":"tag-economie","14":"tag-economy","15":"tag-fr","16":"tag-france","17":"tag-indices-devises","18":"tag-investir","19":"tag-investissement","20":"tag-marche-boursier","21":"tag-sicav","22":"tag-trackers","23":"tag-warrants"},"share_on_mastodon":{"url":"https:\/\/pubeurope.com\/@fr\/114379956126266248","error":""},"_links":{"self":[{"href":"https:\/\/www.europesays.com\/fr\/wp-json\/wp\/v2\/posts\/43188","targetHints":{"allow":["GET"]}}],"collection":[{"href":"https:\/\/www.europesays.com\/fr\/wp-json\/wp\/v2\/posts"}],"about":[{"href":"https:\/\/www.europesays.com\/fr\/wp-json\/wp\/v2\/types\/post"}],"author":[{"embeddable":true,"href":"https:\/\/www.europesays.com\/fr\/wp-json\/wp\/v2\/users\/2"}],"replies":[{"embeddable":true,"href":"https:\/\/www.europesays.com\/fr\/wp-json\/wp\/v2\/comments?post=43188"}],"version-history":[{"count":0,"href":"https:\/\/www.europesays.com\/fr\/wp-json\/wp\/v2\/posts\/43188\/revisions"}],"wp:featuredmedia":[{"embeddable":true,"href":"https:\/\/www.europesays.com\/fr\/wp-json\/wp\/v2\/media\/43189"}],"wp:attachment":[{"href":"https:\/\/www.europesays.com\/fr\/wp-json\/wp\/v2\/media?parent=43188"}],"wp:term":[{"taxonomy":"category","embeddable":true,"href":"https:\/\/www.europesays.com\/fr\/wp-json\/wp\/v2\/categories?post=43188"},{"taxonomy":"post_tag","embeddable":true,"href":"https:\/\/www.europesays.com\/fr\/wp-json\/wp\/v2\/tags?post=43188"}],"curies":[{"name":"wp","href":"https:\/\/api.w.org\/{rel}","templated":true}]}}