{"id":431881,"date":"2025-10-01T19:42:27","date_gmt":"2025-10-01T19:42:27","guid":{"rendered":"https:\/\/www.europesays.com\/fr\/431881\/"},"modified":"2025-10-01T19:42:27","modified_gmt":"2025-10-01T19:42:27","slug":"firminy-le-conseil-municipal-des-enfants-est-en-place","status":"publish","type":"post","link":"https:\/\/www.europesays.com\/fr\/431881\/","title":{"rendered":"Firminy. Le conseil municipal des enfants est en place"},"content":{"rendered":"<p>Ils sont deux d\u00e9l\u00e9gu\u00e9s par \u00e9cole, soit 14 \u00e9l\u00e8ves \u00e0 si\u00e9ger au conseil municipal des enfants (CME). Les uns repr\u00e9sentent les CM1, ceux-ci viennent tout juste d\u2019\u00eatre \u00e9lus, les autres ont d\u00e9j\u00e0 un an de mandat derri\u00e8re eux et repr\u00e9sentent les CM2.<\/p>\n<p>Les jeunes conseillers municipaux enfants sont \u00e9lus pour trois ans<\/p>\n<p>Dans chaque \u00e9cole, au mois de septembre, se d\u00e9roule le scrutin qui va d\u00e9terminer les repr\u00e9sentants au CME. Auparavant, chaque candidat pr\u00e9pare son programme, le pr\u00e9sente et le d\u00e9fend dans les classes concern\u00e9es&#8230;.<\/p>\n","protected":false},"excerpt":{"rendered":"Ils sont deux d\u00e9l\u00e9gu\u00e9s par \u00e9cole, soit 14 \u00e9l\u00e8ves \u00e0 si\u00e9ger au conseil municipal des enfants (CME). Les&hellip;\n","protected":false},"author":2,"featured_media":431882,"comment_status":"","ping_status":"","sticky":false,"template":"","format":"standard","meta":{"footnotes":""},"categories":[9653],"tags":[1111,11,2430,7539,1777,674,10282,10283,1011,27,12,25,4001,104],"class_list":{"0":"post-431881","1":"post","2":"type-post","3":"status-publish","4":"format-standard","5":"has-post-thumbnail","7":"category-saint-etienne","8":"tag-actu","9":"tag-actualites","10":"tag-auvergne-rhone-alpes","11":"tag-edition-loire-sud","12":"tag-eu","13":"tag-europe","14":"tag-firminy","15":"tag-firminy-ville","16":"tag-fr","17":"tag-france","18":"tag-news","19":"tag-republique-francaise","20":"tag-saint-etienne","21":"tag-societe"},"share_on_mastodon":{"url":"https:\/\/pubeurope.com\/@fr\/115300620286683552","error":""},"_links":{"self":[{"href":"https:\/\/www.europesays.com\/fr\/wp-json\/wp\/v2\/posts\/431881","targetHints":{"allow":["GET"]}}],"collection":[{"href":"https:\/\/www.europesays.com\/fr\/wp-json\/wp\/v2\/posts"}],"about":[{"href":"https:\/\/www.europesays.com\/fr\/wp-json\/wp\/v2\/types\/post"}],"author":[{"embeddable":true,"href":"https:\/\/www.europesays.com\/fr\/wp-json\/wp\/v2\/users\/2"}],"replies":[{"embeddable":true,"href":"https:\/\/www.europesays.com\/fr\/wp-json\/wp\/v2\/comments?post=431881"}],"version-history":[{"count":0,"href":"https:\/\/www.europesays.com\/fr\/wp-json\/wp\/v2\/posts\/431881\/revisions"}],"wp:featuredmedia":[{"embeddable":true,"href":"https:\/\/www.europesays.com\/fr\/wp-json\/wp\/v2\/media\/431882"}],"wp:attachment":[{"href":"https:\/\/www.europesays.com\/fr\/wp-json\/wp\/v2\/media?parent=431881"}],"wp:term":[{"taxonomy":"category","embeddable":true,"href":"https:\/\/www.europesays.com\/fr\/wp-json\/wp\/v2\/categories?post=431881"},{"taxonomy":"post_tag","embeddable":true,"href":"https:\/\/www.europesays.com\/fr\/wp-json\/wp\/v2\/tags?post=431881"}],"curies":[{"name":"wp","href":"https:\/\/api.w.org\/{rel}","templated":true}]}}