{"id":431883,"date":"2025-10-01T19:43:12","date_gmt":"2025-10-01T19:43:12","guid":{"rendered":"https:\/\/www.europesays.com\/fr\/431883\/"},"modified":"2025-10-01T19:43:12","modified_gmt":"2025-10-01T19:43:12","slug":"saint-etienne-fellation-imposee-a-un-enfant-de-9-ans-dans-un-stage-de-cirque-6-ans-de-reclusion","status":"publish","type":"post","link":"https:\/\/www.europesays.com\/fr\/431883\/","title":{"rendered":"Saint-\u00c9tienne. Fellation impos\u00e9e \u00e0 un enfant de 9 ans dans un stage de cirque\u00a0: 6 ans de r\u00e9clusion"},"content":{"rendered":"<p>34 ans se sont \u00e9coul\u00e9s depuis ce stage de cirque propos\u00e9 \u00e0 Renaison par Familles rurales, du 21 au 28\u00a0juillet 1991 \u00e0 plusieurs mineurs pendant les vacances d\u2019\u00e9t\u00e9. 34 ans depuis cette nuit au cours de laquelle un des stagiaires, Emmanuel Thomas, alors \u00e2g\u00e9 de 9 ans, se r\u00e9veille dans la tente plant\u00e9e dans un champ situ\u00e9 le long de la route de Saint-Andr\u00e9, avec le sexe de Robert dans la bouche. Une fellation impos\u00e9e par cet encadrant dont il tente de se d\u00e9faire, mais l\u2019adulte alors \u00e2g\u00e9 de 29 ans l\u2019en emp\u00eache en lui prenant la t\u00eate. La sc\u00e8ne qui dure 30 secondes semble une \u00e9ternit\u00e9 pour la victime qui voit ensuite son agresseur se masturber, \u00e9jaculer et lui lancer sur le ton d\u2019une affirmation terrifiante\u00a0: \u00ab\u00a0Tu as aim\u00e9\u00a0!\u00a0\u00bb<\/p>\n<p>Il reconna\u00eet les faits mais affirme ne pas s\u2019en souvenir ni reconna\u00eetre la victime<\/p>\n<p>34 ans apr\u00e8s les faits, Robert Renard, domicili\u00e9 \u00e0 Cuzieu, compara\u00eet mardi 30\u00a0septembre et mercredi 1er \u00a0octobre \u00e0 l\u2019\u00e2ge de 64 ans devant la cour criminelle de la Loire pour viol sur mineur&#8230;<\/p>\n","protected":false},"excerpt":{"rendered":"34 ans se sont \u00e9coul\u00e9s depuis ce stage de cirque propos\u00e9 \u00e0 Renaison par Familles rurales, du 21&hellip;\n","protected":false},"author":2,"featured_media":431884,"comment_status":"","ping_status":"","sticky":false,"template":"","format":"standard","meta":{"footnotes":""},"categories":[9653],"tags":[1111,11,2430,7539,1777,674,274,107,1011,27,3367,12,25,4001,7538],"class_list":{"0":"post-431883","1":"post","2":"type-post","3":"status-publish","4":"format-standard","5":"has-post-thumbnail","7":"category-saint-etienne","8":"tag-actu","9":"tag-actualites","10":"tag-auvergne-rhone-alpes","11":"tag-edition-loire-sud","12":"tag-eu","13":"tag-europe","14":"tag-faits-divers-justice","15":"tag-fil-info","16":"tag-fr","17":"tag-france","18":"tag-loire","19":"tag-news","20":"tag-republique-francaise","21":"tag-saint-etienne","22":"tag-saint-etienne-ville"},"share_on_mastodon":{"url":"https:\/\/pubeurope.com\/@fr\/115300624377749451","error":""},"_links":{"self":[{"href":"https:\/\/www.europesays.com\/fr\/wp-json\/wp\/v2\/posts\/431883","targetHints":{"allow":["GET"]}}],"collection":[{"href":"https:\/\/www.europesays.com\/fr\/wp-json\/wp\/v2\/posts"}],"about":[{"href":"https:\/\/www.europesays.com\/fr\/wp-json\/wp\/v2\/types\/post"}],"author":[{"embeddable":true,"href":"https:\/\/www.europesays.com\/fr\/wp-json\/wp\/v2\/users\/2"}],"replies":[{"embeddable":true,"href":"https:\/\/www.europesays.com\/fr\/wp-json\/wp\/v2\/comments?post=431883"}],"version-history":[{"count":0,"href":"https:\/\/www.europesays.com\/fr\/wp-json\/wp\/v2\/posts\/431883\/revisions"}],"wp:featuredmedia":[{"embeddable":true,"href":"https:\/\/www.europesays.com\/fr\/wp-json\/wp\/v2\/media\/431884"}],"wp:attachment":[{"href":"https:\/\/www.europesays.com\/fr\/wp-json\/wp\/v2\/media?parent=431883"}],"wp:term":[{"taxonomy":"category","embeddable":true,"href":"https:\/\/www.europesays.com\/fr\/wp-json\/wp\/v2\/categories?post=431883"},{"taxonomy":"post_tag","embeddable":true,"href":"https:\/\/www.europesays.com\/fr\/wp-json\/wp\/v2\/tags?post=431883"}],"curies":[{"name":"wp","href":"https:\/\/api.w.org\/{rel}","templated":true}]}}