{"id":431885,"date":"2025-10-01T19:44:09","date_gmt":"2025-10-01T19:44:09","guid":{"rendered":"https:\/\/www.europesays.com\/fr\/431885\/"},"modified":"2025-10-01T19:44:09","modified_gmt":"2025-10-01T19:44:09","slug":"voici-les-perturbations-prevues-a-nancy-lors-de-la-greve-du-jeudi-2-octobre","status":"publish","type":"post","link":"https:\/\/www.europesays.com\/fr\/431885\/","title":{"rendered":"voici les perturbations pr\u00e9vues \u00e0 Nancy lors de la gr\u00e8ve du jeudi 2 octobre"},"content":{"rendered":"<p>            Par<br \/>\n        <strong><br \/>\n            <a href=\"https:\/\/actu.fr\/auteur\/pierre-emile-bouchy-actu-fr\" title=\"Consulter tous les articles de Paul-Emile Bouchy\" target=\"_blank\" rel=\"noopener\">Paul-Emile Bouchy<\/a><br \/>\n        <\/strong><\/p>\n<p>        Publi\u00e9 le<\/p>\n<p>            1 oct. 2025 \u00e0 18h29        <\/p>\n<p>Apr\u00e8s la gr\u00e8ve du 18 septembre, <strong>une nouvelle journ\u00e9e de mobilisation<\/strong> va avoir lieu <a href=\"https:\/\/actu.fr\/tag\/greve-du-2-octobre-2025\" target=\"_blank\" rel=\"noopener\">ce jeudi 2 octobre<\/a> partout en France. \u00c0 <a href=\"https:\/\/actu.fr\/grand-est\/nancy_54395\" target=\"_blank\" rel=\"noopener\">Nancy<\/a>, <a href=\"https:\/\/actu.fr\/grand-est\/nancy_54395\/greve-du-2-octobre-a-nancy-on-connait-l-heure-et-le-parcours-de-la-manifestation-jeudi_63229973.html\" target=\"_blank\" rel=\"noopener\">une manifestation aura lieu l\u2019apr\u00e8s-midi<\/a> dans les rues du centre-ville.<\/p>\n<p class=\" wall-content\">Comme <a href=\"https:\/\/actu.fr\/grand-est\/nancy_54395\/greve-du-18-septembre-des-ecoles-et-des-creches-fermees-a-nancy-et-a-vandoeuvre-voici-lesquelles_63173023.html\" target=\"_blank\" rel=\"noopener\">en septembre<\/a>, cela va entra\u00eener <strong>des fermetures d\u2019\u00e9coles et de cr\u00e8ches<\/strong> dans la cit\u00e9 ducale. Le <a href=\"https:\/\/actu.fr\/tag\/reseau-stan\" target=\"_blank\" rel=\"noopener\">r\u00e9seau Stan<\/a> va aussi conna\u00eetre des perturbations. On fait le point.<\/p>\n<p>Des \u00e9coles et des cr\u00e8ches n\u2019ouvriront pas \u00e0 Nancy<\/p>\n<p class=\" wall-content\">Contact\u00e9e, la Ville de Nancy a dress\u00e9 la liste des diff\u00e9rents services ferm\u00e9s ce jeudi :<\/p>\n<ul class=\" wall-content\">\n<li><strong>2 structures petite enfance ferm\u00e9es<\/strong> : multi-accueil Bodson, cr\u00e8che Wunschendorff<\/li>\n<li><strong>2 \u00e9coles ferm\u00e9es<\/strong><\/li>\n<li><strong>20 restaurants scolaires ferm\u00e9s<\/strong> (6 restaurants scolaires serviront des repas pique-niques)<\/li>\n<li><strong>17 \u00e9coles auront un accueil p\u00e9riscolaire ferm\u00e9<\/strong>\u00a0(matin et\/ou soir)<\/li>\n<\/ul>\n<p class=\" wall-content\">Un service minimum d\u2019accueil sera mis en place par la ville de Nancy, \u00e0 Gentilly, au centre de loisirs Paul Freiderich, de 7h30 \u00e0 18h30 pour accueillir les enfants des \u00e9coles concern\u00e9es qui n\u2019ont pas de mode de garde.<\/p>\n<p>    <a href=\"https:\/\/datawrapper.dwcdn.net\/kyrv5\/2\/\" title=\"Ouvrie le lien\" target=\"_blank\" rel=\"noopener\">Cliquez ici pour visualiser le contenu<\/a><\/p>\n<p>Le r\u00e9seau Stan perturb\u00e9 l\u2019apr\u00e8s-midi<\/p>\n<p class=\" wall-content\">Du c\u00f4t\u00e9 du r\u00e9seau Stan, <strong>aucun pr\u00e9avis de gr\u00e8ve n\u2019est en cours<\/strong>. Les lignes devront donc circuler normalement durant cette journ\u00e9e.<\/p>\n<p>Votre r\u00e9gion, votre actu !<\/p>\n<p>Recevez chaque jour les infos qui comptent pour vous.<\/p>\n<p>\t<a href=\"https:\/\/actu.fr\/newsletter\" class=\"ac-btn ac-btn--corner ac-btn--medium ac-btn--blue800\" target=\"_blank\" rel=\"noopener\">S&rsquo;incrire<\/a><\/p>\n<p class=\" wall-content\">Cependant, <strong>des perturbations auront lieu dans le centre-ville l\u2019apr\u00e8s-midi<\/strong> en raison de la manifestation. Cela devrait notamment impacter le trolleybus, les lignes rejoignant la gare et celles passant par la rue Saint-Dizier.<\/p>\n<p class=\" wall-content\">Personnalisez votre actualit\u00e9 en ajoutant vos villes et m\u00e9dias en favori avec <a href=\"https:\/\/moncompte.actu.fr\" title=\"D\u00e9couvez Mon Actu\" rel=\"nofollow noopener\" data-trk=\"{&quot;cta&quot;:{&quot;action&quot;:&quot;https:\\\/\\\/moncompte.actu.fr&quot;,&quot;category&quot;:&quot;mon compte&quot;,&quot;from&quot;:&quot;article footer&quot;,&quot;name&quot;:&quot;Mon actu&quot;,&quot;type&quot;:&quot;cta&quot;}}\" target=\"_blank\">Mon Actu<\/a>.<\/p>\n","protected":false},"excerpt":{"rendered":"Par Paul-Emile Bouchy Publi\u00e9 le 1 oct. 2025 \u00e0 18h29 Apr\u00e8s la gr\u00e8ve du 18 septembre, une nouvelle&hellip;\n","protected":false},"author":2,"featured_media":431886,"comment_status":"","ping_status":"","sticky":false,"template":"","format":"standard","meta":{"footnotes":""},"categories":[9635],"tags":[1111,11,1777,674,1011,27,775,6151,54872,1702,12,25,104],"class_list":{"0":"post-431885","1":"post","2":"type-post","3":"status-publish","4":"format-standard","5":"has-post-thumbnail","7":"category-nancy","8":"tag-actu","9":"tag-actualites","10":"tag-eu","11":"tag-europe","12":"tag-fr","13":"tag-france","14":"tag-grand-est","15":"tag-greve","16":"tag-greve-du-2-octobre-2025","17":"tag-nancy","18":"tag-news","19":"tag-republique-francaise","20":"tag-societe"},"share_on_mastodon":{"url":"https:\/\/pubeurope.com\/@fr\/115300628223050652","error":""},"_links":{"self":[{"href":"https:\/\/www.europesays.com\/fr\/wp-json\/wp\/v2\/posts\/431885","targetHints":{"allow":["GET"]}}],"collection":[{"href":"https:\/\/www.europesays.com\/fr\/wp-json\/wp\/v2\/posts"}],"about":[{"href":"https:\/\/www.europesays.com\/fr\/wp-json\/wp\/v2\/types\/post"}],"author":[{"embeddable":true,"href":"https:\/\/www.europesays.com\/fr\/wp-json\/wp\/v2\/users\/2"}],"replies":[{"embeddable":true,"href":"https:\/\/www.europesays.com\/fr\/wp-json\/wp\/v2\/comments?post=431885"}],"version-history":[{"count":0,"href":"https:\/\/www.europesays.com\/fr\/wp-json\/wp\/v2\/posts\/431885\/revisions"}],"wp:featuredmedia":[{"embeddable":true,"href":"https:\/\/www.europesays.com\/fr\/wp-json\/wp\/v2\/media\/431886"}],"wp:attachment":[{"href":"https:\/\/www.europesays.com\/fr\/wp-json\/wp\/v2\/media?parent=431885"}],"wp:term":[{"taxonomy":"category","embeddable":true,"href":"https:\/\/www.europesays.com\/fr\/wp-json\/wp\/v2\/categories?post=431885"},{"taxonomy":"post_tag","embeddable":true,"href":"https:\/\/www.europesays.com\/fr\/wp-json\/wp\/v2\/tags?post=431885"}],"curies":[{"name":"wp","href":"https:\/\/api.w.org\/{rel}","templated":true}]}}