{"id":431893,"date":"2025-10-01T19:49:14","date_gmt":"2025-10-01T19:49:14","guid":{"rendered":"https:\/\/www.europesays.com\/fr\/431893\/"},"modified":"2025-10-01T19:49:14","modified_gmt":"2025-10-01T19:49:14","slug":"le-departement-vous-donne-rendez-vous","status":"publish","type":"post","link":"https:\/\/www.europesays.com\/fr\/431893\/","title":{"rendered":"le D\u00e9partement vous donne rendez-vous"},"content":{"rendered":"<p>            Par<br \/>\n        <strong><br \/>\n            <a href=\"https:\/\/actu.fr\/auteur\/manon-haddouche\" title=\"Consulter tous les articles de Manon Haddouche\" target=\"_blank\" rel=\"noopener\">Manon Haddouche<\/a><br \/>\n        <\/strong><\/p>\n<p>        Publi\u00e9 le<\/p>\n<p>            1 oct. 2025 \u00e0 21h14        <\/p>\n<p><strong>Octobre rose<\/strong>, mobilisation annuelle de <strong>sensibilisation au cancer du sein<\/strong> est l\u2019occasion pour toutes les femmes de se faire <strong>d\u00e9pister gratuitement<\/strong>, mais aussi de <strong>s\u2019informer aupr\u00e8s de la Protection maternelle et infantile<\/strong> de l\u2019H\u00e9rault. Pour l\u2019occasion, cette ann\u00e9e, le D\u00e9partement propose <strong>deux rendez-vous \u00e0 Montpellier<\/strong> les vendredi 3 et mardi 7 octobre.\u00a0<\/p>\n<p>Deux rendez-vous \u00e0 ne pas manquer<\/p>\n<p class=\" wall-content\">Le<strong> vendredi 3 octobre<\/strong>, les habitants sont attendus dans le <strong>quartier Mosson<\/strong>, au b\u00e2timent Gis\u00e8le Halimi, de 9h \u00e0 12h, pour une matin\u00e9e organis\u00e9e par le RESO Pailladin, en pr\u00e9sence de la Ligue contre le cancer et de la Caisse primaire d\u2019Assurance Maladie. Un <strong>stand de pr\u00e9vention<\/strong> y sera anim\u00e9 par des sages-femmes et des professionnels de la sant\u00e9 sexuelle. Le <strong>Mammobile<\/strong>, un bus m\u00e9dical, permettra quant \u00e0 lui de r\u00e9aliser une radio des seins gratuite, un test indolore de quelques minutes qui favorise la d\u00e9tection pr\u00e9coce du cancer.\u00a0<\/p>\n<p class=\" wall-content\">Le second rendez-vous aura lieu le <strong>mardi 7 octobre<\/strong> \u00e0 l\u2019<strong>H\u00f4tel du D\u00e9partement<\/strong>, b\u00e2timent Alco 2, de 10h30 \u00e0 15h, avec le <strong>m\u00eame stand de pr\u00e9vention et d\u2019information de la PMI<\/strong>.<\/p>\n<p>Un d\u00e9pistage gratuit et essentiel :<\/p>\n<p>Une femme sur huit sera confront\u00e9e au cancer du sein au cours de sa vie. Pourtant, d\u00e9tect\u00e9 \u00e0 un stade pr\u00e9coce, il peut \u00eatre gu\u00e9ri dans neuf cas sur dix. Dans ce cadre, l\u2019Assurance Maladie invite toutes les femmes \u00e0 r\u00e9aliser une mammographie de d\u00e9pistage, prise en charge \u00e0 100 %, pour agir t\u00f4t et pr\u00e9venir efficacement.<\/p>\n<p><strong>&gt; Pratique :<\/strong> deux rendez-vous pour Octobre Rose, le vendredi 3 octobre, quartier Mosson, au b\u00e2timent Gis\u00e8le Halimi, de 9h \u00e0 12h. Le mardi 7 octobre, \u00e0 l\u2019H\u00f4tel du D\u00e9partement, b\u00e2timent Alco 2, de 10h30 \u00e0 15h.<\/p>\n<p class=\" wall-content\">Personnalisez votre actualit\u00e9 en ajoutant vos villes et m\u00e9dias en favori avec <a href=\"https:\/\/moncompte.actu.fr\" title=\"D\u00e9couvez Mon Actu\" rel=\"nofollow noopener\" data-trk=\"{&quot;cta&quot;:{&quot;action&quot;:&quot;https:\\\/\\\/moncompte.actu.fr&quot;,&quot;category&quot;:&quot;mon compte&quot;,&quot;from&quot;:&quot;article footer&quot;,&quot;name&quot;:&quot;Mon actu&quot;,&quot;type&quot;:&quot;cta&quot;}}\" target=\"_blank\">Mon Actu<\/a>.<\/p>\n","protected":false},"excerpt":{"rendered":"Par Manon Haddouche Publi\u00e9 le 1 oct. 2025 \u00e0 21h14 Octobre rose, mobilisation annuelle de sensibilisation au cancer&hellip;\n","protected":false},"author":2,"featured_media":431894,"comment_status":"","ping_status":"","sticky":false,"template":"","format":"standard","meta":{"footnotes":""},"categories":[9599],"tags":[1111,11,1777,674,1011,27,2208,12,2680,54321,25,104],"class_list":{"0":"post-431893","1":"post","2":"type-post","3":"status-publish","4":"format-standard","5":"has-post-thumbnail","7":"category-montpellier","8":"tag-actu","9":"tag-actualites","10":"tag-eu","11":"tag-europe","12":"tag-fr","13":"tag-france","14":"tag-montpellier","15":"tag-news","16":"tag-occitanie","17":"tag-octobre-rose","18":"tag-republique-francaise","19":"tag-societe"},"share_on_mastodon":{"url":"https:\/\/pubeurope.com\/@fr\/115300647950505974","error":""},"_links":{"self":[{"href":"https:\/\/www.europesays.com\/fr\/wp-json\/wp\/v2\/posts\/431893","targetHints":{"allow":["GET"]}}],"collection":[{"href":"https:\/\/www.europesays.com\/fr\/wp-json\/wp\/v2\/posts"}],"about":[{"href":"https:\/\/www.europesays.com\/fr\/wp-json\/wp\/v2\/types\/post"}],"author":[{"embeddable":true,"href":"https:\/\/www.europesays.com\/fr\/wp-json\/wp\/v2\/users\/2"}],"replies":[{"embeddable":true,"href":"https:\/\/www.europesays.com\/fr\/wp-json\/wp\/v2\/comments?post=431893"}],"version-history":[{"count":0,"href":"https:\/\/www.europesays.com\/fr\/wp-json\/wp\/v2\/posts\/431893\/revisions"}],"wp:featuredmedia":[{"embeddable":true,"href":"https:\/\/www.europesays.com\/fr\/wp-json\/wp\/v2\/media\/431894"}],"wp:attachment":[{"href":"https:\/\/www.europesays.com\/fr\/wp-json\/wp\/v2\/media?parent=431893"}],"wp:term":[{"taxonomy":"category","embeddable":true,"href":"https:\/\/www.europesays.com\/fr\/wp-json\/wp\/v2\/categories?post=431893"},{"taxonomy":"post_tag","embeddable":true,"href":"https:\/\/www.europesays.com\/fr\/wp-json\/wp\/v2\/tags?post=431893"}],"curies":[{"name":"wp","href":"https:\/\/api.w.org\/{rel}","templated":true}]}}