{"id":431897,"date":"2025-10-01T19:51:15","date_gmt":"2025-10-01T19:51:15","guid":{"rendered":"https:\/\/www.europesays.com\/fr\/431897\/"},"modified":"2025-10-01T19:51:15","modified_gmt":"2025-10-01T19:51:15","slug":"comment-se-debarrasser-des-bonbonnes-de-gaz-hilarant-pres-de-rouen-cette-ville-cherche-des-solutions","status":"publish","type":"post","link":"https:\/\/www.europesays.com\/fr\/431897\/","title":{"rendered":"Comment se d\u00e9barrasser des bonbonnes de gaz hilarant ? Pr\u00e8s de Rouen, cette ville cherche des solutions"},"content":{"rendered":"<p>            Par<br \/>\n        <strong><br \/>\n            <a href=\"https:\/\/actu.fr\/auteur\/aurelien-delavaud\" title=\"Consulter tous les articles de Aur\u00e9lien Delavaud\" target=\"_blank\" rel=\"noopener\">Aur\u00e9lien Delavaud<\/a><br \/>\n        <\/strong><\/p>\n<p>        Publi\u00e9 le<\/p>\n<p>            1 oct. 2025 \u00e0 21h16        <\/p>\n<p>C\u2019est un v\u00e9ritable probl\u00e8me de <b>sant\u00e9 publique<\/b>, depuis quelques ann\u00e9es. Le <b>protoxyde d\u2019azote<\/b>, inhal\u00e9 sous forme de ballons, est <a href=\"https:\/\/actu.fr\/societe\/pourquoi-l-usage-detourne-du-protoxyde-d-azote-est-une-pratique-a-tres-haut-risque_53321542.html\" target=\"_blank\" rel=\"noopener\">devenu une vraie drogue pour certains<\/a>. D\u2019autant plus que ce <b>\u00ab gaz hilarant \u00bb<\/b> peut se trouver tout \u00e0 fait l\u00e9galement dans le commerce. Mais c\u2019est aussi devenu un enjeu pour la protection de l\u2019environnement. Dans les rues d\u2019<a href=\"https:\/\/actu.fr\/normandie\/elbeuf_76231\" target=\"_blank\" rel=\"noopener\">Elbeuf (Seine-Maritime)<\/a>, il est possible de retrouver ces <b>bonbonnes de gaz<\/b> usag\u00e9es un petit peu partout : directement sur les trottoirs, dans les buissons, dans les poubelles pour les consommateurs les plus \u00ab d\u00e9licats \u00bb\u2026 D\u2019une mani\u00e8re ou d\u2019une autre, elles finissent prises en charge par les agents de la Ville responsables de la propret\u00e9 de l\u2019espace public. Jusqu\u2019\u00e0 ce qu\u2019un vrai probl\u00e8me se pose : <b>que faire de ces d\u00e9chets<\/b> dont personne ne veut ?<\/p>\n<p>Impossible \u00e0 jeter en l\u2019\u00e9tat<\/p>\n<p class=\" wall-content\">\u00ab On ne peut pas les jeter et la <b>d\u00e9chetterie<\/b> n\u2019en veut pas, justifie Fran\u00e7ois Bria, le responsable des espaces publics \u00e0 la Ville. Le probl\u00e8me, c\u2019est qu\u2019il reste toujours un peu de gaz \u00e0 l\u2019int\u00e9rieur. Si on les coupe ou si on les \u00e9crase, \u00e7a peut exploser. \u00bb<\/p>\n<p class=\" wall-content\">Dans une communication, la mairie pr\u00e9cise m\u00eame que dans certains cas, ces bonbonnes ont \u00ab caus\u00e9 des d\u00e9g\u00e2ts importants \u00bb en explosant dans les fours du Smedar.<\/p>\n<p class=\" wall-content\">Et le probl\u00e8me ne va pas aller en s\u2019arrangeant, alors que le responsable assure que ses \u00e9quipes \u00ab en trouvent de plus en plus \u00bb.<\/p>\n<p class=\" wall-content\">Un indicateur pour le prouver ? En 2024, la Ville indique qu\u2019elle a rempli trois grosses poubelles de 600 litres avec des bonbonnes vides. En 2025, deux poubelles sont d\u00e9j\u00e0 pleines depuis un moment.<\/p>\n<p>Une solution tr\u00e8s chronophage<\/p>\n<p class=\" wall-content\">Pendant longtemps, ces contenants ind\u00e9sirables \u00e9taient tout simplement stock\u00e9s dans les locaux des services techniques. Puis les agents ont trouv\u00e9 un moyen de s\u2019en d\u00e9barrasser.<\/p>\n<blockquote class=\"ac-article-quote wall-content\">\n<p>Comme ce qui pose probl\u00e8me, c\u2019est qu\u2019elles ne soient pas totalement vides, on a un agent qui s\u2019occupe de les vider avec un outil sp\u00e9cial. Ensuite, il peut les d\u00e9couper et \u00e0 partir de ce moment-l\u00e0 \u00e7a redevient un d\u00e9chet en m\u00e9tal comme les autres, que l\u2019on peut envoyer au recyclage.<\/p>\n<p>Fran\u00e7ois Bria, responsable des espaces publics \u00e0 la ville d\u2019Elbeuf<\/p><\/blockquote>\n<p>Votre r\u00e9gion, votre actu !<\/p>\n<p>Recevez chaque jour les infos qui comptent pour vous.<\/p>\n<p>\t<a href=\"https:\/\/actu.fr\/newsletter\" class=\"ac-btn ac-btn--corner ac-btn--medium ac-btn--blue800\" target=\"_blank\" rel=\"noopener\">S&rsquo;incrire<\/a><\/p>\n<p class=\" wall-content\">La d\u00e9marche est vertueuse, mais elle a un inconv\u00e9nient de taille : \u00ab \u00c7a repr\u00e9sente un <b>temps de travail<\/b> de dingue ! \u00bb Un temps qui est pay\u00e9 par la Ville et pendant lequel cet agent ne peut pas se consacrer \u00e0 ses missions habituelles.<\/p>\n<p>    <img   decoding=\"async\" loading=\"lazy\" class=\"size-large\" src=\"https:\/\/www.europesays.com\/fr\/wp-content\/uploads\/2025\/10\/0f21029d7dd86e231029d7dd896310v-960x640.jpg\" alt=\"Un agent se charge de d\u00e9couper les bonbonnes pour pouvoir enfin les recycler.\" width=\"960\" height=\"640\"\/><br \/>\n    Un agent se charge de d\u00e9couper les bonbonnes pour pouvoir enfin les recycler. \u00a9Ville d\u2019Elbeuf<\/p>\n<p class=\" wall-content\">\u00ab \u00c0 la fin, on a un <b>d\u00e9chet enti\u00e8rement recycl\u00e9<\/b>, donc c\u2019est positif, mais c\u2019est une grosse charge de travail en plus qu\u2019il n\u2019y avait pas il y a quelques ann\u00e9es. Si \u00e7a continue comme \u00e7a, il va falloir se poser des vraies questions, surtout pour la sant\u00e9 publique \u00bb, conclut le responsable des espaces publics.<\/p>\n<p class=\" wall-content\">Personnalisez votre actualit\u00e9 en ajoutant vos villes et m\u00e9dias en favori avec <a href=\"https:\/\/moncompte.actu.fr\" title=\"D\u00e9couvez Mon Actu\" rel=\"nofollow noopener\" data-trk=\"{&quot;cta&quot;:{&quot;action&quot;:&quot;https:\\\/\\\/moncompte.actu.fr&quot;,&quot;category&quot;:&quot;mon compte&quot;,&quot;from&quot;:&quot;article footer&quot;,&quot;name&quot;:&quot;Mon actu&quot;,&quot;type&quot;:&quot;cta&quot;}}\" target=\"_blank\">Mon Actu<\/a>.<\/p>\n","protected":false},"excerpt":{"rendered":"Par Aur\u00e9lien Delavaud Publi\u00e9 le 1 oct. 2025 \u00e0 21h16 C\u2019est un v\u00e9ritable probl\u00e8me de sant\u00e9 publique, depuis&hellip;\n","protected":false},"author":2,"featured_media":431898,"comment_status":"","ping_status":"","sticky":false,"template":"","format":"standard","meta":{"footnotes":""},"categories":[9587],"tags":[1111,11,3008,1777,674,1011,27,12,5161,3887,25,9590,71,104],"class_list":{"0":"post-431897","1":"post","2":"type-post","3":"status-publish","4":"format-standard","5":"has-post-thumbnail","7":"category-rouen","8":"tag-actu","9":"tag-actualites","10":"tag-dechets","11":"tag-eu","12":"tag-europe","13":"tag-fr","14":"tag-france","15":"tag-news","16":"tag-normandie","17":"tag-recyclage","18":"tag-republique-francaise","19":"tag-rouen","20":"tag-sante","21":"tag-societe"},"share_on_mastodon":{"url":"https:\/\/pubeurope.com\/@fr\/115300656442167282","error":""},"_links":{"self":[{"href":"https:\/\/www.europesays.com\/fr\/wp-json\/wp\/v2\/posts\/431897","targetHints":{"allow":["GET"]}}],"collection":[{"href":"https:\/\/www.europesays.com\/fr\/wp-json\/wp\/v2\/posts"}],"about":[{"href":"https:\/\/www.europesays.com\/fr\/wp-json\/wp\/v2\/types\/post"}],"author":[{"embeddable":true,"href":"https:\/\/www.europesays.com\/fr\/wp-json\/wp\/v2\/users\/2"}],"replies":[{"embeddable":true,"href":"https:\/\/www.europesays.com\/fr\/wp-json\/wp\/v2\/comments?post=431897"}],"version-history":[{"count":0,"href":"https:\/\/www.europesays.com\/fr\/wp-json\/wp\/v2\/posts\/431897\/revisions"}],"wp:featuredmedia":[{"embeddable":true,"href":"https:\/\/www.europesays.com\/fr\/wp-json\/wp\/v2\/media\/431898"}],"wp:attachment":[{"href":"https:\/\/www.europesays.com\/fr\/wp-json\/wp\/v2\/media?parent=431897"}],"wp:term":[{"taxonomy":"category","embeddable":true,"href":"https:\/\/www.europesays.com\/fr\/wp-json\/wp\/v2\/categories?post=431897"},{"taxonomy":"post_tag","embeddable":true,"href":"https:\/\/www.europesays.com\/fr\/wp-json\/wp\/v2\/tags?post=431897"}],"curies":[{"name":"wp","href":"https:\/\/api.w.org\/{rel}","templated":true}]}}