{"id":43190,"date":"2025-04-22T05:26:09","date_gmt":"2025-04-22T05:26:09","guid":{"rendered":"https:\/\/www.europesays.com\/fr\/43190\/"},"modified":"2025-04-22T05:26:09","modified_gmt":"2025-04-22T05:26:09","slug":"poutine-evoque-de-possibles-consultations-bilaterales-avec-lukraine","status":"publish","type":"post","link":"https:\/\/www.europesays.com\/fr\/43190\/","title":{"rendered":"Poutine \u00e9voque de possibles consultations bilat\u00e9rales avec l\u2019Ukraine\u2026"},"content":{"rendered":"<p> \u00abAu moins, \u00e7a a \u00e9t\u00e9 un peu plus calme\u00a0\u00bb\u2026 La tr\u00eave de P\u00e2ques d\u00e9cr\u00e9t\u00e9e par la Russie a renforc\u00e9 la lassitude des Ukrainiens, m\u00eame si certains ont appr\u00e9ci\u00e9 une relative accalmie apr\u00e8s plus de trois ann\u00e9es d\u2019invasion russe. \u00ab\u00a0Je voulais vraiment que \u00e7a marche\u00a0\u00bb, t\u00e9moigne \u00e0 Kiev Svitlana, une comptable de 65 ans qui n\u2019a pas donn\u00e9 son nom. \u00ab\u00a0\u00c7a n\u2019a pas \u00e9t\u00e9 le cas, mais au moins \u00e7\u2019a \u00e9t\u00e9 un peu plus calme. Les gens ont pu faire b\u00e9nir les g\u00e2teaux de P\u00e2ques et aller \u00e0 l\u2019\u00e9glise\u00a0\u00bb.<\/p>\n<p>\u00ab\u00a0Je pense que Poutine fait les yeux doux aux Etats-Unis\u00a0: \u00ab\u00a0Regardez, je suis un mec tellement sympa\u00a0\u00bb\u00a0\u00bb, estime-t-elle alors que le pr\u00e9sident am\u00e9ricain Donald Trump esp\u00e8re depuis des semaines pouvoir mettre un terme \u00e0 l\u2019invasion russe \u00e0 grande \u00e9chelle de l\u2019Ukraine, d\u00e9clench\u00e9e en f\u00e9vrier\u00a02022. Le pr\u00e9sident russe Vladimir Poutine a ordonn\u00e9 samedi \u00e0 ses troupes de \u00ab\u00a0cesser toutes les hostilit\u00e9s\u00a0\u00bb pour une p\u00e9riode de 30 heures allant jusqu\u2019\u00e0 minuit entre dimanche et lundi.<\/p>\n<p>M\u00eame si les deux camps ont fait \u00e9tat d\u2019une diminution des combats, ils se sont mutuellement accus\u00e9s de centaines d\u2019entorses \u00e0 la tr\u00eave pascale. Des alertes aux raids a\u00e9riens ont retenti \u00e0 Kiev peu apr\u00e8s l\u2019annonce de Vladimir Poutine et \u00e0 nouveau d\u00e8s les premi\u00e8res heures de lundi, lorsque la Russie a repris ses attaques de drones.<\/p>\n","protected":false},"excerpt":{"rendered":"\u00abAu moins, \u00e7a a \u00e9t\u00e9 un peu plus calme\u00a0\u00bb\u2026 La tr\u00eave de P\u00e2ques d\u00e9cr\u00e9t\u00e9e par la Russie a&hellip;\n","protected":false},"author":2,"featured_media":43191,"comment_status":"","ping_status":"","sticky":false,"template":"","format":"standard","meta":{"footnotes":""},"categories":[5],"tags":[47,11,75,73,1011,27,131,14,74,12,132,133,135,134,28],"class_list":{"0":"post-43190","1":"post","2":"type-post","3":"status-publish","4":"format-standard","5":"has-post-thumbnail","7":"category-international","8":"tag-actualite","9":"tag-actualites","10":"tag-donald-trump","11":"tag-etats-unis","12":"tag-fr","13":"tag-france","14":"tag-guerre-en-ukraine","15":"tag-international","16":"tag-monde","17":"tag-news","18":"tag-russie","19":"tag-video","20":"tag-vladimir-poutine","21":"tag-volodymyr-zelensky","22":"tag-world"},"share_on_mastodon":{"url":"https:\/\/pubeurope.com\/@fr\/114379960078412695","error":""},"_links":{"self":[{"href":"https:\/\/www.europesays.com\/fr\/wp-json\/wp\/v2\/posts\/43190","targetHints":{"allow":["GET"]}}],"collection":[{"href":"https:\/\/www.europesays.com\/fr\/wp-json\/wp\/v2\/posts"}],"about":[{"href":"https:\/\/www.europesays.com\/fr\/wp-json\/wp\/v2\/types\/post"}],"author":[{"embeddable":true,"href":"https:\/\/www.europesays.com\/fr\/wp-json\/wp\/v2\/users\/2"}],"replies":[{"embeddable":true,"href":"https:\/\/www.europesays.com\/fr\/wp-json\/wp\/v2\/comments?post=43190"}],"version-history":[{"count":0,"href":"https:\/\/www.europesays.com\/fr\/wp-json\/wp\/v2\/posts\/43190\/revisions"}],"wp:featuredmedia":[{"embeddable":true,"href":"https:\/\/www.europesays.com\/fr\/wp-json\/wp\/v2\/media\/43191"}],"wp:attachment":[{"href":"https:\/\/www.europesays.com\/fr\/wp-json\/wp\/v2\/media?parent=43190"}],"wp:term":[{"taxonomy":"category","embeddable":true,"href":"https:\/\/www.europesays.com\/fr\/wp-json\/wp\/v2\/categories?post=43190"},{"taxonomy":"post_tag","embeddable":true,"href":"https:\/\/www.europesays.com\/fr\/wp-json\/wp\/v2\/tags?post=43190"}],"curies":[{"name":"wp","href":"https:\/\/api.w.org\/{rel}","templated":true}]}}