{"id":431901,"date":"2025-10-01T19:53:35","date_gmt":"2025-10-01T19:53:35","guid":{"rendered":"https:\/\/www.europesays.com\/fr\/431901\/"},"modified":"2025-10-01T19:53:35","modified_gmt":"2025-10-01T19:53:35","slug":"les-manifestations-et-perturbations-a-prevoir","status":"publish","type":"post","link":"https:\/\/www.europesays.com\/fr\/431901\/","title":{"rendered":"les manifestations et perturbations \u00e0 pr\u00e9voir"},"content":{"rendered":"<p>Une nouvelle journ\u00e9e de gr\u00e8ve interprofessionnelle a lieu ce jeudi 2\u00a0octobre en Is\u00e8re. Plusieurs manifestations sont pr\u00e9vues dans le Nord et le Sud du d\u00e9partement, tandis que des perturbations sont attendues dans les transports en commun, les \u00e9coles et certains services publics. On fait le point.<\/p>\n<p>  Les manifestations organis\u00e9es<\/p>\n<p>Plusieurs manifestations sont annonc\u00e9es dans le d\u00e9partement. Le matin, dans le Nord-Is\u00e8re\u00a0: \u00e0 Vienne, la mobilisation d\u00e9butera d\u00e8s 9\u00a0h depuis le Champ-de-Mars. \u00c0 Roussillon, le d\u00e9part est pr\u00e9vu \u00e0 9\u00a0h\u00a030, place du Ch\u00e2teau. \u00c0 Bourgoin-Jallieu, les manifestants se r\u00e9uniront \u00e0 10\u00a0h, place de la R\u00e9publique.<\/p>\n<p>L\u2019apr\u00e8s-midi, cap sur le Sud-Is\u00e8re\u00a0: \u00e0 Grenoble, <a href=\"https:\/\/www.ledauphine.com\/social\/2025\/09\/30\/isere-greve-du-2-octobre-nouvelle-journee-d-action-ce-jeudi-a-quoi-faut-il-s-attendre-a-grenoble\" target=\"_blank\" rel=\"noopener\">le rendez-vous est donn\u00e9 \u00e0 14\u00a0h<\/a> \u00e0 l\u2019angle de l\u2019avenue Alsace-Lorraine et du cours Jean-Jaur\u00e8s. <a href=\"https:\/\/www.ledauphine.com\/social\/2025\/09\/30\/continuer-a-mettre-la-pression-une-nouvelle-manifestation-prevue-ce-jeudi\" target=\"_blank\" rel=\"noopener\">\u00c0 Voiron, le cort\u00e8ge partira \u00e0 16\u00a0h\u00a030<\/a> de la place Jacques-Antoine Gau.<\/p>\n<p>  Des perturbations \u00b5\u00e0 pr\u00e9voir<\/p>\n<p>Du c\u00f4t\u00e9 des transports, <a href=\"https:\/\/www.ledauphine.com\/transport\/2025\/10\/01\/isere-greve-du-2-octobre-quelles-perturbations-attendues-sur-le-reseau-de-transports-en-commun\" target=\"_blank\" rel=\"noopener\">de fortes perturbations<\/a> sont \u00e0 pr\u00e9voir sur le r\u00e9seau M r\u00e9so dans l\u2019agglom\u00e9ration grenobloise. Certaines lignes de tram ne circuleront pas ou seulement partiellement, et de nombreuses lignes de bus seront \u00e9galement all\u00e9g\u00e9es. Le retour \u00e0 la normale est pr\u00e9vu vendredi 3\u00a0octobre.<\/p>\n<p>C\u00f4t\u00e9 trains, peu de perturbations sont attendues sur les TGV. Quelques retards ou suppressions pourraient affecter les TER ou les Intercit\u00e9s. Dans les airs, l\u2019impact devrait rester limit\u00e9.<\/p>\n<p>Enfin, les services publics ne seront pas \u00e9pargn\u00e9s. Des \u00e9coles pourraient rester ferm\u00e9es, des services municipaux fonctionner en effectif r\u00e9duit, et des gr\u00e8ves sont possibles dans le secteur hospitalier, selon les \u00e9tablissements.<\/p>\n","protected":false},"excerpt":{"rendered":"Une nouvelle journ\u00e9e de gr\u00e8ve interprofessionnelle a lieu ce jeudi 2\u00a0octobre en Is\u00e8re. Plusieurs manifestations sont pr\u00e9vues dans&hellip;\n","protected":false},"author":2,"featured_media":431902,"comment_status":"","ping_status":"","sticky":false,"template":"","format":"standard","meta":{"footnotes":""},"categories":[9566],"tags":[1111,11,2430,9671,112,1777,674,1011,27,2731,108,12,25,801,2803],"class_list":{"0":"post-431901","1":"post","2":"type-post","3":"status-publish","4":"format-standard","5":"has-post-thumbnail","7":"category-grenoble","8":"tag-actu","9":"tag-actualites","10":"tag-auvergne-rhone-alpes","11":"tag-conflit-social","12":"tag-edition-grenoble-agglomeration","13":"tag-eu","14":"tag-europe","15":"tag-fr","16":"tag-france","17":"tag-grenoble","18":"tag-isere","19":"tag-news","20":"tag-republique-francaise","21":"tag-social","22":"tag-transport"},"share_on_mastodon":{"url":"https:\/\/pubeurope.com\/@fr\/115300663581552432","error":""},"_links":{"self":[{"href":"https:\/\/www.europesays.com\/fr\/wp-json\/wp\/v2\/posts\/431901","targetHints":{"allow":["GET"]}}],"collection":[{"href":"https:\/\/www.europesays.com\/fr\/wp-json\/wp\/v2\/posts"}],"about":[{"href":"https:\/\/www.europesays.com\/fr\/wp-json\/wp\/v2\/types\/post"}],"author":[{"embeddable":true,"href":"https:\/\/www.europesays.com\/fr\/wp-json\/wp\/v2\/users\/2"}],"replies":[{"embeddable":true,"href":"https:\/\/www.europesays.com\/fr\/wp-json\/wp\/v2\/comments?post=431901"}],"version-history":[{"count":0,"href":"https:\/\/www.europesays.com\/fr\/wp-json\/wp\/v2\/posts\/431901\/revisions"}],"wp:featuredmedia":[{"embeddable":true,"href":"https:\/\/www.europesays.com\/fr\/wp-json\/wp\/v2\/media\/431902"}],"wp:attachment":[{"href":"https:\/\/www.europesays.com\/fr\/wp-json\/wp\/v2\/media?parent=431901"}],"wp:term":[{"taxonomy":"category","embeddable":true,"href":"https:\/\/www.europesays.com\/fr\/wp-json\/wp\/v2\/categories?post=431901"},{"taxonomy":"post_tag","embeddable":true,"href":"https:\/\/www.europesays.com\/fr\/wp-json\/wp\/v2\/tags?post=431901"}],"curies":[{"name":"wp","href":"https:\/\/api.w.org\/{rel}","templated":true}]}}