{"id":431906,"date":"2025-10-01T19:56:14","date_gmt":"2025-10-01T19:56:14","guid":{"rendered":"https:\/\/www.europesays.com\/fr\/431906\/"},"modified":"2025-10-01T19:56:14","modified_gmt":"2025-10-01T19:56:14","slug":"marche-de-noel-de-strasbourg-ledition-2025-fermera-ses-portes-le-24-decembre","status":"publish","type":"post","link":"https:\/\/www.europesays.com\/fr\/431906\/","title":{"rendered":"March\u00e9 de No\u00ebl de Strasbourg. L\u2019\u00e9dition 2025 fermera ses portes le 24 d\u00e9cembre"},"content":{"rendered":"<p>L\u2019\u00e9dition 2025 du march\u00e9 de No\u00ebl de Strasbourg revient \u00e0 des dates \u201cnormales\u201d ou habituelles. L\u2019\u00e9v\u00e9nement <a href=\"https:\/\/www.dna.fr\/culture-loisirs\/2025\/01\/24\/marche-de-noel-3-4-millions-de-visiteurs-en-2024-une-legere-progression-encore-par-rapport-a-2023\" target=\"_blank\" rel=\"noopener\">aux 3,4 millions de visiteurs<\/a> ouvrira ses portes le mercredi 26 novembre pour se terminer le mercredi 24 d\u00e9cembre. L\u2019\u00e9dition pr\u00e9c\u00e9dente avait en effet \u00e9t\u00e9 quelque peu chamboul\u00e9e par les c\u00e9r\u00e9monies de c\u00e9l\u00e9bration du 80e anniversaire de la lib\u00e9ration de la capitale alsacienne, le samedi 23 novembre 2024. Le march\u00e9 avait ouvert ses portes le mercredi 27 novembre pour les fermer plus tard que d\u2019habitude, le 27 d\u00e9cembre. <a href=\"https:\/\/www.dna.fr\/culture-loisirs\/2024\/12\/26\/l-ouverture-des-24-et-25-decembre-plebiscitee-par-les-commercants-et-visiteurs\" target=\"_blank\" rel=\"noopener\">Les rues de la \u201ccapitale de No\u00ebl\u201d avaient donc fait le plein les 25 et 26<\/a> , m\u00eame si, parce que ces deux jours sont f\u00e9ri\u00e9s en Alsace, certains commer\u00e7ants avaient ferm\u00e9 leurs chalets.<\/p>\n<p>  Que les forces de l\u2019ordre soufflent un peu<\/p>\n<p>La fermeture le 24 d\u00e9cembre, outre le fait qu\u2019elle respecte la tradition, va aussi permettre aux forces de l\u2019ordre de souffler un peu. Gendarmes, policiers (municipaux comme nationaux) sont sur les dents pendant toute la dur\u00e9e du march\u00e9, et pas question de baisser la garde. Le march\u00e9 de No\u00ebl strasbourgeois est un \u00e9v\u00e9nement sensible, marqu\u00e9, faut-il le rappeler, par l\u2019attentat du 11 d\u00e9cembre 2018 qui avait fait cinq morts.<\/p>\n<p>Les forces de l\u2019ordre seront donc davantage disponibles \u00e0 la fin d\u00e9cembre pour \u00ab faire leur travail classique \u00bb dans les quartiers, explique une source bien inform\u00e9e. L\u2019ann\u00e9e derni\u00e8re, des ph\u00e9nom\u00e8nes de violences urbaines avaient \u00e9t\u00e9 observ\u00e9s \u00e0 Strasbourg plusieurs jours avant le 31 d\u00e9cembre et la nuit de la Saint-Sylvestre.<\/p>\n<p>Lors d\u2019\u00e9ditions pr\u00e9c\u00e9dentes, outre celle de 2024, les dates de fin du march\u00e9 de No\u00ebl avaient d\u00e9j\u00e0 \u00e9t\u00e9 pouss\u00e9es plus loin, certains march\u00e9s restants ouverts plus tardivement que celui, \u201chistorique\u201d, de la place Broglie, o\u00f9 l\u2019on fermait les \u00e9ventaires d\u00e8s le 24 d\u00e9cembre.<\/p>\n","protected":false},"excerpt":{"rendered":"L\u2019\u00e9dition 2025 du march\u00e9 de No\u00ebl de Strasbourg revient \u00e0 des dates \u201cnormales\u201d ou habituelles. L\u2019\u00e9v\u00e9nement aux 3,4&hellip;\n","protected":false},"author":2,"featured_media":431907,"comment_status":"","ping_status":"","sticky":false,"template":"","format":"standard","meta":{"footnotes":""},"categories":[2820],"tags":[1111,11,2389,1687,33,2880,1777,674,3326,107,1011,27,775,2089,12,2661,25,640,2879,602],"class_list":{"0":"post-431906","1":"post","2":"type-post","3":"status-publish","4":"format-standard","5":"has-post-thumbnail","7":"category-strasbourg","8":"tag-actu","9":"tag-actualites","10":"tag-alsace","11":"tag-culture-loisirs","12":"tag-economie","13":"tag-edition-strasbourg","14":"tag-eu","15":"tag-europe","16":"tag-fete-locale","17":"tag-fil-info","18":"tag-fr","19":"tag-france","20":"tag-grand-est","21":"tag-marche","22":"tag-news","23":"tag-patrimoine-culturel","24":"tag-republique-francaise","25":"tag-strasbourg","26":"tag-strasbourg-ville","27":"tag-tourisme"},"share_on_mastodon":{"url":"https:\/\/pubeurope.com\/@fr\/115300675410602201","error":""},"_links":{"self":[{"href":"https:\/\/www.europesays.com\/fr\/wp-json\/wp\/v2\/posts\/431906","targetHints":{"allow":["GET"]}}],"collection":[{"href":"https:\/\/www.europesays.com\/fr\/wp-json\/wp\/v2\/posts"}],"about":[{"href":"https:\/\/www.europesays.com\/fr\/wp-json\/wp\/v2\/types\/post"}],"author":[{"embeddable":true,"href":"https:\/\/www.europesays.com\/fr\/wp-json\/wp\/v2\/users\/2"}],"replies":[{"embeddable":true,"href":"https:\/\/www.europesays.com\/fr\/wp-json\/wp\/v2\/comments?post=431906"}],"version-history":[{"count":0,"href":"https:\/\/www.europesays.com\/fr\/wp-json\/wp\/v2\/posts\/431906\/revisions"}],"wp:featuredmedia":[{"embeddable":true,"href":"https:\/\/www.europesays.com\/fr\/wp-json\/wp\/v2\/media\/431907"}],"wp:attachment":[{"href":"https:\/\/www.europesays.com\/fr\/wp-json\/wp\/v2\/media?parent=431906"}],"wp:term":[{"taxonomy":"category","embeddable":true,"href":"https:\/\/www.europesays.com\/fr\/wp-json\/wp\/v2\/categories?post=431906"},{"taxonomy":"post_tag","embeddable":true,"href":"https:\/\/www.europesays.com\/fr\/wp-json\/wp\/v2\/tags?post=431906"}],"curies":[{"name":"wp","href":"https:\/\/api.w.org\/{rel}","templated":true}]}}