{"id":431912,"date":"2025-10-01T19:59:11","date_gmt":"2025-10-01T19:59:11","guid":{"rendered":"https:\/\/www.europesays.com\/fr\/431912\/"},"modified":"2025-10-01T19:59:11","modified_gmt":"2025-10-01T19:59:11","slug":"a-nice-son-nom-donne-a-une-place-fait-polemique-elle-est-tres-symbolique","status":"publish","type":"post","link":"https:\/\/www.europesays.com\/fr\/431912\/","title":{"rendered":"\u00e0 Nice, son nom donn\u00e9 \u00e0 une place fait pol\u00e9mique, elle est tr\u00e8s symbolique"},"content":{"rendered":"<p class=\"app_entry_lead\">\n<p>                    <a title=\"\u00a0\u00a9\u00a0SYSPEO\/SIPA (publi\u00e9e le 01\/10\/2025)\" href=\"https:\/\/www.europesays.com\/fr\/wp-content\/uploads\/2025\/10\/80946560.jpg\" class=\"fancy\"><\/p>\n<p>                            <img loading=\"lazy\" decoding=\"async\" src=\"https:\/\/www.europesays.com\/fr\/wp-content\/uploads\/2025\/10\/80946560.jpg\" alt=\"Condamnation de Nicolas Sarkozy\u00a0: \u00e0 Nice, son nom donn\u00e9 \u00e0 une place fait pol\u00e9mique, elle est tr\u00e8s symbolique\" width=\"1500\" height=\"999\"\/><\/p>\n<p>                    <\/a><\/p>\n<p>                Christian Estrosi, maire de Nice, a d\u00e9cid\u00e9 de donner le nom \u00ab\u00a0Nicolas Sarkozy\u00a0\u00bb \u00e0 un parvis symbolique, ce qui n&rsquo;est pas du go\u00fbt des oppositions au Conseil municipal.<\/p>\n<p>\u00catre condamn\u00e9 dans l&rsquo;affaire des financements libyens (il a fait appel) ne l&#8217;emp\u00eache pas d&rsquo;\u00eatre encore estim\u00e9 par de nombreux hommes politiques, dont <a href=\"https:\/\/www.linternaute.com\/actualite\/biographie\/1776684-resultat-de-christian-estrosi-aux-municipales-nettement-en-tete-selon-les-premiers-scores\/\" title=\"Christian Estrosi\" target=\"_blank\" rel=\"noopener\">Christian Estrosi<\/a>, maire (Horizons) de Nice. Il a propos\u00e9 de donner le nom \u00ab\u00a0Nicolas Sarkozy\u00a0\u00bb \u00e0 une place tr\u00e8s symbolique. Une id\u00e9e valid\u00e9e par le Conseil municipal ce mercredi 1er octobre,\u00a0moins d&rsquo;une semaine apr\u00e8s la d\u00e9cision du tribunal&#8230; et en pr\u00e9sence de Louis Sarkozy, fils de l&rsquo;ancien pr\u00e9sident, assis sur le banc du public.<\/p>\n<p>\u00ab\u00a0J&rsquo;ai d\u00e9cid\u00e9 de donner le nom de <a href=\"https:\/\/www.linternaute.com\/actualite\/biographie\/1776364-nicolas-sarkozy-une-proximite-genante-avec-macron\/\" title=\"Nicolas Sarkozy\" target=\"_blank\" rel=\"noopener\">Nicolas Sarkozy<\/a> au futur parvis de notre H\u00f4tel des polices municipales et nationales\u00a0\u00bb, a \u00e9crit le maire de Nice. Un hommage \u00e0 \u00ab\u00a0un homme d&rsquo;\u00c9tat qui a toujours soutenu notre ville\u00a0\u00bb. Le nom du parvis o\u00f9 si\u00e8geront les forces de l&rsquo;ordre portera donc le nom d&rsquo;un homme condamn\u00e9 pour \u00ab\u00a0association de malfaiteurs\u00a0\u00bb &#8211; fait que Nicolas Sarkozy conteste, et pour lequel il a fait appel. Par ailleurs, lors de son mandat entre 2007 et 2012, plus de 13.000 postes de forces de l&rsquo;ordre, membres de la police nationale ou de la gendarmerie, ont \u00e9t\u00e9 supprim\u00e9s, selon un <a href=\"https:\/\/www.assemblee-nationale.fr\/14\/budget\/plf2015\/b2260-tIII-a43.asp#P652_64235\" target=\"_blank\" rel=\"noopener\">rapport parlementaire<\/a> publi\u00e9 en octobre 2014.<\/p>\n<p>\u00ab\u00a0Le chef-d&rsquo;\u0153uvre de l&rsquo;absurde\u00a0\u00bb<\/p>\n<p>Christian Estrosi justifie le choix du nom de Nicolas Sarkozy comme \u00ab\u00a0l&rsquo;occasion de saluer l&rsquo;action d\u00e9terminante qu&rsquo;il a men\u00e9e, d&rsquo;abord comme ministre de l&rsquo;Int\u00e9rieur puis comme pr\u00e9sident de la R\u00e9publique, en faisant de la s\u00e9curit\u00e9 une priorit\u00e9 nationale\u00a0\u00bb. La pr\u00e9sidente du tribunal qui a condamn\u00e9 en premi\u00e8re instance l&rsquo;ancien pr\u00e9sident a pourtant insist\u00e9 sur la gravit\u00e9 des faits, qui sont \u00ab\u00a0de nature \u00e0 alt\u00e9rer la confiance des citoyens\u00a0\u00bb. Le maire de <a href=\"https:\/\/www.linternaute.com\/ville\/nice\/ville-06088\" title=\"Nice\" target=\"_blank\" rel=\"noopener\">Nice<\/a> n&rsquo;\u00e9voque pas la condamnation de l&rsquo;ancien pr\u00e9sident. Apr\u00e8s l&rsquo;annonce de la d\u00e9cision du tribunal, il avait toutefois post\u00e9 sur le r\u00e9seau X un message de soutien \u00e0 son \u00ab\u00a0ami\u00a0\u00bb, \u00ab\u00a0celui que je consid\u00e8re comme un fr\u00e8re\u00a0\u00bb.<\/p>\n<p>\u00ab\u00a0Donner le nom de Sarkozy [au parvis d&rsquo;un commissariat], c&rsquo;est comme si on donnait \u00e0 une caserne de pompier le nom d&rsquo;un pyromane\u00a0\u00bb, a r\u00e9agi aupr\u00e8s de <a href=\"https:\/\/www.nicematin.com\/societe\/politique\/le-parvis-nicolas-sarkozy-fait-polemique-au-conseil-municipal-de-nice-la-candidate-ecologiste-fait-une-comparaison-osee-10650032\" target=\"_blank\" rel=\"noopener\">Nice-Matin<\/a>\u00a0Juliette Chesnel-Le Roux, cheffe de file de l&rsquo;opposition \u00e9colo et t\u00eate de liste PS-PCF-Les \u00c9cologistes aux \u00e9lections municipales de 2026. Elle estime m\u00eame que c&rsquo;est \u00ab\u00a0le chef-d&rsquo;\u0153uvre de l&rsquo;absurde\u00a0\u00bb. Les gauches, dont les \u00c9cologistes, ont vot\u00e9 contre la proposition de donner le nom de l&rsquo;ancien pr\u00e9sident au parvis lors du Conseil municipal.<\/p>\n","protected":false},"excerpt":{"rendered":"Christian Estrosi, maire de Nice, a d\u00e9cid\u00e9 de donner le nom \u00ab\u00a0Nicolas Sarkozy\u00a0\u00bb \u00e0 un parvis symbolique, ce&hellip;\n","protected":false},"author":2,"featured_media":431913,"comment_status":"","ping_status":"","sticky":false,"template":"","format":"standard","meta":{"footnotes":""},"categories":[2819],"tags":[1111,11,55979,51761,1777,674,51763,1011,27,12,2401,51767,316,882,25],"class_list":{"0":"post-431912","1":"post","2":"type-post","3":"status-publish","4":"format-standard","5":"has-post-thumbnail","7":"category-nice","8":"tag-actu","9":"tag-actualites","10":"tag-cms-linternaute-8931693","11":"tag-controller-content","12":"tag-eu","13":"tag-europe","14":"tag-format-papier","15":"tag-fr","16":"tag-france","17":"tag-news","18":"tag-nice","19":"tag-parallaxeinfeed","20":"tag-politique","21":"tag-provence-alpes-cote-dazur","22":"tag-republique-francaise"},"share_on_mastodon":{"url":"https:\/\/pubeurope.com\/@fr\/115300687333257949","error":""},"_links":{"self":[{"href":"https:\/\/www.europesays.com\/fr\/wp-json\/wp\/v2\/posts\/431912","targetHints":{"allow":["GET"]}}],"collection":[{"href":"https:\/\/www.europesays.com\/fr\/wp-json\/wp\/v2\/posts"}],"about":[{"href":"https:\/\/www.europesays.com\/fr\/wp-json\/wp\/v2\/types\/post"}],"author":[{"embeddable":true,"href":"https:\/\/www.europesays.com\/fr\/wp-json\/wp\/v2\/users\/2"}],"replies":[{"embeddable":true,"href":"https:\/\/www.europesays.com\/fr\/wp-json\/wp\/v2\/comments?post=431912"}],"version-history":[{"count":0,"href":"https:\/\/www.europesays.com\/fr\/wp-json\/wp\/v2\/posts\/431912\/revisions"}],"wp:featuredmedia":[{"embeddable":true,"href":"https:\/\/www.europesays.com\/fr\/wp-json\/wp\/v2\/media\/431913"}],"wp:attachment":[{"href":"https:\/\/www.europesays.com\/fr\/wp-json\/wp\/v2\/media?parent=431912"}],"wp:term":[{"taxonomy":"category","embeddable":true,"href":"https:\/\/www.europesays.com\/fr\/wp-json\/wp\/v2\/categories?post=431912"},{"taxonomy":"post_tag","embeddable":true,"href":"https:\/\/www.europesays.com\/fr\/wp-json\/wp\/v2\/tags?post=431912"}],"curies":[{"name":"wp","href":"https:\/\/api.w.org\/{rel}","templated":true}]}}