{"id":431916,"date":"2025-10-01T20:01:18","date_gmt":"2025-10-01T20:01:18","guid":{"rendered":"https:\/\/www.europesays.com\/fr\/431916\/"},"modified":"2025-10-01T20:01:18","modified_gmt":"2025-10-01T20:01:18","slug":"fc-nantes-premier-contrat-pro-pour-tylel-tati-sport","status":"publish","type":"post","link":"https:\/\/www.europesays.com\/fr\/431916\/","title":{"rendered":"FC Nantes. Premier contrat pro pour Tylel Tati . Sport"},"content":{"rendered":"<p>Une formation acc\u00e9l\u00e9r\u00e9e. Tylel Tati, qui a rejoint le FC Nantes en 2023 en provenance de l\u2019INF Clairefontaine, a sign\u00e9 son premier contrat pro avec le FC Nantes.<\/p>\n<p><strong>PODCAST.<\/strong>\u00a0<a href=\"https:\/\/www.ouest-france.fr\/sport\/football\/fc-nantes\/podcast-fc-nantes-le-nul-a-toulouse-les-choix-de-castro-et-brest-au-menu-de-sans-controle-7e61c59e-9dfe-11f0-b8c9-cb434b3a2a4e\" target=\"_blank\" rel=\"noopener\">FC Nantes\u00a0: le nul \u00e0 Toulouse, les choix de Castro et Brest au menu de Sans Contr\u00f4le<\/a><\/p>\n<p>\u00c2g\u00e9 de 17\u00a0ans, le grand d\u00e9fenseur central (1,92\u00a0m) a sign\u00e9 un bail de trois ans, avec une option jusqu\u2019en juin\u00a02030. Luis Castro, gu\u00e8re convaincu par la recrue serbe Uros Radakovic, en a fait un titulaire en ce d\u00e9but de saison. Le gaucher a disput\u00e9 l\u2019int\u00e9gralit\u00e9 des six premiers matches de Ligue 1 (un carton jaune et un penalty provoqu\u00e9 face \u00e0 Rennes).<\/p>\n<p><strong>Lire aussi.<\/strong>\u00a0<a href=\"https:\/\/nantes.maville.com\/sport\/detail_-fc-nantes.-qui-est-tylel-tati-ce-jeune-de-17-ans-appele-dans-le-groupe-pro-pour-la-reprise-_8-6878012_actu.Htm\" target=\"_blank\" rel=\"noopener\">Qui est Tylel Tati, ce jeune de 17\u00a0ans, appel\u00e9 dans le groupe pro pour la reprise\u00a0?<\/a><\/p>\n<p>Le natif de Champigny-sur-Marne (Val-de-Marne) compte d\u00e9j\u00e0 516\u00a0minutes de jeu au sein de l\u2019\u00e9lite pour sa d\u00e9couverte de la Ligue 1.<\/p>\n<p>\u00a0<\/p>\n","protected":false},"excerpt":{"rendered":"Une formation acc\u00e9l\u00e9r\u00e9e. Tylel Tati, qui a rejoint le FC Nantes en 2023 en provenance de l\u2019INF Clairefontaine,&hellip;\n","protected":false},"author":2,"featured_media":431917,"comment_status":"","ping_status":"","sticky":false,"template":"","format":"standard","meta":{"footnotes":""},"categories":[2818],"tags":[1111,11,3809,1465,1777,674,63,1011,27,1792,1922,766,12,2636,25,6689,479,517,1470,9693],"class_list":{"0":"post-431916","1":"post","2":"type-post","3":"status-publish","4":"format-standard","5":"has-post-thumbnail","7":"category-nantes","8":"tag-actu","9":"tag-actualites","10":"tag-ball","11":"tag-basket","12":"tag-eu","13":"tag-europe","14":"tag-football","15":"tag-fr","16":"tag-france","17":"tag-handball","18":"tag-info","19":"tag-nantes","20":"tag-news","21":"tag-pays-de-la-loire","22":"tag-republique-francaise","23":"tag-roche","24":"tag-rugby","25":"tag-sport","26":"tag-volley","27":"tag-yon"},"share_on_mastodon":{"url":"https:\/\/pubeurope.com\/@fr\/115300695009612003","error":""},"_links":{"self":[{"href":"https:\/\/www.europesays.com\/fr\/wp-json\/wp\/v2\/posts\/431916","targetHints":{"allow":["GET"]}}],"collection":[{"href":"https:\/\/www.europesays.com\/fr\/wp-json\/wp\/v2\/posts"}],"about":[{"href":"https:\/\/www.europesays.com\/fr\/wp-json\/wp\/v2\/types\/post"}],"author":[{"embeddable":true,"href":"https:\/\/www.europesays.com\/fr\/wp-json\/wp\/v2\/users\/2"}],"replies":[{"embeddable":true,"href":"https:\/\/www.europesays.com\/fr\/wp-json\/wp\/v2\/comments?post=431916"}],"version-history":[{"count":0,"href":"https:\/\/www.europesays.com\/fr\/wp-json\/wp\/v2\/posts\/431916\/revisions"}],"wp:featuredmedia":[{"embeddable":true,"href":"https:\/\/www.europesays.com\/fr\/wp-json\/wp\/v2\/media\/431917"}],"wp:attachment":[{"href":"https:\/\/www.europesays.com\/fr\/wp-json\/wp\/v2\/media?parent=431916"}],"wp:term":[{"taxonomy":"category","embeddable":true,"href":"https:\/\/www.europesays.com\/fr\/wp-json\/wp\/v2\/categories?post=431916"},{"taxonomy":"post_tag","embeddable":true,"href":"https:\/\/www.europesays.com\/fr\/wp-json\/wp\/v2\/tags?post=431916"}],"curies":[{"name":"wp","href":"https:\/\/api.w.org\/{rel}","templated":true}]}}