{"id":431922,"date":"2025-10-01T20:04:09","date_gmt":"2025-10-01T20:04:09","guid":{"rendered":"https:\/\/www.europesays.com\/fr\/431922\/"},"modified":"2025-10-01T20:04:09","modified_gmt":"2025-10-01T20:04:09","slug":"toulouse-mal-gare-le-conducteur-ivre-avait-aussi-une-arme-prete-a-tirer-sur-lui","status":"publish","type":"post","link":"https:\/\/www.europesays.com\/fr\/431922\/","title":{"rendered":"Toulouse. Mal gar\u00e9, le conducteur ivre avait aussi une arme pr\u00eate \u00e0 tirer sur lui"},"content":{"rendered":"<p>            Par<br \/>\n        <strong><br \/>\n            <a href=\"https:\/\/actu.fr\/auteur\/lucie-2\" title=\"Consulter tous les articles de Lucie Fraisse\" target=\"_blank\" rel=\"noopener\">Lucie Fraisse<\/a><br \/>\n        <\/strong><\/p>\n<p>        Publi\u00e9 le<\/p>\n<p>            1 oct. 2025 \u00e0 19h15        <\/p>\n<p>Les faits se sont d\u00e9roul\u00e9s <strong>route de Launaguet<\/strong>, dimanche 28 septembre 2025, \u00e0 <a href=\"https:\/\/actu.fr\/toulouse\/\" target=\"_blank\" rel=\"noopener\">Toulouse<\/a>. Ce jour-l\u00e0, les policiers de la BST nord remarquent un v\u00e9hicule mal gar\u00e9. La suite va les surprendre.<\/p>\n<p>Alcool\u00e9mie \u00e9lev\u00e9e<\/p>\n<p class=\" wall-content\">Quand ils s\u2019approchent du v\u00e9hicule, un homme vient \u00e0 leur rencontre pour tenter d\u2019expliquer pourquoi sa voiture est mal gar\u00e9e. Les policiers comprennent tr\u00e8s vite qu\u2019il est fortement alcoolis\u00e9. Et pour cause : les tests r\u00e9v\u00e8leront une alcool\u00e9mie \u00e0 <strong>2,20 g par litre de sang<\/strong>. Pour rappel, la limite pour prendre le volant est fix\u00e9e \u00e0 0,5g par litre de sang.<\/p>\n<p>    <a href=\"https:\/\/www.google.com\/maps\/embed?pb=!1m18!1m12!1m3!1d5774.114140932277!2d1.4366267746640446!3d43.64698095283533!2m3!1f0!2f0!3f0!3m2!1i1024!2i768!4f13.1!3m3!1m2!1s0x12aea4a1f00dac8f%3A0xdb0e02c9536bf4b4!2sRte%20de%20Launaguet!5e0!3m2!1sfr!2sfr!4v1759248827643!5m2!1sfr!2sfr\" title=\"Ouvrie le lien\" target=\"_blank\" rel=\"noopener\">Cliquez ici pour visualiser le contenu<\/a><\/p>\n<p>Revolver charg\u00e9<\/p>\n<p class=\" wall-content\">Lors de son interpellation, les policiers proc\u00e8dent aussi \u00e0 une palpation. Et d\u00e9couvrent avec stupeur que l\u2019homme porte un revolver charg\u00e9 de 10 cartouches, pr\u00eat \u00e0 \u00eatre utilis\u00e9. Il justifie la pr\u00e9sence de l\u2019arme par le fait <strong>qu\u2019il \u00ab\u00a0se sent menac\u00e9\u00a0\u00bb.<\/strong><\/p>\n<p class=\" wall-content\">L\u2019homme, qui n\u2019a pas de permis de port d\u2019arme, a \u00e9t\u00e9 plac\u00e9 en garde \u00e0 vue. \u00c2g\u00e9 d\u2019une trentaine d\u2019ann\u00e9es, il a \u00e9t\u00e9 pr\u00e9sent\u00e9 \u00e0 la justice dans le cadre d\u2019une comparution imm\u00e9diate le mercredi 1\u1d49\u02b3 octobre 2025.<\/p>\n<p class=\" wall-content\">Personnalisez votre actualit\u00e9 en ajoutant vos villes et m\u00e9dias en favori avec <a href=\"https:\/\/moncompte.actu.fr\" title=\"D\u00e9couvez Mon Actu\" rel=\"nofollow noopener\" data-trk=\"{&quot;cta&quot;:{&quot;action&quot;:&quot;https:\\\/\\\/moncompte.actu.fr&quot;,&quot;category&quot;:&quot;mon compte&quot;,&quot;from&quot;:&quot;article footer&quot;,&quot;name&quot;:&quot;Mon actu&quot;,&quot;type&quot;:&quot;cta&quot;}}\" target=\"_blank\">Mon Actu<\/a>.<\/p>\n","protected":false},"excerpt":{"rendered":"Par Lucie Fraisse Publi\u00e9 le 1 oct. 2025 \u00e0 19h15 Les faits se sont d\u00e9roul\u00e9s route de Launaguet,&hellip;\n","protected":false},"author":2,"featured_media":326039,"comment_status":"","ping_status":"","sticky":false,"template":"","format":"standard","meta":{"footnotes":""},"categories":[2816],"tags":[1111,11,1777,674,118,1011,27,12,2680,1072,25,2312],"class_list":{"0":"post-431922","1":"post","2":"type-post","3":"status-publish","4":"format-standard","5":"has-post-thumbnail","7":"category-toulouse","8":"tag-actu","9":"tag-actualites","10":"tag-eu","11":"tag-europe","12":"tag-faits-divers","13":"tag-fr","14":"tag-france","15":"tag-news","16":"tag-occitanie","17":"tag-police","18":"tag-republique-francaise","19":"tag-toulouse"},"share_on_mastodon":{"url":"https:\/\/pubeurope.com\/@fr\/115300706947679398","error":""},"_links":{"self":[{"href":"https:\/\/www.europesays.com\/fr\/wp-json\/wp\/v2\/posts\/431922","targetHints":{"allow":["GET"]}}],"collection":[{"href":"https:\/\/www.europesays.com\/fr\/wp-json\/wp\/v2\/posts"}],"about":[{"href":"https:\/\/www.europesays.com\/fr\/wp-json\/wp\/v2\/types\/post"}],"author":[{"embeddable":true,"href":"https:\/\/www.europesays.com\/fr\/wp-json\/wp\/v2\/users\/2"}],"replies":[{"embeddable":true,"href":"https:\/\/www.europesays.com\/fr\/wp-json\/wp\/v2\/comments?post=431922"}],"version-history":[{"count":0,"href":"https:\/\/www.europesays.com\/fr\/wp-json\/wp\/v2\/posts\/431922\/revisions"}],"wp:featuredmedia":[{"embeddable":true,"href":"https:\/\/www.europesays.com\/fr\/wp-json\/wp\/v2\/media\/326039"}],"wp:attachment":[{"href":"https:\/\/www.europesays.com\/fr\/wp-json\/wp\/v2\/media?parent=431922"}],"wp:term":[{"taxonomy":"category","embeddable":true,"href":"https:\/\/www.europesays.com\/fr\/wp-json\/wp\/v2\/categories?post=431922"},{"taxonomy":"post_tag","embeddable":true,"href":"https:\/\/www.europesays.com\/fr\/wp-json\/wp\/v2\/tags?post=431922"}],"curies":[{"name":"wp","href":"https:\/\/api.w.org\/{rel}","templated":true}]}}