{"id":431927,"date":"2025-10-01T20:07:19","date_gmt":"2025-10-01T20:07:19","guid":{"rendered":"https:\/\/www.europesays.com\/fr\/431927\/"},"modified":"2025-10-01T20:07:19","modified_gmt":"2025-10-01T20:07:19","slug":"devant-le-tribunal-un-ambulancier-avoue-finalement-avoir-tue-un-pieton-sur-la25","status":"publish","type":"post","link":"https:\/\/www.europesays.com\/fr\/431927\/","title":{"rendered":"Devant le tribunal, un ambulancier avoue finalement avoir tu\u00e9 un pi\u00e9ton sur l&rsquo;A25"},"content":{"rendered":"<p class=\"mb-4 text-lg md:leading-8 break-words\"><strong>Proc\u00e8s &#8211; Le suspect, d\u00e9j\u00e0 connu de la justice, conduisait sans permis dans l\u2019ambulance en pr\u00e9sence de son fils, au moment de la collision mortelle \u00e0 la sortie de Lille, le 27\u00a0octobre 2024<\/strong><\/p>\n<p class=\"mb-4 text-lg md:leading-8 break-words\">Il a finalement avou\u00e9. L\u2019<a href=\"https:\/\/www.20minutes.fr\/dossier\/ambulance?at_medium=RSS%20feed&amp;at_campaign=ynews&amp;utm_source=yahoo&amp;utm_medium=rss&amp;utm_campaign=news_feed&amp;utm_content=in_article_link\" rel=\"nofollow noopener\" target=\"_blank\" data-ylk=\"slk:ambulancier;elm:context_link;itc:0;sec:content-canvas\" class=\"link \">ambulancier <\/a>soup\u00e7onn\u00e9 d\u2019avoir mortellement percut\u00e9 une personne sur l&rsquo;A25 comparaissait ce mercredi devant le tribunal correctionnel de <a href=\"https:\/\/www.20minutes.fr\/lille\/?at_medium=RSS%20feed&amp;at_campaign=ynews&amp;utm_source=yahoo&amp;utm_medium=rss&amp;utm_campaign=news_feed&amp;utm_content=in_article_link\" rel=\"nofollow noopener\" target=\"_blank\" data-ylk=\"slk:Lille;elm:context_link;itc:0;sec:content-canvas\" class=\"link \">Lille<\/a>. L\u2019homme \u00e2g\u00e9 de 38 ans a finalement reconnu les faits devant les juges, rapporte <a href=\"https:\/\/www.francebleu.fr\/infos\/faits-divers-justice\/devant-le-tribunal-de-lille-l-ambulancier-avoue-avoir-tue-un-pieton-sur-l-a25-1106669?at_medium=RSS%20feed&amp;at_campaign=ynews&amp;utm_source=yahoo&amp;utm_medium=rss&amp;utm_campaign=news_feed&amp;utm_content=in_article_link\" rel=\"nofollow noopener\" target=\"_blank\" data-ylk=\"slk:France Bleu;elm:context_link;itc:0;sec:content-canvas\" class=\"link \">France Bleu<\/a>. Le dimanche 27\u00a0octobre 2024, en fin d\u2019apr\u00e8s-midi, une ambulance avait percut\u00e9 un homme au milieu des voies \u00e0 la jonction entre les autoroutes <a href=\"https:\/\/www.20minutes.fr\/dossier\/a1?at_medium=RSS%20feed&amp;at_campaign=ynews&amp;utm_source=yahoo&amp;utm_medium=rss&amp;utm_campaign=news_feed&amp;utm_content=in_article_link\" rel=\"nofollow noopener\" target=\"_blank\" data-ylk=\"slk:A1;elm:context_link;itc:0;sec:content-canvas\" class=\"link \">A1<\/a> et A25, \u00e0 la sortie de Lille, avant de prendre la fuite. Le conducteur a \u00e9t\u00e9 arr\u00eat\u00e9 gr\u00e2ce \u00e0 des appels \u00e0 <a href=\"https:\/\/www.20minutes.fr\/dossier\/temoins?at_medium=RSS%20feed&amp;at_campaign=ynews&amp;utm_source=yahoo&amp;utm_medium=rss&amp;utm_campaign=news_feed&amp;utm_content=in_article_link\" rel=\"nofollow noopener\" target=\"_blank\" data-ylk=\"slk:t\u00e9moin;elm:context_link;itc:0;sec:content-canvas\" class=\"link \">t\u00e9moin<\/a>, pr\u00e9cise le site Internet d\u2019information locale.<\/p>\n<p>Sans permis de conduire<\/p>\n<p class=\"mb-4 text-lg md:leading-8 break-words\">\u00ab\u00a0Je suis coupable. Je suis coupable d\u2019homicide involontaire\u00a0\u00bb, a lanc\u00e9 le suspect d\u00e8s le d\u00e9but de son proc\u00e8s, apr\u00e8s avoir ni\u00e9 \u00e0 plusieurs reprises \u00eatre responsable, d\u00e9taille France Bleu. A l\u2019\u00e9poque, il travaillait sept jours sur sept mais ce dimanche, profitant d\u2019une journ\u00e9e de repos, il embarque son fils pour faire un tour d\u2019ambulance. Rappel\u00e9 par son patron, le conducteur est contraint de reconduire le v\u00e9hicule pour les \u00e9quipes de nuit. \u00ab\u00a0J\u2019ai roul\u00e9 vite, j\u2019ai acc\u00e9l\u00e9r\u00e9, j\u2019ai mis les gyrophares et oui j\u2019ai touch\u00e9 le monsieur\u00a0\u00bb, a-t-il avou\u00e9, d\u00e9veloppe France Bleu.<\/p>\n<p class=\"mb-4 text-lg md:leading-8 break-words\">Selon les enqu\u00eateurs, l\u2019ambulancier roulait \u00e0 122 kilom\u00e8tres\/heure lors de l\u2019impact au lieu des 70 kilom\u00e8tres\/heures autoris\u00e9s et\u2026 sans permis de conduire. D\u00e9j\u00e0 connu de la justice, l\u2019homme risque jusqu\u2019\u00e0 10 ans d\u2019emprisonnement. Le procureur a requis \u00ab\u00a0cinq ans de prison avec mandat de d\u00e9p\u00f4t, cinq ans d\u2019interdiction de conduire un v(&#8230;)<\/p>\n<p class=\"mb-4 text-lg md:leading-8 break-words\"><a href=\"https:\/\/www.20minutes.fr\/justice\/4176543-20251001-lille-devant-tribunal-ambulancier-avoue-finalement-avoir-tue-pieton-a25?at_medium=RSS%20feed&amp;at_campaign=ynews&amp;utm_source=yahoo&amp;utm_medium=rss&amp;utm_campaign=news_feed&amp;utm_content=read_more_link&quot;\" rel=\"nofollow noopener\" target=\"_blank\" data-ylk=\"slk:Lire la suite sur 20minutes;elm:context_link;itc:0;sec:content-canvas\" class=\"link \">Lire la suite sur 20minutes<\/a><\/p>\n<p>\u00c0 lire aussi :<br \/><a href=\"https:\/\/www.20minutes.fr\/faits_divers\/4171644-20250907-alsace-jeune-14-ans-meurt-apres-avoir-percute-passage-pieton?at_medium=RSS%20feed&amp;at_campaign=ynews&amp;utm_source=yahoo&amp;utm_medium=rss&amp;utm_campaign=news_feed&amp;utm_content=related_content_link\" rel=\"nofollow noopener\" target=\"_blank\" data-ylk=\"slk:Alsace\u00a0: Un jeune de 14 ans meurt apr\u00e8s avoir \u00e9t\u00e9 percut\u00e9 sur un passage pi\u00e9ton;elm:context_link;itc:0;sec:content-canvas\" class=\"link \">Alsace\u00a0: Un jeune de 14 ans meurt apr\u00e8s avoir \u00e9t\u00e9 percut\u00e9 sur un passage pi\u00e9ton<\/a><br \/><a href=\"https:\/\/www.20minutes.fr\/faits_divers\/4171653-20250907-normandie-deuxieme-pieton-decede-apres-avoir-fauche-accidentellement?at_medium=RSS%20feed&amp;at_campaign=ynews&amp;utm_source=yahoo&amp;utm_medium=rss&amp;utm_campaign=news_feed&amp;utm_content=related_content_link\" rel=\"nofollow noopener\" target=\"_blank\" data-ylk=\"slk:Normandie\u00a0: Un deuxi\u00e8me pi\u00e9ton est d\u00e9c\u00e9d\u00e9 apr\u00e8s avoir \u00e9t\u00e9 fauch\u00e9 accidentellement;elm:context_link;itc:0;sec:content-canvas\" class=\"link \">Normandie\u00a0: Un deuxi\u00e8me pi\u00e9ton est d\u00e9c\u00e9d\u00e9 apr\u00e8s avoir \u00e9t\u00e9 fauch\u00e9 accidentellement<\/a><\/p>\n","protected":false},"excerpt":{"rendered":"Proc\u00e8s &#8211; Le suspect, d\u00e9j\u00e0 connu de la justice, conduisait sans permis dans l\u2019ambulance en pr\u00e9sence de son&hellip;\n","protected":false},"author":2,"featured_media":431928,"comment_status":"","ping_status":"","sticky":false,"template":"","format":"standard","meta":{"footnotes":""},"categories":[2815],"tags":[1111,11,1777,674,1011,27,38839,811,1307,23437,12,25,20834],"class_list":{"0":"post-431927","1":"post","2":"type-post","3":"status-publish","4":"format-standard","5":"has-post-thumbnail","7":"category-lille","8":"tag-actu","9":"tag-actualites","10":"tag-eu","11":"tag-europe","12":"tag-fr","13":"tag-france","14":"tag-france-bleu","15":"tag-hauts-de-france","16":"tag-lille","17":"tag-mandat-de-depot","18":"tag-news","19":"tag-republique-francaise","20":"tag-son-fils"},"share_on_mastodon":{"url":"https:\/\/pubeurope.com\/@fr\/115300718705721104","error":""},"_links":{"self":[{"href":"https:\/\/www.europesays.com\/fr\/wp-json\/wp\/v2\/posts\/431927","targetHints":{"allow":["GET"]}}],"collection":[{"href":"https:\/\/www.europesays.com\/fr\/wp-json\/wp\/v2\/posts"}],"about":[{"href":"https:\/\/www.europesays.com\/fr\/wp-json\/wp\/v2\/types\/post"}],"author":[{"embeddable":true,"href":"https:\/\/www.europesays.com\/fr\/wp-json\/wp\/v2\/users\/2"}],"replies":[{"embeddable":true,"href":"https:\/\/www.europesays.com\/fr\/wp-json\/wp\/v2\/comments?post=431927"}],"version-history":[{"count":0,"href":"https:\/\/www.europesays.com\/fr\/wp-json\/wp\/v2\/posts\/431927\/revisions"}],"wp:featuredmedia":[{"embeddable":true,"href":"https:\/\/www.europesays.com\/fr\/wp-json\/wp\/v2\/media\/431928"}],"wp:attachment":[{"href":"https:\/\/www.europesays.com\/fr\/wp-json\/wp\/v2\/media?parent=431927"}],"wp:term":[{"taxonomy":"category","embeddable":true,"href":"https:\/\/www.europesays.com\/fr\/wp-json\/wp\/v2\/categories?post=431927"},{"taxonomy":"post_tag","embeddable":true,"href":"https:\/\/www.europesays.com\/fr\/wp-json\/wp\/v2\/tags?post=431927"}],"curies":[{"name":"wp","href":"https:\/\/api.w.org\/{rel}","templated":true}]}}