{"id":431929,"date":"2025-10-01T20:08:11","date_gmt":"2025-10-01T20:08:11","guid":{"rendered":"https:\/\/www.europesays.com\/fr\/431929\/"},"modified":"2025-10-01T20:08:11","modified_gmt":"2025-10-01T20:08:11","slug":"a-marseille-lattractivite-de-notre-territoire-au-coeur-dun-forum","status":"publish","type":"post","link":"https:\/\/www.europesays.com\/fr\/431929\/","title":{"rendered":"\u00e0 Marseille, l&rsquo;attractivit\u00e9 de notre territoire au c\u0153ur d&rsquo;un forum"},"content":{"rendered":"<p>\u00ab\u00a0Aller \u00e0 la rencontre des entreprises exog\u00e8nes\u00a0\u00bb<\/p>\n<p>Renforcer l&rsquo;attractivit\u00e9 \u00e9conomique du territoire, <a href=\"https:\/\/www.laprovence.com\/article\/economie\/1747292508996216\/provence-promotion-seduit-les-investisseurs\" target=\"_blank\" rel=\"noopener\">c&rsquo;est la mission de Provence Promotion<\/a>. \u00ab\u00a0Nous allons \u00e0 la rencontre des entreprises exog\u00e8nes \u00e0 notre territoire, qu&rsquo;elles soient \u00e9trang\u00e8res ou fran\u00e7aises, pour les \u00e9couter et apporter des r\u00e9ponses \u00e0 leurs questions quand elles ont un projet que nous pouvons accompagner. Nous sommes aujourd&rsquo;hui un interlocuteur bien identifi\u00e9 par la communaut\u00e9 des entreprises \u00e9trang\u00e8res\u00a0\u00bb, pr\u00e9cise son directeur Philippe St\u00e9fanini, qui \u00e9gr\u00e8ne quelques r\u00e9sultats\u00a0: 80\u00a0investissements en moyenne par an pour 1\u00a0600 \u00e0 2\u00a0200\u00a0nouveaux postes de travail, des relations renforc\u00e9es en Inde, aux \u00c9tats-Unis, en Chine et dans les pays du Golfe.<\/p>\n<p>Ce jeudi matin, les grands t\u00e9moins participant aux tables-rondes, dont deux anim\u00e9es par <a href=\"https:\/\/www.laprovence.com\/\" target=\"_blank\" rel=\"noopener\">La\u00a0Provence<\/a> sur l&rsquo;eau et les hubs portuaires, reviendront sur les \u00e9changes entre Marseille et le monde \u00e9conomique \u00e0 l&rsquo;\u00e9tranger. L&rsquo;occasion d&rsquo;aborder les atouts de notre r\u00e9gion et les enjeux \u00e0 travailler absolument.<\/p>\n","protected":false},"excerpt":{"rendered":"\u00ab\u00a0Aller \u00e0 la rencontre des entreprises exog\u00e8nes\u00a0\u00bb Renforcer l&rsquo;attractivit\u00e9 \u00e9conomique du territoire, c&rsquo;est la mission de Provence Promotion.&hellip;\n","protected":false},"author":2,"featured_media":431930,"comment_status":"","ping_status":"","sticky":false,"template":"","format":"standard","meta":{"footnotes":""},"categories":[2814],"tags":[17,1111,11,6521,2837,33,1777,674,1011,27,17679,884,12,14455,882,25,11280],"class_list":{"0":"post-431929","1":"post","2":"type-post","3":"status-publish","4":"format-standard","5":"has-post-thumbnail","7":"category-marseille","8":"tag-17","9":"tag-actu","10":"tag-actualites","11":"tag-coeur","12":"tag-dun","13":"tag-economie","14":"tag-eu","15":"tag-europe","16":"tag-fr","17":"tag-france","18":"tag-lattractivite","19":"tag-marseille","20":"tag-news","21":"tag-notre","22":"tag-provence-alpes-cote-dazur","23":"tag-republique-francaise","24":"tag-territoire"},"share_on_mastodon":{"url":"https:\/\/pubeurope.com\/@fr\/115300722616348633","error":""},"_links":{"self":[{"href":"https:\/\/www.europesays.com\/fr\/wp-json\/wp\/v2\/posts\/431929","targetHints":{"allow":["GET"]}}],"collection":[{"href":"https:\/\/www.europesays.com\/fr\/wp-json\/wp\/v2\/posts"}],"about":[{"href":"https:\/\/www.europesays.com\/fr\/wp-json\/wp\/v2\/types\/post"}],"author":[{"embeddable":true,"href":"https:\/\/www.europesays.com\/fr\/wp-json\/wp\/v2\/users\/2"}],"replies":[{"embeddable":true,"href":"https:\/\/www.europesays.com\/fr\/wp-json\/wp\/v2\/comments?post=431929"}],"version-history":[{"count":0,"href":"https:\/\/www.europesays.com\/fr\/wp-json\/wp\/v2\/posts\/431929\/revisions"}],"wp:featuredmedia":[{"embeddable":true,"href":"https:\/\/www.europesays.com\/fr\/wp-json\/wp\/v2\/media\/431930"}],"wp:attachment":[{"href":"https:\/\/www.europesays.com\/fr\/wp-json\/wp\/v2\/media?parent=431929"}],"wp:term":[{"taxonomy":"category","embeddable":true,"href":"https:\/\/www.europesays.com\/fr\/wp-json\/wp\/v2\/categories?post=431929"},{"taxonomy":"post_tag","embeddable":true,"href":"https:\/\/www.europesays.com\/fr\/wp-json\/wp\/v2\/tags?post=431929"}],"curies":[{"name":"wp","href":"https:\/\/api.w.org\/{rel}","templated":true}]}}