{"id":431931,"date":"2025-10-01T20:09:22","date_gmt":"2025-10-01T20:09:22","guid":{"rendered":"https:\/\/www.europesays.com\/fr\/431931\/"},"modified":"2025-10-01T20:09:22","modified_gmt":"2025-10-01T20:09:22","slug":"a-marseille-le-quotidien-dune-ecole-elementaire-bouscule-par-des-toxicomanes","status":"publish","type":"post","link":"https:\/\/www.europesays.com\/fr\/431931\/","title":{"rendered":"\u00e0 Marseille, le quotidien d\u2019une \u00e9cole \u00e9l\u00e9mentaire bouscul\u00e9 par des toxicomanes"},"content":{"rendered":"<p><strong>T\u00c9MOIGNAGE<\/strong> &#8211; Les junkies n\u2019h\u00e9sitent plus \u00e0 se piquer \u00e0 l\u2019entr\u00e9e de cet \u00e9tablissement aux 200 \u00e9l\u00e8ves, o\u00f9 de nombreuses seringues sont retrouv\u00e9es chaque semaine. La situation t\u00e9tanise les parents et le personnel de l\u2019\u00e9cole.<\/p>\n<p class=\"fig-paragraph\">\u00abJe vois les consommateurs de drogue tous les jours, ils sont compl\u00e8tement d\u00e9fonc\u00e9s et ils nous regardent mal. On ose \u00e0 peine les approcher, de peur de se faire piquer\u00bb, souffle une habitu\u00e9e de l\u2019\u00e9cole \u00e9l\u00e9mentaire Maurice Korsec, boulevers\u00e9e par ce triste spectacle qui mine l\u2019\u00e9tablissement public du 1er arrondissement de Marseille.<\/p>\n<p class=\"fig-paragraph\">Voil\u00e0 plusieurs mois que les abords de l\u2019\u00e9cole sont investis par des toxicomanes qui n\u2019h\u00e9sitent plus \u00e0 se droguer en plein air. Une situation d\u00e9j\u00e0\u00a0<a href=\"http:\/\/www.lefigaro.fr\/marseille\/des-aiguilles-a-10-metres-de-la-porte-a-marseille-des-seringues-usagees-retrouvees-en-face-d-une-ecole-primaire-20240905\" data-fig-type=\"NewsFlash\" data-gtm-custom-categorie=\"navigation\" data-gtm-custom-action=\"crossclick\" data-gtm-custom-label=\"Contextuel\" data-gtm-event=\"customEventSPE\" data-fig-domain=\"LEFIGARO\" rel=\"nofollow noopener\" target=\"_blank\">relat\u00e9e dans nos colonnes en septembre 2024\u00a0<\/a>et qui avait indign\u00e9 jusqu\u2019au sommet de la mairie. \u00abQuelle honte d\u2019avoir laiss\u00e9 des seringues devant l\u2019\u00e9cole. Je suis ulc\u00e9r\u00e9, c\u2019est inacceptable\u00bb, avait r\u00e9agi Beno\u00eet Payan aupr\u00e8s du Figaro.<\/p>\n<p class=\"fig-slideshow__title\">\n                    Une \u00e9cole marseillaise min\u00e9e par des toxicomanes\n                <\/p>\n<p>Acc\u00e9der au diaporama (3)<\/p>\n<p>                                    <a class=\"fig-a11y-skip a11y-hidden\" href=\"#fig-a11y-skip-main-inarticle\"><br \/>\n        Passer la publicit\u00e9<br \/>\n    <\/a><\/p>\n<p class=\"fig-paragraph\">Mais depuis, rien n\u2019a chang\u00e9. Des seringues sont d\u00e9sormais retrouv\u00e9es chaque semaine juste devant l\u2019\u00e9cole, qui accueille 200 \u00e9l\u00e8ves r\u00e9partis dans 17 classes. \u00abDerni\u00e8rement, une seringue a m\u00eame \u00e9t\u00e9 trouv\u00e9e dans la biblioth\u00e8que de l\u2019\u00e9tablissement. Le personnel de l\u2019\u00e9cole est oblig\u00e9 d\u2019enjamber ces d\u00e9chets. Heureusement, des agents ramassent tout dans la matin\u00e9e, mais cela devient grave et fait tr\u00e8s peur\u00bb, assure l\u2019habitu\u00e9e des lieux, inqui\u00e8te du devenir de son quartier.<\/p>\n<p class=\"fig-paragraph\">\u00abCe sont des jeunes tr\u00e8s agressifs qui boivent, se droguent et insultent tous ceux qui passent. Le chef d\u2019\u00e9tablissement est exasp\u00e9r\u00e9 par ce climat et la direction a inform\u00e9 un repr\u00e9sentant de la Ville de Marseille. Il en va de la s\u00e9curit\u00e9 des enfants\u00bb, poursuit cette personne en \u00e9voquant les cons\u00e9quences de la toxicomanie \u00e0 grande \u00e9chelle dans le centre de la deuxi\u00e8me ville de France.<\/p>\n<blockquote class=\"fig-quote&#10;    \">\n<p class=\"fig-quote__text\">La situation est catastrophique dans le 1er arrondissement. C\u2019est de pire en pire et je n\u2019avais pas connu \u00e7a du tout il y a quelques ann\u00e9es<\/p>\n<p>            Une habitu\u00e9e du quartier\n    <\/p><\/blockquote>\n<p class=\"fig-paragraph\">\u00abLa situation est catastrophique dans le 1er arrondissement. C\u2019est de pire en pire et je n\u2019avais pas connu \u00e7a du tout il y a quelques ann\u00e9es. J\u2019envisage de d\u00e9m\u00e9nager car on est vraiment dans l\u2019ins\u00e9curit\u00e9 la plus totale\u00bb, souffle cette source, dont le t\u00e9moignage fait \u00e9cho \u00e0 la volont\u00e9 des services de l\u2019\u00c9tat de\u00a0<a href=\"http:\/\/www.lefigaro.fr\/marseille\/on-s-enfonce-dans-un-gouffre-le-deal-et-les-toxicomanes-s-installent-dans-le-centre-ville-de-marseille-20241205\" data-fig-type=\"NewsFlash\" data-gtm-custom-categorie=\"navigation\" data-gtm-custom-action=\"crossclick\" data-gtm-custom-label=\"Contextuel\" data-gtm-event=\"customEventSPE\" data-fig-domain=\"LEFIGARO\" rel=\"nofollow noopener\" target=\"_blank\">chasser les stup\u00e9fiants de l\u2019hypercentre de Marseille<\/a>. Le pr\u00e9fet des Bouches-du-Rh\u00f4ne, Georges-Fran\u00e7ois Leclerc, avait confirm\u00e9 jeudi dernier son souhait d\u2019<a href=\"http:\/\/www.lefigaro.fr\/marseille\/marseille-le-prefet-pointe-la-surrepresentation-des-etrangers-en-situation-irreguliere-dans-les-actes-de-la-delinquance-20250925\" data-fig-type=\"NewsFlash\" data-gtm-custom-categorie=\"navigation\" data-gtm-custom-action=\"crossclick\" data-gtm-custom-label=\"Contextuel\" data-gtm-event=\"customEventSPE\" data-fig-domain=\"LEFIGARO\" rel=\"nofollow noopener\" target=\"_blank\">investir le centre de la cit\u00e9 phoc\u00e9enne pour \u00abd\u00e9stabiliser\u00bb les trafics et leurs r\u00e9seaux<\/a>.<\/p>\n<p class=\"fig-paragraph\">\u00abL\u2019\u00e9cole doit \u00eatre un sanctuaire et les enfants ainsi que les enseignants n\u2019ont pas \u00e0 baigner dans cet environnement\u00bb, mart\u00e8le Catherine Pila, pr\u00e9sidente du groupe d\u2019opposition \u00e0 droite du conseil municipal Une volont\u00e9 pour Marseille (UVPM). Celle qui est \u00e9galement directrice d\u2019\u00e9cole suit le cas de Maurice Korsec de pr\u00e8s, alertant d\u00e9j\u00e0 la mairie centrale l\u2019an pass\u00e9. \u00abJe suis vraiment en col\u00e8re devant la minimisation des faits par la mairie. Il faut une pr\u00e9sence accrue de policiers municipaux et une prise de conscience s\u00e9v\u00e8re du maire et de ses adjoints\u00bb, ajoute l\u2019\u00e9lue en soutenant que les parents d\u2019\u00e9l\u00e8ves \u00e9taient \u00aben saturation\u00bb.<\/p>\n<p>Pas de salle de shoot dans le centre-ville<\/p>\n<p class=\"fig-paragraph\">Sollicit\u00e9e, la Ville de Marseille indique \u00abfaire le constat\u00bb de l\u2019augmentation des usagers de drogues et de la pr\u00e9sence accrue de seringues sur la voie publique. \u00abLa Ville a d\u00e9cid\u00e9 de renforcer les moyens qu\u2019elle d\u00e9ploie pour leur ramassage. Ainsi, elle a augment\u00e9 de 700% le financement octroy\u00e9 au march\u00e9 public pass\u00e9 avec le prestataire sp\u00e9cialis\u00e9 charg\u00e9 de la collecte du mat\u00e9riel utilis\u00e9 pour l\u2019injection ou l\u2019inhalation\u00bb, assure-t-elle.<\/p>\n<p>                                    <a class=\"fig-a11y-skip a11y-hidden\" href=\"#fig-a11y-skip-main-inarticle_mtf\"><br \/>\n        Passer la publicit\u00e9<br \/>\n    <\/a><\/p>\n<p class=\"fig-paragraph\">\u00abLa Ville de Marseille maintient son soutien aux associations allant \u00e0 la rencontre des usagers de drogues par des subventions d\u2019un montant total de 105.000\u20ac par an. En tout, ce sont 205.000\u20ac qui sont mobilis\u00e9s par la municipalit\u00e9 pour r\u00e9pondre \u00e0 cet enjeu qui est avant tout un enjeu de sant\u00e9 publique\u00bb, ajoute la mairie, alors m\u00eame que le pr\u00e9fet vient de s\u2019opposer \u00e0 l\u2019<a href=\"http:\/\/www.lefigaro.fr\/marseille\/marseille-le-procureur-de-la-republique-se-dit-favorable-a-une-salle-de-shoot-20250805\" data-fig-type=\"NewsFlash\" data-gtm-custom-categorie=\"navigation\" data-gtm-custom-action=\"crossclick\" data-gtm-custom-label=\"Contextuel\" data-gtm-event=\"customEventSPE\" data-fig-domain=\"LEFIGARO\" rel=\"nofollow noopener\" target=\"_blank\">ouverture d\u2019une salle de shoot dans le centre-ville<\/a>.<\/p>\n","protected":false},"excerpt":{"rendered":"T\u00c9MOIGNAGE &#8211; Les junkies n\u2019h\u00e9sitent plus \u00e0 se piquer \u00e0 l\u2019entr\u00e9e de cet \u00e9tablissement aux 200 \u00e9l\u00e8ves, o\u00f9&hellip;\n","protected":false},"author":2,"featured_media":431932,"comment_status":"","ping_status":"","sticky":false,"template":"","format":"standard","meta":{"footnotes":""},"categories":[2814],"tags":[1111,11,1052,1122,1777,674,1011,27,884,12,882,25],"class_list":{"0":"post-431931","1":"post","2":"type-post","3":"status-publish","4":"format-standard","5":"has-post-thumbnail","7":"category-marseille","8":"tag-actu","9":"tag-actualites","10":"tag-drogue","11":"tag-ecole","12":"tag-eu","13":"tag-europe","14":"tag-fr","15":"tag-france","16":"tag-marseille","17":"tag-news","18":"tag-provence-alpes-cote-dazur","19":"tag-republique-francaise"},"share_on_mastodon":{"url":"https:\/\/pubeurope.com\/@fr\/115300726546324492","error":""},"_links":{"self":[{"href":"https:\/\/www.europesays.com\/fr\/wp-json\/wp\/v2\/posts\/431931","targetHints":{"allow":["GET"]}}],"collection":[{"href":"https:\/\/www.europesays.com\/fr\/wp-json\/wp\/v2\/posts"}],"about":[{"href":"https:\/\/www.europesays.com\/fr\/wp-json\/wp\/v2\/types\/post"}],"author":[{"embeddable":true,"href":"https:\/\/www.europesays.com\/fr\/wp-json\/wp\/v2\/users\/2"}],"replies":[{"embeddable":true,"href":"https:\/\/www.europesays.com\/fr\/wp-json\/wp\/v2\/comments?post=431931"}],"version-history":[{"count":0,"href":"https:\/\/www.europesays.com\/fr\/wp-json\/wp\/v2\/posts\/431931\/revisions"}],"wp:featuredmedia":[{"embeddable":true,"href":"https:\/\/www.europesays.com\/fr\/wp-json\/wp\/v2\/media\/431932"}],"wp:attachment":[{"href":"https:\/\/www.europesays.com\/fr\/wp-json\/wp\/v2\/media?parent=431931"}],"wp:term":[{"taxonomy":"category","embeddable":true,"href":"https:\/\/www.europesays.com\/fr\/wp-json\/wp\/v2\/categories?post=431931"},{"taxonomy":"post_tag","embeddable":true,"href":"https:\/\/www.europesays.com\/fr\/wp-json\/wp\/v2\/tags?post=431931"}],"curies":[{"name":"wp","href":"https:\/\/api.w.org\/{rel}","templated":true}]}}