{"id":431935,"date":"2025-10-01T20:11:30","date_gmt":"2025-10-01T20:11:30","guid":{"rendered":"https:\/\/www.europesays.com\/fr\/431935\/"},"modified":"2025-10-01T20:11:30","modified_gmt":"2025-10-01T20:11:30","slug":"pres-de-100-000-visiteurs-une-edition-record","status":"publish","type":"post","link":"https:\/\/www.europesays.com\/fr\/431935\/","title":{"rendered":"pr\u00e8s de 100\u00a0000 visiteurs, une \u00e9dition record"},"content":{"rendered":"<p>Avec 98\u00a0454 visiteurs accueillis sur cinq jours, soit pr\u00e8s de 30\u00a0% de plus qu\u2019en 2023, le salon a d\u00e9montr\u00e9 sa capacit\u00e9 unique \u00e0 conjuguer une exhaustivit\u00e9 de l\u2019offre automobile avec 55 marques pr\u00e9sentes et un \u00e9v\u00e9nement toujours orient\u00e9 vente, avec l\u2019\u00e9tincelle de la passion automobile sous toutes ses formes.<\/p>\n<p>\u00ab\u00a0Cette \u00e9dition 2025 marque un tournant d\u00e9cisif pour le Salon automobile de Lyon\u00a0\u00bb, explique Anne-Marie Baezner, la directrice du salon.<\/p>\n<p>  \u00ab\u00a0Notre concept \u201cvente et image\u201d fonctionne \u00e0 merveille\u00a0\u00bb<\/p>\n<p>\u00ab\u00a0Notre concept \u201cvente et image\u201d fonctionne \u00e0 merveille pour le plaisir de tous les visiteurs mais aussi pour les exposants. Nous avons su cr\u00e9er cette alchimie subtile qui r\u00e9habilite la passion automobile tout en r\u00e9pondant aux attentes concr\u00e8tes du march\u00e9. Le nombre grandissant de visiteurs et la satisfaction des exposants en sont la preuve\u00a0\u00bb.<\/p>\n<p>Gr\u00e2ce \u00e0 sa formule unique de stands uniformes et harmonieux, le Salon de Lyon a pr\u00e9sent\u00e9 \u00e0 un large public le plus grand panorama de l\u2019industrie automobile actuel. Tous ceux qui comptent dans le secteur \u00e9taient pr\u00e9sents, avec \u00e0 la fois plus de 50 nouveaut\u00e9s d\u00e9voil\u00e9es au grand public et la quasi-int\u00e9gralit\u00e9 des gammes actuelles. Cette exhaustivit\u00e9 a offert aux visiteurs l\u2019occasion de d\u00e9couvrir l <a href=\"https:\/\/www.leprogres.fr\/economie\/2025\/09\/24\/salon-automobile-de-lyon-decouvrez-les-dix-coups-de-coeur-de-la-redaction-du-i-progres-i\" target=\"_blank\" rel=\"nofollow noopener\">es derni\u00e8res innovations<\/a>, mais aussi de toucher, s\u2019asseoir \u00e0 l\u2019int\u00e9rieur, essayer et, in fine, acheter leur nouveau v\u00e9hicule. Ainsi, pr\u00e8s de 2\u00a0400 commandes de v\u00e9hicules neufs et v\u00e9hicules d\u2019occasion, ont \u00e9t\u00e9 enregistr\u00e9es sur le salon, soit une augmentation de 24\u00a0% sur l\u2019\u00e9dition pr\u00e9c\u00e9dente.<\/p>\n<p>  Le rendez-vous est d\u00e9j\u00e0 donn\u00e9 pour l\u2019\u00e9dition 2027<\/p>\n<p><a href=\"https:\/\/www.leprogres.fr\/economie\/2025\/09\/25\/youtubeurs-medias-influenceurs-ils-se-bousculent-au-salon-automobile-de-lyon\" target=\"_blank\" rel=\"nofollow noopener\">La famille automobile \u00e9tait largement repr\u00e9sent\u00e9e<\/a> avec la pr\u00e9sence de plus de 30 dirigeants de marques et constructeurs lors de la c\u00e9r\u00e9monie d\u2019ouverture. Le Salon automobile de Lyon donne d\u2019ores et d\u00e9j\u00e0 rendez-vous du 22 au 26\u00a0septembre 2027 pour une nouvelle \u00e9dition \u00ab\u00a0qui promet de conjuguer encore davantage innovation, \u00e9motion et passion, confirmant Lyon comme un rendez-vous d\u00e9sormais incontournable de l\u2019automobile en Europe\u00a0\u00bb, pr\u00e9cise l\u2019organisation.<\/p>\n","protected":false},"excerpt":{"rendered":"Avec 98\u00a0454 visiteurs accueillis sur cinq jours, soit pr\u00e8s de 30\u00a0% de plus qu\u2019en 2023, le salon a&hellip;\n","protected":false},"author":2,"featured_media":431936,"comment_status":"","ping_status":"","sticky":false,"template":"","format":"standard","meta":{"footnotes":""},"categories":[1889],"tags":[1111,11,646,2430,1687,33,2757,1777,674,107,1685,1011,27,2428,2756,12,25,2429],"class_list":{"0":"post-431935","1":"post","2":"type-post","3":"status-publish","4":"format-standard","5":"has-post-thumbnail","7":"category-lyon","8":"tag-actu","9":"tag-actualites","10":"tag-automobile","11":"tag-auvergne-rhone-alpes","12":"tag-culture-loisirs","13":"tag-economie","14":"tag-edition-lyon-villeurbanne","15":"tag-eu","16":"tag-europe","17":"tag-fil-info","18":"tag-foire-et-salon","19":"tag-fr","20":"tag-france","21":"tag-lyon","22":"tag-lyon-bassin","23":"tag-news","24":"tag-republique-francaise","25":"tag-rhone"},"share_on_mastodon":{"url":"https:\/\/pubeurope.com\/@fr\/115300734373645435","error":""},"_links":{"self":[{"href":"https:\/\/www.europesays.com\/fr\/wp-json\/wp\/v2\/posts\/431935","targetHints":{"allow":["GET"]}}],"collection":[{"href":"https:\/\/www.europesays.com\/fr\/wp-json\/wp\/v2\/posts"}],"about":[{"href":"https:\/\/www.europesays.com\/fr\/wp-json\/wp\/v2\/types\/post"}],"author":[{"embeddable":true,"href":"https:\/\/www.europesays.com\/fr\/wp-json\/wp\/v2\/users\/2"}],"replies":[{"embeddable":true,"href":"https:\/\/www.europesays.com\/fr\/wp-json\/wp\/v2\/comments?post=431935"}],"version-history":[{"count":0,"href":"https:\/\/www.europesays.com\/fr\/wp-json\/wp\/v2\/posts\/431935\/revisions"}],"wp:featuredmedia":[{"embeddable":true,"href":"https:\/\/www.europesays.com\/fr\/wp-json\/wp\/v2\/media\/431936"}],"wp:attachment":[{"href":"https:\/\/www.europesays.com\/fr\/wp-json\/wp\/v2\/media?parent=431935"}],"wp:term":[{"taxonomy":"category","embeddable":true,"href":"https:\/\/www.europesays.com\/fr\/wp-json\/wp\/v2\/categories?post=431935"},{"taxonomy":"post_tag","embeddable":true,"href":"https:\/\/www.europesays.com\/fr\/wp-json\/wp\/v2\/tags?post=431935"}],"curies":[{"name":"wp","href":"https:\/\/api.w.org\/{rel}","templated":true}]}}