{"id":43194,"date":"2025-04-22T05:29:10","date_gmt":"2025-04-22T05:29:10","guid":{"rendered":"https:\/\/www.europesays.com\/fr\/43194\/"},"modified":"2025-04-22T05:29:10","modified_gmt":"2025-04-22T05:29:10","slug":"loire-comment-les-forces-de-police-luttent-contre-les-violences-intrafamiliales","status":"publish","type":"post","link":"https:\/\/www.europesays.com\/fr\/43194\/","title":{"rendered":"Loire. Comment les forces de police luttent contre les violences intrafamiliales"},"content":{"rendered":"<p>Marine Naudin, la cheffe du Service interd\u00e9partemental de la police judiciaire (SIPJ), est cat\u00e9gorique quant \u00e0 la mani\u00e8re dont le commissariat de Saint-\u00c9tienne entend traiter les violences intrafamiliales au quotidien. \u00ab\u00a0C\u2019est clairement une priorit\u00e9. On veut que les mentalit\u00e9s \u00e9voluent\u00a0\u00bb.<\/p>\n<p>Les \u00e9quipages de police secours, primo-intervenants sont form\u00e9s et sensibilis\u00e9s ainsi que tous les services d\u2019investigation. \u00ab\u00a0L\u2019objectif, c\u2019est d\u2019accueillir les victimes dans les meilleures conditions et que les d\u00e9lais soient le plus court possible\u00a0\u00bb, d\u00e9taille la commissaire.<\/p>\n<p>Entre janvier et mars\u00a02025, les forces de police st\u00e9phanoises ont plac\u00e9 pr\u00e8s de soixante personnes en garde \u00e0 vue pour des violences intrafamiliales qui ont d\u00e9bouch\u00e9 sur deux incarc\u00e9rations. \u00ab\u00a0Mais il&#8230;<\/p>\n","protected":false},"excerpt":{"rendered":"Marine Naudin, la cheffe du Service interd\u00e9partemental de la police judiciaire (SIPJ), est cat\u00e9gorique quant \u00e0 la mani\u00e8re&hellip;\n","protected":false},"author":2,"featured_media":43195,"comment_status":"","ping_status":"","sticky":false,"template":"","format":"standard","meta":{"footnotes":""},"categories":[9653],"tags":[1111,11,2430,271,272,7539,1777,674,274,1011,27,3367,12,25,4001,7538,104],"class_list":{"0":"post-43194","1":"post","2":"type-post","3":"status-publish","4":"format-standard","5":"has-post-thumbnail","7":"category-saint-etienne","8":"tag-actu","9":"tag-actualites","10":"tag-auvergne-rhone-alpes","11":"tag-crime","12":"tag-delit-et-contravention","13":"tag-edition-loire-sud","14":"tag-eu","15":"tag-europe","16":"tag-faits-divers-justice","17":"tag-fr","18":"tag-france","19":"tag-loire","20":"tag-news","21":"tag-republique-francaise","22":"tag-saint-etienne","23":"tag-saint-etienne-ville","24":"tag-societe"},"share_on_mastodon":{"url":"https:\/\/pubeurope.com\/@fr\/114379971869473884","error":""},"_links":{"self":[{"href":"https:\/\/www.europesays.com\/fr\/wp-json\/wp\/v2\/posts\/43194","targetHints":{"allow":["GET"]}}],"collection":[{"href":"https:\/\/www.europesays.com\/fr\/wp-json\/wp\/v2\/posts"}],"about":[{"href":"https:\/\/www.europesays.com\/fr\/wp-json\/wp\/v2\/types\/post"}],"author":[{"embeddable":true,"href":"https:\/\/www.europesays.com\/fr\/wp-json\/wp\/v2\/users\/2"}],"replies":[{"embeddable":true,"href":"https:\/\/www.europesays.com\/fr\/wp-json\/wp\/v2\/comments?post=43194"}],"version-history":[{"count":0,"href":"https:\/\/www.europesays.com\/fr\/wp-json\/wp\/v2\/posts\/43194\/revisions"}],"wp:featuredmedia":[{"embeddable":true,"href":"https:\/\/www.europesays.com\/fr\/wp-json\/wp\/v2\/media\/43195"}],"wp:attachment":[{"href":"https:\/\/www.europesays.com\/fr\/wp-json\/wp\/v2\/media?parent=43194"}],"wp:term":[{"taxonomy":"category","embeddable":true,"href":"https:\/\/www.europesays.com\/fr\/wp-json\/wp\/v2\/categories?post=43194"},{"taxonomy":"post_tag","embeddable":true,"href":"https:\/\/www.europesays.com\/fr\/wp-json\/wp\/v2\/tags?post=43194"}],"curies":[{"name":"wp","href":"https:\/\/api.w.org\/{rel}","templated":true}]}}