{"id":431941,"date":"2025-10-01T20:14:16","date_gmt":"2025-10-01T20:14:16","guid":{"rendered":"https:\/\/www.europesays.com\/fr\/431941\/"},"modified":"2025-10-01T20:14:16","modified_gmt":"2025-10-01T20:14:16","slug":"le-troublant-enregistrement-de-cedric-jubillar-trente-trois-heures-apres-la-disparition-de-delphine","status":"publish","type":"post","link":"https:\/\/www.europesays.com\/fr\/431941\/","title":{"rendered":"le troublant enregistrement de C\u00e9dric Jubillar, trente-trois heures apr\u00e8s la disparition de Delphine"},"content":{"rendered":"<p>      lire plus tard<\/p>\n<p id=\"dialog__title\" class=\"dialog__title\">Pour sauvegarder cet article, connectez-vous ou cr\u00e9ez un compte franceinfo<\/p>\n<p class=\"dialog__description\">Sans paiement. Sans abonnement.<\/p>\n<p>        Fermer la fen\u00eatre d\u2019activation des notifications France Info<\/p>\n<p>      cr\u00e9er votre compte<\/p>\n<p>      se connecter<\/p>\n<p>        Fermer la fen\u00eatre de pr\u00e9sentation<\/p>\n<p>    Publi\u00e9 le 01\/10\/2025 21:01<\/p>\n<p>      Mis \u00e0 jour le 01\/10\/2025 22:01<\/p>\n<p>        Temps de lecture : 3min &#8211; vid\u00e9o : 4min<\/p>\n<p>    <img decoding=\"async\" class=\"francetv-player-wrapper__image\" alt=\"Extrait d'un enregistrement diffus\u00e9 au proc\u00e8s de C\u00e9dric Jubillar.\"  width=\"432\" height=\"243\" src=\"https:\/\/www.europesays.com\/fr\/wp-content\/uploads\/2025\/10\/000-76hr768-68dd6f981fc78621302178.jpg\" fetchpriority=\"high\"\/><\/p>\n<p>              Extrait d&rsquo;un enregistrement diffus\u00e9 au proc\u00e8s de C\u00e9dric Jubillar.<br \/>\n                    (FRANCE 2)<\/p>\n<p>      4min<\/p>\n<p>\n  Cet enregistrement a \u00e9t\u00e9 diffus\u00e9 mardi lors du proc\u00e8s. Durant toute la conversation, le peintre-plaquiste parle de sa femme au pass\u00e9.\n<\/p>\n<p>C&rsquo;est un enregistrement in\u00e9dit, <a href=\"https:\/\/www.franceinfo.fr\/faits-divers\/disparition-de-delphine-jubillar\/je-me-suis-vu-dans-un-film-au-proces-de-cedric-jubillar-un-enregistrement-de-l-accuse-surgit-a-l-audience-et-seme-le-trouble_7523638.html\" rel=\"nofollow noopener\" target=\"_blank\">diffus\u00e9 lors du proc\u00e8s<\/a>, mardi 30 septembre : les mots de C\u00e9dric Jubillar, trente-trois heures seulement apr\u00e8s la disparition de sa femme, en d\u00e9cembre 2020. Une conversation priv\u00e9e avec deux proches de Delphine Jubillar-Aussaguel, enregistr\u00e9e \u00e0 son insu. La sc\u00e8ne se passe dans la cuisine de leur maison de Cagnac-les-Mines. Le peintre-plaquiste \u00e9voque alors leur projet de divorce. \u00ab\u00a0On s&rsquo;\u00e9tait donn\u00e9 un mois, un mois et demi, pour sauver le couple (&#8230;) Elle me dit : &lsquo;Non non mais \u00e7a sert \u00e0 rien. De toute fa\u00e7on, ma d\u00e9cision est prise : je suis d\u00e9j\u00e0 tr\u00e8s loin dans ma t\u00eate&rsquo;.\u00a0\u00bb <\/p>\n<p>A la question, \u00ab\u00a0elle avait rencontr\u00e9 quelqu&rsquo;un ?\u00a0\u00bb, C\u00e9dric Jubillar r\u00e9pond : \u00ab\u00a0J&rsquo;en sais rien, j&rsquo;ai des doutes, mais je n&rsquo;ai aucune preuve r\u00e9elle de \u00e7a.\u00a0\u00bb Il compare ensuite leur relation \u00e0 \u00ab\u00a0un couple de colocataires\u00a0\u00bb.<\/p>\n<blockquote class=\"ftvi_content_quote\">\n<p class=\"ftvi_citation_quote\">\u00ab\u00a0On n&rsquo;\u00e9tait l\u00e0 que pour la maison et les enfants, et c&rsquo;est tout.\u00a0\u00bb<\/p>\n<p>C\u00e9dric Jubillar<\/p>\n<p class=\"ftvi_citation_source\">dans un enregistrement diffus\u00e9 lors du proc\u00e8s<\/p>\n<\/blockquote>\n<p>Durant toute la conversation, C\u00e9dric Jubillar parle de sa femme, Delphine, au pass\u00e9. Puis il \u00e9voque son travail, sa maison, reproche \u00e0 Delphine Aussaguel de ne plus s&rsquo;occuper de sa famille. Habilement, les deux hommes l&rsquo;interrogent alors sur le soir de la disparition.<\/p>\n<p>&#8211; \u00ab\u00a0Qu&rsquo;est-ce qu&rsquo;elle avait comme chaussures ? <\/p>\n<p>&#8211; Des esp\u00e8ces de boots, des trucs chauds. <\/p>\n<p>&#8211; Et un jean et sa doudoune blanche d&rsquo;hiver ?<\/p>\n<p>&#8211; Et le pyjama dessous.\u00a0\u00bb<\/p>\n<p>Le cousin s&rsquo;\u00e9tonne alors. Comment C\u00e9dric Jubillar pouvait-il conna\u00eetre sa tenue alors qu&rsquo;il affirme qu&rsquo;il dormait ? L&rsquo;int\u00e9ress\u00e9 se reprend. \u00ab\u00a0Enfin, c&rsquo;est ce que je suppose. Mais moi \u00e0 4h10, moins 10, moins le quart, c&rsquo;est la petite qui m&rsquo;a r\u00e9veill\u00e9 et personne dans le lit. Je me suis dit, elle s&rsquo;est endormie sur le canap\u00e9 (&#8230;) Personne. Bon elle est aux WC ? J&rsquo;ai pas fait gaffe. Salle de bain ? Puis l\u00e0, j&rsquo;ai commenc\u00e9 un peu \u00e0 l&rsquo;appeler. Je fais : &lsquo;T&rsquo;es l\u00e0 ? T&rsquo;es par l\u00e0 ?&rsquo;. Rien.\u00a0\u00bb<\/p>\n<p>Pendant ces 20 minutes de conversation, C\u00e9dric Jubillar n&rsquo;\u00e9voque pas le fait que Delphine Aussaguel puisse \u00eatre en danger. \u00ab\u00a0Ce que dit C\u00e9dric Jubillar (&#8230;) est tout sauf anodin. Il la critique, il dit qu&rsquo;elle ne foutait rien, qu&rsquo;elle ne pr\u00e9parait pas No\u00ebl. Des mots qui, trente-trois heures apr\u00e8s sa disparition, questionnent grandement\u00a0\u00bb, estime Mourad Battikh, l&rsquo;un des avocats de la famille de Delphine Aussaguel.<\/p>\n<p>\u00c0 la fin de l&rsquo;enregistrement, le cousin de Delphine l&rsquo;encourage une derni\u00e8re fois \u00e0 se confier. \u00ab\u00a0Je vais essayer de chercher, je vais essayer de me remotiver, parce que je dois t&rsquo;avouer que je suis dans le n\u00e9ant\u00a0\u00bb, d\u00e9clare C\u00e9dric Jubillar.\u00a0Un des deux hommes lui r\u00e9pond : \u00ab\u00a0Courage, tu sais qu&rsquo;on est l\u00e0\u00a0\u00bb. On entend alors le peintre-plaquiste sangloter.\u00a0<\/p>\n<p>Du c\u00f4t\u00e9 de la d\u00e9fense, les avocats balaient d&rsquo;un revers de main cet enregistrement \u00ab\u00a0pirate\u00a0\u00bb. \u00ab\u00a0Vous avez des personnes qui viennent, qui veulent en savoir plus, qui ont d\u00e9j\u00e0 une certaine conviction, qui posent des questions, ils y r\u00e9pondent et \u00e0 la fin, ils s&rsquo;effondrent dans les bras de ces deux personnes. Chacun pensera ce qu&rsquo;il veut de cet audio\u00a0\u00bb, estime Emmanuelle Franck. Au moment de cet enregistrement, les gendarmes ont d\u00e9j\u00e0 commenc\u00e9 leur enqu\u00eate. Les soup\u00e7ons sur C\u00e9dric Jubillar viendront quelques semaines plus tard.<\/p>\n","protected":false},"excerpt":{"rendered":"lire plus tard Pour sauvegarder cet article, connectez-vous ou cr\u00e9ez un compte franceinfo Sans paiement. Sans abonnement. Fermer&hellip;\n","protected":false},"author":2,"featured_media":431942,"comment_status":"","ping_status":"","sticky":false,"template":"","format":"standard","meta":{"footnotes":""},"categories":[1888],"tags":[1111,1928,11,1927,1777,674,1011,27,12,1926,626,1925,25],"class_list":{"0":"post-431941","1":"post","2":"type-post","3":"status-publish","4":"format-standard","5":"has-post-thumbnail","7":"category-paris","8":"tag-actu","9":"tag-actu-paris","10":"tag-actualites","11":"tag-actualites-paris","12":"tag-eu","13":"tag-europe","14":"tag-fr","15":"tag-france","16":"tag-news","17":"tag-news-paris","18":"tag-paris","19":"tag-paris-news","20":"tag-republique-francaise"},"share_on_mastodon":{"url":"https:\/\/pubeurope.com\/@fr\/115300746802280148","error":""},"_links":{"self":[{"href":"https:\/\/www.europesays.com\/fr\/wp-json\/wp\/v2\/posts\/431941","targetHints":{"allow":["GET"]}}],"collection":[{"href":"https:\/\/www.europesays.com\/fr\/wp-json\/wp\/v2\/posts"}],"about":[{"href":"https:\/\/www.europesays.com\/fr\/wp-json\/wp\/v2\/types\/post"}],"author":[{"embeddable":true,"href":"https:\/\/www.europesays.com\/fr\/wp-json\/wp\/v2\/users\/2"}],"replies":[{"embeddable":true,"href":"https:\/\/www.europesays.com\/fr\/wp-json\/wp\/v2\/comments?post=431941"}],"version-history":[{"count":0,"href":"https:\/\/www.europesays.com\/fr\/wp-json\/wp\/v2\/posts\/431941\/revisions"}],"wp:featuredmedia":[{"embeddable":true,"href":"https:\/\/www.europesays.com\/fr\/wp-json\/wp\/v2\/media\/431942"}],"wp:attachment":[{"href":"https:\/\/www.europesays.com\/fr\/wp-json\/wp\/v2\/media?parent=431941"}],"wp:term":[{"taxonomy":"category","embeddable":true,"href":"https:\/\/www.europesays.com\/fr\/wp-json\/wp\/v2\/categories?post=431941"},{"taxonomy":"post_tag","embeddable":true,"href":"https:\/\/www.europesays.com\/fr\/wp-json\/wp\/v2\/tags?post=431941"}],"curies":[{"name":"wp","href":"https:\/\/api.w.org\/{rel}","templated":true}]}}