{"id":431943,"date":"2025-10-01T20:15:28","date_gmt":"2025-10-01T20:15:28","guid":{"rendered":"https:\/\/www.europesays.com\/fr\/431943\/"},"modified":"2025-10-01T20:15:28","modified_gmt":"2025-10-01T20:15:28","slug":"france-un-album-de-famille-une-exposition-de","status":"publish","type":"post","link":"https:\/\/www.europesays.com\/fr\/431943\/","title":{"rendered":"\u00ab\u00a0France, un album de famille\u00a0\u00bb, une exposition de"},"content":{"rendered":"<p>\n  Depuis plus de trente ans, Yann Arthus-Bertrand photographie les habitants de la France, accompagn\u00e9s de ceux qu&rsquo;ils aiment. Ils posent en compagnie de leurs proches, de leurs coll\u00e8gues ou encore de leurs animaux.\n<\/p>\n<p>  Un projet n\u00e9 dans les ann\u00e9es 90<\/p>\n<p>\n  Depuis plus de trente ans, Yann<br \/>\nArthus-Bertrand photographie les Fran\u00e7ais et ceux qui vivent en France. Qu&rsquo;ils<br \/>\nsoient li\u00e9s par leur m\u00e9tier, leur lieu de vie, leurs loisirs ou leurs croyances,<br \/>\ntous sont captur\u00e9s sur une m\u00eame b\u00e2che en toile de jute, invit\u00e9s \u00e0 rev\u00eatir leur<br \/>\ntenue de travail ou du quotidien. Le photographe r\u00e9alise ainsi des images<br \/>\nsimples et authentiques, utiles pour notre m\u00e9moire commune. C\u2019est en 2023, \u00e0<br \/>\nl\u2019occasion d\u2019une rencontre avec Herv\u00e9 Le Bras, d\u00e9mographe et historien<br \/>\nfran\u00e7ais, que Yann Arthus-Bertrand d\u00e9cide de terminer ce travail photographique<br \/>\net de l\u2019enrichir d\u2019une dimension d\u00e9mographique et p\u00e9dagogique. Entre 2023 et<br \/>\n2025, 75 studios ont \u00e9t\u00e9 r\u00e9alis\u00e9s \u00e0 travers la France, pour mettre en lumi\u00e8re<br \/>\nla diversit\u00e9 des visages qui composent la France d\u2019aujourd\u2019hui.\n<\/p>\n<p>\n  Dans la droite ligne du travail<br \/>\nartistique de Yann Arthus Bertrand, la Fondation GoodPlanet a, depuis 20 ans<br \/>\nimagin\u00e9 et produits plusieurs expositions et projets audiovisuels \u00e0 diffusion<br \/>\nnationale ou internationale. A travers ces productions, la Fondation met en<br \/>\navant la beaut\u00e9 du monde, la diversit\u00e9 des \u00eatres humains, les grands enjeux<br \/>\nenvironnementaux et les solutions individuelles et collectives pour un monde<br \/>\nplus durable et solidaire.\n<\/p>\n<p>\n  C\u2019est dans ce contexte que la<br \/>\nFondation GoodPlanet porte aujourd\u2019hui l\u2019exposition France, un album de<br \/>\nfamille de Yann Arthus-Bertrand. En r\u00e9unissant des portraits venus de tous<br \/>\nhorizons, elle nous rappelle le vivre-ensemble et notre capacit\u00e9 \u00e0 nous unir<br \/>\nface aux grands d\u00e9fis que nous traversons. A travers 150 photographies,<br \/>\nl\u2019exposition propose un portrait lumineux de la France telle qu\u2019elle est\u00a0:<br \/>\ndiverse, singuli\u00e8re, solidaire. Le temps d\u2019une visite, elle devient un espace<br \/>\nde m\u00e9moire, de partage et d\u2019espoir.\n<\/p>\n<p>            <img decoding=\"async\" alt=\"Un gar\u00e7on pose avec un \u00e9norme bouquet de fleurs fra\u00eeches\" data-flickity-lazyload=\"https:\/\/cdn.paris.fr\/qfapv4\/2025\/10\/01\/original-0bf5659e9f9a071064213633627c2390.jpg\" src=\"\"\/><\/p>\n<p>            <img decoding=\"async\" alt=\"\" data-flickity-lazyload=\"https:\/\/cdn.paris.fr\/qfapv4\/2025\/09\/25\/original-37c3fe087dbf7356d09e8abfdaafd2d1.jpg\" src=\"\"\/><\/p>\n<p>  Le Studio s&rsquo;invite au coeur de l&rsquo;exposition<\/p>\n<p>\n  Pendant deux semaines, Yann Arthus-Bertrand et son \u00e9quipe seront pr\u00e9sents sur les lieux d\u2019exposition avec leur studio photo. Chaque visiteur pourra s\u2019inscrire gratuitement pour tenter de remporter un moment unique et privil\u00e9gi\u00e9 avec l\u2019\u00e9quipe du photographe, et ainsi repartir avec sa photo en format num\u00e9rique.\n<\/p>\n<blockquote class=\"verbatim-blockquote\">\n<p class=\"verbatim-text\">On a dit aux gens de venir se faire photographier avec les gens qu\u2019ils aiment. Je veux photographier une France heureuse\u00a0!<\/p>\n<p>\n          Yann Arthus-Bertrand\n        <\/p>\n<\/blockquote>\n<p>\n    Horaires de visite\n  <\/p>\n<p>\n    L&rsquo;exposition est ouverte tous les jours de la semaine de 10\u00a0h \u00e0 19\u00a0h, avec une nocturne jusqu&rsquo;\u00e0 21\u00a0h chaque jeudi.\n  <\/p>\n<p>  R\u00e9server gratuitement votre cr\u00e9neau de visite<\/p>\n","protected":false},"excerpt":{"rendered":"Depuis plus de trente ans, Yann Arthus-Bertrand photographie les habitants de la France, accompagn\u00e9s de ceux qu&rsquo;ils aiment.&hellip;\n","protected":false},"author":2,"featured_media":431944,"comment_status":"","ping_status":"","sticky":false,"template":"","format":"standard","meta":{"footnotes":""},"categories":[1888],"tags":[1111,1928,11,1927,1777,674,1011,27,12,1926,626,1925,25],"class_list":{"0":"post-431943","1":"post","2":"type-post","3":"status-publish","4":"format-standard","5":"has-post-thumbnail","7":"category-paris","8":"tag-actu","9":"tag-actu-paris","10":"tag-actualites","11":"tag-actualites-paris","12":"tag-eu","13":"tag-europe","14":"tag-fr","15":"tag-france","16":"tag-news","17":"tag-news-paris","18":"tag-paris","19":"tag-paris-news","20":"tag-republique-francaise"},"share_on_mastodon":{"url":"https:\/\/pubeurope.com\/@fr\/115300750136455679","error":""},"_links":{"self":[{"href":"https:\/\/www.europesays.com\/fr\/wp-json\/wp\/v2\/posts\/431943","targetHints":{"allow":["GET"]}}],"collection":[{"href":"https:\/\/www.europesays.com\/fr\/wp-json\/wp\/v2\/posts"}],"about":[{"href":"https:\/\/www.europesays.com\/fr\/wp-json\/wp\/v2\/types\/post"}],"author":[{"embeddable":true,"href":"https:\/\/www.europesays.com\/fr\/wp-json\/wp\/v2\/users\/2"}],"replies":[{"embeddable":true,"href":"https:\/\/www.europesays.com\/fr\/wp-json\/wp\/v2\/comments?post=431943"}],"version-history":[{"count":0,"href":"https:\/\/www.europesays.com\/fr\/wp-json\/wp\/v2\/posts\/431943\/revisions"}],"wp:featuredmedia":[{"embeddable":true,"href":"https:\/\/www.europesays.com\/fr\/wp-json\/wp\/v2\/media\/431944"}],"wp:attachment":[{"href":"https:\/\/www.europesays.com\/fr\/wp-json\/wp\/v2\/media?parent=431943"}],"wp:term":[{"taxonomy":"category","embeddable":true,"href":"https:\/\/www.europesays.com\/fr\/wp-json\/wp\/v2\/categories?post=431943"},{"taxonomy":"post_tag","embeddable":true,"href":"https:\/\/www.europesays.com\/fr\/wp-json\/wp\/v2\/tags?post=431943"}],"curies":[{"name":"wp","href":"https:\/\/api.w.org\/{rel}","templated":true}]}}