{"id":431947,"date":"2025-10-01T20:17:15","date_gmt":"2025-10-01T20:17:15","guid":{"rendered":"https:\/\/www.europesays.com\/fr\/431947\/"},"modified":"2025-10-01T20:17:15","modified_gmt":"2025-10-01T20:17:15","slug":"paris-chute-demblee-chez-le-champion-deurope-fenerbahce","status":"publish","type":"post","link":"https:\/\/www.europesays.com\/fr\/431947\/","title":{"rendered":"Paris chute d&#8217;embl\u00e9e chez le champion d\u2019Europe Fenerbah\u00e7e"},"content":{"rendered":"<p>Les Parisiens ont subi la loi des Turcs (96-77), ce mercredi, en ouverture de la nouvelle campagne europ\u00e9enne.<\/p>\n<p class=\"fig-paragraph\">Le Paris basketball tombe d\u2019entr\u00e9e. Le club de la capitale, avec un effectif remani\u00e9 cette saison, est tomb\u00e9 chez le champion d&rsquo;Europe en titre Fenerbah\u00e7e mercredi (96-77) pour le d\u00e9but de\u00a0<a href=\"http:\/\/www.lefigaro.fr\/sports\/basket\/euroligue-monaco-gonfle-a-bloc-paris-metamorphose-l-asvel-dans-le-dur-quelles-ambitions-pour-les-clubs-francais-20251001\" data-fig-type=\"NewsFlash\" data-gtm-custom-categorie=\"navigation\" data-gtm-custom-action=\"crossclick\" data-gtm-custom-label=\"Contextuel\" data-gtm-event=\"customEventSPE\" data-fig-domain=\"LEFIGARO\" target=\"_blank\" rel=\"noopener\">sa nouvelle campagne en Euroligue.<\/a><\/p>\n<p class=\"fig-paragraph\">Quarts de finaliste la saison pass\u00e9e, les champions de France en titre cherchent \u00e0 confirmer apr\u00e8s leur belle d\u00e9couverte de la prestigieuse comp\u00e9tition europ\u00e9enne, dont ils avaient \u00e9t\u00e9 \u00e9limin\u00e9s par ce m\u00eame \u00abFener\u00bb.<\/p>\n<p>                                    <a class=\"fig-a11y-skip a11y-hidden\" href=\"#fig-a11y-skip-main-inarticle\"><br \/>\n        Passer la publicit\u00e9<br \/>\n    <\/a><\/p>\n<p>Fin de troisi\u00e8me quart-temps fatale<\/p>\n<p class=\"fig-paragraph\">Mais s&rsquo;ils sont parvenus \u00e0 s&rsquo;accrocher en premi\u00e8re p\u00e9riode (men\u00e9s 43-40 \u00e0 la pause), les Parisiens ont flanch\u00e9 logiquement en fin de troisi\u00e8me quart-temps, eux qui doivent cette ann\u00e9e construire et r\u00e9pondre aux ambitions autour d&rsquo;un effectif chamboul\u00e9 par les d\u00e9parts.<\/p>\n<p class=\"fig-paragraph\">Ils se d\u00e9placeront \u00e0 nouveau d\u00e8s vendredi (21h30) \u00e0 Belgrade pour affronter le Maccabi Tel Aviv.<\/p>\n","protected":false},"excerpt":{"rendered":"Les Parisiens ont subi la loi des Turcs (96-77), ce mercredi, en ouverture de la nouvelle campagne europ\u00e9enne.&hellip;\n","protected":false},"author":2,"featured_media":431948,"comment_status":"","ping_status":"","sticky":false,"template":"","format":"standard","meta":{"footnotes":""},"categories":[1888],"tags":[11,1777,674,1011,27,12,626,2179,25],"class_list":{"0":"post-431947","1":"post","2":"type-post","3":"status-publish","4":"format-standard","5":"has-post-thumbnail","7":"category-paris","8":"tag-actualites","9":"tag-eu","10":"tag-europe","11":"tag-fr","12":"tag-france","13":"tag-news","14":"tag-paris","15":"tag-paris-basketball","16":"tag-republique-francaise"},"share_on_mastodon":{"url":"https:\/\/pubeurope.com\/@fr\/115300758001827864","error":""},"_links":{"self":[{"href":"https:\/\/www.europesays.com\/fr\/wp-json\/wp\/v2\/posts\/431947","targetHints":{"allow":["GET"]}}],"collection":[{"href":"https:\/\/www.europesays.com\/fr\/wp-json\/wp\/v2\/posts"}],"about":[{"href":"https:\/\/www.europesays.com\/fr\/wp-json\/wp\/v2\/types\/post"}],"author":[{"embeddable":true,"href":"https:\/\/www.europesays.com\/fr\/wp-json\/wp\/v2\/users\/2"}],"replies":[{"embeddable":true,"href":"https:\/\/www.europesays.com\/fr\/wp-json\/wp\/v2\/comments?post=431947"}],"version-history":[{"count":0,"href":"https:\/\/www.europesays.com\/fr\/wp-json\/wp\/v2\/posts\/431947\/revisions"}],"wp:featuredmedia":[{"embeddable":true,"href":"https:\/\/www.europesays.com\/fr\/wp-json\/wp\/v2\/media\/431948"}],"wp:attachment":[{"href":"https:\/\/www.europesays.com\/fr\/wp-json\/wp\/v2\/media?parent=431947"}],"wp:term":[{"taxonomy":"category","embeddable":true,"href":"https:\/\/www.europesays.com\/fr\/wp-json\/wp\/v2\/categories?post=431947"},{"taxonomy":"post_tag","embeddable":true,"href":"https:\/\/www.europesays.com\/fr\/wp-json\/wp\/v2\/tags?post=431947"}],"curies":[{"name":"wp","href":"https:\/\/api.w.org\/{rel}","templated":true}]}}