{"id":431949,"date":"2025-10-01T20:18:40","date_gmt":"2025-10-01T20:18:40","guid":{"rendered":"https:\/\/www.europesays.com\/fr\/431949\/"},"modified":"2025-10-01T20:18:40","modified_gmt":"2025-10-01T20:18:40","slug":"le-site-nucleaire-de-tchernobyl-prive-delectricite-apres-une-attaque-russe-selon-kyiv-liberation","status":"publish","type":"post","link":"https:\/\/www.europesays.com\/fr\/431949\/","title":{"rendered":"le site nucl\u00e9aire de Tchernobyl priv\u00e9 d\u2019\u00e9lectricit\u00e9 apr\u00e8s une attaque russe, selon Kyiv \u2013 Lib\u00e9ration"},"content":{"rendered":"<p class=\"sc-cPiKLX AiZTS text-element\">L\u2019alimentation en \u00e9lectricit\u00e9 de la structure de confinement abritant une partie de <a href=\"https:\/\/www.liberation.fr\/international\/europe\/larche-de-tchernobyl-touchee-par-un-drone-russe-pas-de-hausse-des-radiations-dapres-volodymyr-zelensky-20250214_AJXXCPL2KRC4NI6BCLTHWKQCH4\/\" target=\"_blank\" rel=\"noreferrer nofollow noopener\" title=\"https:\/\/www.liberation.fr\/international\/europe\/larche-de-tchernobyl-touchee-par-un-drone-russe-pas-de-hausse-des-radiations-dapres-volodymyr-zelensky-20250214_AJXXCPL2KRC4NI6BCLTHWKQCH4\/\">la centrale nucl\u00e9aire de Tchernobyl, <\/a>d\u00e9truite pendant <a href=\"https:\/\/www.liberation.fr\/checknews\/2019\/06\/22\/l-accident-nucleaire-de-tchernobyl-n-a-t-il-fait-que-130-morts_17https:\/\/www.liberation.fr\/checknews\/2019\/06\/22\/l-accident-nucleaire-de-tchernobyl-n-a-t-il-fait-que-130-morts_1731784\/31784\/\" target=\"_blank\" rel=\"nofollow noopener\" title=\"https:\/\/www.liberation.fr\/checknews\/2019\/06\/22\/l-accident-nucleaire-de-tchernobyl-n-a-t-il-fait-que-130-morts_17https:\/\/www.liberation.fr\/checknews\/2019\/06\/22\/l-accident-nucleaire-de-tchernobyl-n-a-t-il-fait-que-130-morts_1731784\/31784\/\">la catastrophe nucl\u00e9aire en 1986,<\/a> a \u00e9t\u00e9 coup\u00e9e par un bombardement russe, a annonc\u00e9 ce mercredi 1er octobre le minist\u00e8re ukrainien de l\u2019Energie.  <\/p>\n<p class=\"sc-cPiKLX AiZTS text-element\">\u00abEn raison de bombardements russes sur les infrastructures \u00e9nerg\u00e9tiques de la r\u00e9gion de Kyiv, une situation d\u2019urgence est d\u00e9clar\u00e9e dans les installations de la centrale nucl\u00e9aire de Tchernobyl\u00bb, a indiqu\u00e9 le minist\u00e8re ukrainien de l\u2019Energie sur Telegram. <\/p>\n<p class=\"sc-cPiKLX AiZTS text-element\">\u00abA la suite de surtensions, le Nouveau Confinement de s\u00e9curit\u00e9, une installation clef qui isole le quatri\u00e8me r\u00e9acteur d\u00e9truit de la centrale nucl\u00e9aire de Tchernobyl et emp\u00eache la lib\u00e9ration de mat\u00e9riaux radioactifs dans l\u2019environnement, s\u2019est retrouv\u00e9 sans alimentation \u00e9lectrique\u00bb, a d\u00e9taill\u00e9 le minist\u00e8re, ajoutant que des sp\u00e9cialistes s\u2019effor\u00e7aient de r\u00e9tablir le courant. <\/p>\n<p class=\"sc-cPiKLX AiZTS text-element\">Il n\u2019a pas pr\u00e9cis\u00e9 les cons\u00e9quences de l\u2019arr\u00eat de l\u2019alimentation \u00e9lectrique, et la Russie n\u2019a fait de commentaires dans l\u2019imm\u00e9diat. <\/p>\n<p class=\"sc-cPiKLX AiZTS text-element\">Le Nouveau Confinement s\u00e9curis\u00e9 \u2013 ou arche de Tchernobyl \u2013, achev\u00e9 en 2016, est une vaste structure m\u00e9tallique recouvrant les vestiges du r\u00e9acteur num\u00e9ro 4 et emp\u00eachant la lib\u00e9ration de mat\u00e9riaux radioactifs.<\/p>\n<p class=\"sc-cPiKLX AiZTS text-element\">Une attaque de drone russe l\u2019a d\u00e9j\u00e0 endommag\u00e9 en f\u00e9vrier, sans pour autant entra\u00eener une augmentation des radiations selon les autorit\u00e9s ukrainiennes.<\/p>\n","protected":false},"excerpt":{"rendered":"L\u2019alimentation en \u00e9lectricit\u00e9 de la structure de confinement abritant une partie de la centrale nucl\u00e9aire de Tchernobyl, d\u00e9truite&hellip;\n","protected":false},"author":2,"featured_media":431950,"comment_status":"","ping_status":"","sticky":false,"template":"","format":"standard","meta":{"footnotes":""},"categories":[1591],"tags":[11,1887,12,1885,1886,132,220,297],"class_list":{"0":"post-431949","1":"post","2":"type-post","3":"status-publish","4":"format-standard","5":"has-post-thumbnail","7":"category-russie","8":"tag-actualites","9":"tag-federation-de-russie","10":"tag-news","11":"tag-russia","12":"tag-russian-federation","13":"tag-russie","14":"tag-ukraine","15":"tag-ukraine-la-crise"},"share_on_mastodon":{"url":"https:\/\/pubeurope.com\/@fr\/115300761910796066","error":""},"_links":{"self":[{"href":"https:\/\/www.europesays.com\/fr\/wp-json\/wp\/v2\/posts\/431949","targetHints":{"allow":["GET"]}}],"collection":[{"href":"https:\/\/www.europesays.com\/fr\/wp-json\/wp\/v2\/posts"}],"about":[{"href":"https:\/\/www.europesays.com\/fr\/wp-json\/wp\/v2\/types\/post"}],"author":[{"embeddable":true,"href":"https:\/\/www.europesays.com\/fr\/wp-json\/wp\/v2\/users\/2"}],"replies":[{"embeddable":true,"href":"https:\/\/www.europesays.com\/fr\/wp-json\/wp\/v2\/comments?post=431949"}],"version-history":[{"count":0,"href":"https:\/\/www.europesays.com\/fr\/wp-json\/wp\/v2\/posts\/431949\/revisions"}],"wp:featuredmedia":[{"embeddable":true,"href":"https:\/\/www.europesays.com\/fr\/wp-json\/wp\/v2\/media\/431950"}],"wp:attachment":[{"href":"https:\/\/www.europesays.com\/fr\/wp-json\/wp\/v2\/media?parent=431949"}],"wp:term":[{"taxonomy":"category","embeddable":true,"href":"https:\/\/www.europesays.com\/fr\/wp-json\/wp\/v2\/categories?post=431949"},{"taxonomy":"post_tag","embeddable":true,"href":"https:\/\/www.europesays.com\/fr\/wp-json\/wp\/v2\/tags?post=431949"}],"curies":[{"name":"wp","href":"https:\/\/api.w.org\/{rel}","templated":true}]}}