{"id":431955,"date":"2025-10-01T20:21:13","date_gmt":"2025-10-01T20:21:13","guid":{"rendered":"https:\/\/www.europesays.com\/fr\/431955\/"},"modified":"2025-10-01T20:21:13","modified_gmt":"2025-10-01T20:21:13","slug":"protection-des-donnees-la-grande-bretagne-retourne-a-lassaut-dicloud","status":"publish","type":"post","link":"https:\/\/www.europesays.com\/fr\/431955\/","title":{"rendered":"Protection des donn\u00e9es : la Grande-Bretagne retourne \u00e0 l\u2019assaut d\u2019iCloud"},"content":{"rendered":"<p>Alors que la hache de guerre semblait enterr\u00e9e entre le gouvernement britannique et les communications chiffr\u00e9es de bout en bout, voil\u00e0 qu\u2019ils remettent \u00e7a : une nouvelle demande a \u00e9t\u00e9 envoy\u00e9e \u00e0 Apple, <a rel=\"nofollow noopener\" href=\"https:\/\/www.ft.com\/content\/d101fd62-14f9-4f51-beff-ea41e8794265\" target=\"_blank\">selon le Financial Times<\/a>.<\/p>\n<p><img decoding=\"async\" loading=\"lazy\" src=\"https:\/\/www.europesays.com\/fr\/wp-content\/uploads\/2025\/10\/mg-32f5f605-w2048-w828-w1300.jpg\"   data-jslghtbx=\"https:\/\/cdn.mgig.fr\/2025\/10\/mg-32f5f605-w2048.jpg\"\/>Big Brother is watching them\u00a0? Image IA.<\/p>\n<p>C\u2019est par une injonction de capacit\u00e9 technique (Technical Capacity Notice, ou TCN) que le UK Home Office a enjoint Apple d\u00e9but septembre de coop\u00e9rer afin de laisser une backdoor ouverte sur les sauvegardes iCloud de tous les citoyens britanniques. La demande est cette fois \u00ab\u00a0restreinte\u00a0\u00bb aux sauvegardes, apr\u00e8s le retour de b\u00e2ton subi par le gouvernement du fait de l\u2019\u00e9tendue de sa premi\u00e8re demande, qui portait sur toutes les donn\u00e9es des utilisateurs britanniques stock\u00e9es sur les serveurs de la pomme.<\/p>\n<p><a href=\"https:\/\/www.igen.fr\/services\/2025\/03\/chiffrement-dicloud-au-royaume-uni-des-associations-et-des-medias-viennent-epauler-apple-contre-le-gouvernement-149019\" class=\"related-article igen\" target=\"_blank\" rel=\"noopener\"> <img decoding=\"async\" src=\"https:\/\/www.europesays.com\/fr\/wp-content\/uploads\/2025\/10\/mga-196ce016-w375-w1500-w750_accroche.jpg\" alt=\"Chiffrement d\u2019iCloud au Royaume-Uni : des associations et des m\u00e9dias viennent \u00e9pauler Apple contre le gouvernement\"\/> <\/p>\n<p class=\"\">Chiffrement d\u2019iCloud au Royaume-Uni : des associations et des m\u00e9dias viennent \u00e9pauler Apple contre le gouvernement<\/p>\n<p><\/a><\/p>\n<p>Lors de cette premi\u00e8re demande en janvier, Apple avait fait appel de la d\u00e9cision, et pour faire bonne mesure a d\u00e9sactiv\u00e9 pour les citoyens britanniques l\u2019Advanced Data Protection, ou protection avanc\u00e9e des donn\u00e9es, permettant normalement de chiffrer la totalit\u00e9 des donn\u00e9es transmises \u00e0 iCloud sans possibilit\u00e9 de lecture en dehors des appareils du client. Mais ce qui avait d\u00e9cid\u00e9 le gouvernement de Sa Majest\u00e9 \u00e0 faire machine arri\u00e8re, c\u2019est surtout la r\u00e9action de son voisin am\u00e9ricain : Tulsi Gabbard, directrice des renseignements US, avait vertement tanc\u00e9 cette volont\u00e9 de mettre le nez partout, ce qui a semble-t-il fait son petit effet.<\/p>\n<blockquote><p>&#13;<\/p>\n<p>La Grande-Bretagne a accept\u00e9 de renoncer \u00e0 son exigence envers Apple de fournir une \u00ab\u00a0porte d\u00e9rob\u00e9e\u00a0\u00bb qui aurait permis l\u2019acc\u00e8s aux donn\u00e9es chiffr\u00e9es prot\u00e9g\u00e9es de citoyens am\u00e9ricains et aurait port\u00e9 atteinte \u00e0 nos libert\u00e9s civiles.<\/p>\n<p>&#13;\n<\/p><\/blockquote>\n<p><a href=\"https:\/\/www.igen.fr\/services\/2025\/02\/protection-des-donnees-donald-trump-compare-la-grande-bretagne-la-chine-148779\" class=\"related-article igen\" target=\"_blank\" rel=\"noopener\"> <img decoding=\"async\" src=\"https:\/\/www.europesays.com\/fr\/wp-content\/uploads\/2025\/10\/mga-104cd678-w375-w1500-w750_accroche.jpg\" alt=\"Protection des donn\u00e9es : Donald Trump compare la Grande-Bretagne \u00e0 la Chine, quand d\" autres=\"\" services=\"\" pourraient=\"\" touch=\"\"\/> <\/p>\n<p class=\"\">Protection des donn\u00e9es : Donald Trump compare la Grande-Bretagne \u00e0 la Chine, quand d&rsquo;autres services pourraient \u00eatre touch\u00e9s \ud83c\udd95<\/p>\n<p><\/a><\/p>\n<p>Cette fois, il n\u2019en sera pas de m\u00eame : le gouvernement britannique s\u2019est bien assur\u00e9 durant la r\u00e9cente visite du Pr\u00e9sident Trump le mois dernier qu\u2019il ne froissera pas la Maison Blanche. Quels sont les termes exacts qui ont pu faire adouber cette version du texte\u00a0? Aucun d\u00e9tail pr\u00e9cis n\u2019ayant fuit\u00e9 (\u00e0 l\u2019origine, il est d\u2019ailleurs interdit de d\u00e9voiler ces injonctions), nous n\u2019en saurons pas plus \u00e0 ce stade.<\/p>\n<p>Pour le moment, aucune des parties prenantes n\u2019a souhait\u00e9 faire de commentaire. Pour le Home Office, \u00ab\u00a0Nous ne faisons aucun commentaire sur les questions op\u00e9rationnelles, notamment, par exemple, en confirmant ou en niant l\u2019existence de telles notifications. Nous prendrons toujours toutes les mesures n\u00e9cessaires au niveau national pour assurer la s\u00e9curit\u00e9 des citoyens britanniques.\u00a0\u00bb. Apple, de son c\u00f4t\u00e9, se borne \u00e0 rappeler qu\u2019elle ne peut pas remettre en place l\u2019Advanced Data Protection pour les citoyens britanniques, et qu\u2019elle n\u2019a jamais et n\u2019implantera jamais de backdoors dans ses services :<\/p>\n<blockquote><p>&#13;<\/p>\n<p>Apple ne peut toujours pas proposer l\u2019Advanced Data Protection aux nouveaux utilisateurs au Royaume-Uni. Nous sommes fortement d\u00e9\u00e7us de ne pouvoir le faire, \u00e9tant donn\u00e9 l\u2019augmentation des fuites de donn\u00e9es et autres menaces mettant en danger la vie priv\u00e9e de nos utilisateurs. Concernant les backdoors, comme nous l\u2019avons d\u00e9j\u00e0 dit \u00e0 de maintes reprises, nous n\u2019avons jamais cr\u00e9\u00e9 de backdoor ou de master key, pour quelque produit ou service que ce soit, et nous ne le ferons jamais.<\/p>\n<p>&#13;\n<\/p><\/blockquote>\n<p>Sans la pression de la Maison Blanche, il est possible que cette fois, l\u2019injonction aille jusqu\u2019\u00e0 son terme : le gouvernement britannique se retranche en effet derri\u00e8re la pr\u00e9vention du terrorisme et la lutte contre la pornographie infantile, et le Premier Ministre Keir Starmer s\u2019est assur\u00e9 de ne pas \u00eatre emb\u00eat\u00e9 par Donald Trump, lui ayant assur\u00e9 que seuls les citoyens britanniques seraient touch\u00e9s par cette porte d\u00e9rob\u00e9e. Reste \u00e0 savoir maintenant comment r\u00e9agira Apple : se pliera-t-elle sans mot dire \u00e0 l\u2019obligation, quitte \u00e0 mettre en p\u00e9ril la protection des donn\u00e9es de ses utilisateurs\u00a0?<\/p>\n","protected":false},"excerpt":{"rendered":"Alors que la hache de guerre semblait enterr\u00e9e entre le gouvernement britannique et les communications chiffr\u00e9es de bout&hellip;\n","protected":false},"author":2,"featured_media":431956,"comment_status":"","ping_status":"","sticky":false,"template":"","format":"standard","meta":{"footnotes":""},"categories":[1588],"tags":[11,1338,1777,674,4265,12,55982,473,1853,1851,1850,1852],"class_list":{"0":"post-431955","1":"post","2":"type-post","3":"status-publish","4":"format-standard","5":"has-post-thumbnail","7":"category-royaume-uni","8":"tag-actualites","9":"tag-chiffrement","10":"tag-eu","11":"tag-europe","12":"tag-icloud","13":"tag-news","14":"tag-protection-avancee-des-donnees","15":"tag-royaume-uni","16":"tag-royaume-uni-de-grande-bretagne-et-dirlande-du-nord","17":"tag-uk","18":"tag-united-kingdom","19":"tag-united-kingdom-of-great-britain-and-northern-ireland"},"share_on_mastodon":{"url":"https:\/\/pubeurope.com\/@fr\/115300774157602139","error":""},"_links":{"self":[{"href":"https:\/\/www.europesays.com\/fr\/wp-json\/wp\/v2\/posts\/431955","targetHints":{"allow":["GET"]}}],"collection":[{"href":"https:\/\/www.europesays.com\/fr\/wp-json\/wp\/v2\/posts"}],"about":[{"href":"https:\/\/www.europesays.com\/fr\/wp-json\/wp\/v2\/types\/post"}],"author":[{"embeddable":true,"href":"https:\/\/www.europesays.com\/fr\/wp-json\/wp\/v2\/users\/2"}],"replies":[{"embeddable":true,"href":"https:\/\/www.europesays.com\/fr\/wp-json\/wp\/v2\/comments?post=431955"}],"version-history":[{"count":0,"href":"https:\/\/www.europesays.com\/fr\/wp-json\/wp\/v2\/posts\/431955\/revisions"}],"wp:featuredmedia":[{"embeddable":true,"href":"https:\/\/www.europesays.com\/fr\/wp-json\/wp\/v2\/media\/431956"}],"wp:attachment":[{"href":"https:\/\/www.europesays.com\/fr\/wp-json\/wp\/v2\/media?parent=431955"}],"wp:term":[{"taxonomy":"category","embeddable":true,"href":"https:\/\/www.europesays.com\/fr\/wp-json\/wp\/v2\/categories?post=431955"},{"taxonomy":"post_tag","embeddable":true,"href":"https:\/\/www.europesays.com\/fr\/wp-json\/wp\/v2\/tags?post=431955"}],"curies":[{"name":"wp","href":"https:\/\/api.w.org\/{rel}","templated":true}]}}