{"id":431975,"date":"2025-10-01T20:33:16","date_gmt":"2025-10-01T20:33:16","guid":{"rendered":"https:\/\/www.europesays.com\/fr\/431975\/"},"modified":"2025-10-01T20:33:16","modified_gmt":"2025-10-01T20:33:16","slug":"motogp-mauvaise-surprise-un-autre-pilote-vainqueur-de-gp-quitte-definitivement-la-grille","status":"publish","type":"post","link":"https:\/\/www.europesays.com\/fr\/431975\/","title":{"rendered":"MotoGP Mauvaise surprise, un autre pilote, vainqueur de GP, quitte d\u00e9finitivement la grille !"},"content":{"rendered":"<p>Ils seront donc deux \u00e0 ne plus \u00eatre pr\u00e9sent sur la grille de d\u00e9part, l\u2019an prochain en MotoGP. En effet, apr\u00e8s le rookie Somkiat Chantra, en partance vers Honda HRC en Superbike, c\u2019est au tour de Miguel Oliveira de tirer sa r\u00e9v\u00e9rence. Vainqueur de 5 Grand-Prix dans la cat\u00e9gorie reine, le Portugais aura connu ses meilleures heures avec Tech3 et KTM.<\/p>\n<p>MotoGP : Oliveira remplace\u2026son rempla\u00e7ant !<\/p>\n<p>Malheureusement, apr\u00e8s une mauvaise campagne avec Aprilia <a href=\"https:\/\/lemagsportauto.ouest-france.fr\/tag\/trackhouse\/\" target=\"_blank\" rel=\"noopener\">Trackhouse<\/a>, l\u2019int\u00e9ress\u00e9 a totalement loup\u00e9 sa saison de la derni\u00e8re chance, en 2025, avec Pramac-Yamaha. L\u2019heure de s\u2019en aller avait donc sonn\u00e9\u2026Et, ironie du sort, c\u2019est celui qui l\u2019aura pouss\u00e9 vers la sortie, le Turque Toprak Razgatl\u0131o\u011flu , qu\u2019il va remplacer en Superbike. Effectivement, Miguel Oliveira rejoint officiellement le Team BMW Motorrad et une autre vieille connaissance, l\u2019Italien Danilo Petrucci.<\/p>\n<blockquote class=\"twitter-tweet\">\n<p dir=\"ltr\" lang=\"en\">Welcome to our family, <a href=\"https:\/\/twitter.com\/_moliveira88?ref_src=twsrc%5Etfw\" target=\"_blank\" rel=\"noopener\">@_moliveira88<\/a>!<br \/>We are delighted that Miguel joins us as our second rider for the BMW Motorrad WorldSBK Team in the 2026 WorldSBK season!<\/p>\n<p>\u27a1\ufe0f <a href=\"https:\/\/t.co\/s8I0LjbxM9\">https:\/\/t.co\/s8I0LjbxM9<\/a><a href=\"https:\/\/twitter.com\/hashtag\/MakeLifeARide?src=hash&amp;ref_src=twsrc%5Etfw\" target=\"_blank\" rel=\"noopener\">#MakeLifeARide<\/a> <a href=\"https:\/\/twitter.com\/hashtag\/BMWMotorrad?src=hash&amp;ref_src=twsrc%5Etfw\" target=\"_blank\" rel=\"noopener\">#BMWMotorrad<\/a> <a href=\"https:\/\/twitter.com\/BMWMotorradMoSp?ref_src=twsrc%5Etfw\" target=\"_blank\" rel=\"noopener\">@BMWMotorradMoSp<\/a> <a href=\"https:\/\/twitter.com\/SMRWorldSBK?ref_src=twsrc%5Etfw\" target=\"_blank\" rel=\"noopener\">@SMRWorldSBK<\/a> <a href=\"https:\/\/t.co\/gPtnnRwOG6\">pic.twitter.com\/gPtnnRwOG6<\/a><\/p>\n<p>\u2014 BMWMotorrad (@BMWMotorrad) <a href=\"https:\/\/twitter.com\/BMWMotorrad\/status\/1972921278072750153?ref_src=twsrc%5Etfw\" target=\"_blank\" rel=\"noopener\">September 30, 2025<\/a><\/p>\n<\/blockquote>\n<p>Article publi\u00e9 le 01\/10\/2025 \u00e0 5h40<\/p>\n<p>                                            <img loading=\"lazy\" alt=\"\" class=\"avatar avatar-100 photo lazyload\" height=\"100\" width=\"100\" decoding=\"async\" src=\"https:\/\/www.europesays.com\/fr\/wp-content\/uploads\/2025\/10\/ffbb894c35ea5189d599d4ea062c98b86ffb67cc602fa683ebcbf422a80fc47a\"  data-eio-rwidth=\"100\" data-eio-rheight=\"100\"\/><\/p>\n<p class=\"h2\">\n                                            Julien Barthet\n                                        <\/p>\n<p>R\u00e9dacteur professionnel, titulaire de la carte de presse pendant 3 ans. Fondateur\/Directeur et R\u00e9dacteur en chef Le Mag Sport Auto et LeMagJeuxHighTech.com.&#13;<br \/>\nEx-Pilote automobile : 55 courses (Formule Ford, F.Campus, Coupe 206 Sprint et Relais, Saxo, Ford Fiesta Allemagne, Mitjet) 1 Victoire. Essais F3, Nascar Euro, Caterham, F.Renault, etc.<\/p>\n<p>                                                                                                                            <a href=\"https:\/\/lemagsportauto.ouest-france.fr\/author\/lmsa_adm\/\" title=\"Julien Barthet\" target=\"_blank\" rel=\"noopener\"><br \/>\n                                                Voir les publications de l&rsquo;auteur<br \/>\n                                            <\/a><\/p>\n<p>                                <script async src=\"https:\/\/platform.twitter.com\/widgets.js\" charset=\"utf-8\"><\/script><\/p>\n","protected":false},"excerpt":{"rendered":"Ils seront donc deux \u00e0 ne plus \u00eatre pr\u00e9sent sur la grille de d\u00e9part, l\u2019an prochain en MotoGP.&hellip;\n","protected":false},"author":2,"featured_media":431976,"comment_status":"","ping_status":"","sticky":false,"template":"","format":"standard","meta":{"footnotes":""},"categories":[1413],"tags":[1011,27,3594,1457,1456,1458,60],"class_list":{"0":"post-431975","1":"post","2":"type-post","3":"status-publish","4":"format-standard","5":"has-post-thumbnail","7":"category-moto","8":"tag-fr","9":"tag-france","10":"tag-miguel-oliveira","11":"tag-moto","12":"tag-motocycle","13":"tag-motogp","14":"tag-sports"},"share_on_mastodon":{"url":"https:\/\/pubeurope.com\/@fr\/115300821274036479","error":""},"_links":{"self":[{"href":"https:\/\/www.europesays.com\/fr\/wp-json\/wp\/v2\/posts\/431975","targetHints":{"allow":["GET"]}}],"collection":[{"href":"https:\/\/www.europesays.com\/fr\/wp-json\/wp\/v2\/posts"}],"about":[{"href":"https:\/\/www.europesays.com\/fr\/wp-json\/wp\/v2\/types\/post"}],"author":[{"embeddable":true,"href":"https:\/\/www.europesays.com\/fr\/wp-json\/wp\/v2\/users\/2"}],"replies":[{"embeddable":true,"href":"https:\/\/www.europesays.com\/fr\/wp-json\/wp\/v2\/comments?post=431975"}],"version-history":[{"count":0,"href":"https:\/\/www.europesays.com\/fr\/wp-json\/wp\/v2\/posts\/431975\/revisions"}],"wp:featuredmedia":[{"embeddable":true,"href":"https:\/\/www.europesays.com\/fr\/wp-json\/wp\/v2\/media\/431976"}],"wp:attachment":[{"href":"https:\/\/www.europesays.com\/fr\/wp-json\/wp\/v2\/media?parent=431975"}],"wp:term":[{"taxonomy":"category","embeddable":true,"href":"https:\/\/www.europesays.com\/fr\/wp-json\/wp\/v2\/categories?post=431975"},{"taxonomy":"post_tag","embeddable":true,"href":"https:\/\/www.europesays.com\/fr\/wp-json\/wp\/v2\/tags?post=431975"}],"curies":[{"name":"wp","href":"https:\/\/api.w.org\/{rel}","templated":true}]}}