{"id":431977,"date":"2025-10-01T20:34:13","date_gmt":"2025-10-01T20:34:13","guid":{"rendered":"https:\/\/www.europesays.com\/fr\/431977\/"},"modified":"2025-10-01T20:34:13","modified_gmt":"2025-10-01T20:34:13","slug":"malgre-de-colo-lasvel-battue-sur-le-fil-par-valence","status":"publish","type":"post","link":"https:\/\/www.europesays.com\/fr\/431977\/","title":{"rendered":"malgr\u00e9 De Colo, l\u2019Asvel battue sur le fil par Valence"},"content":{"rendered":"<p>En ouverture de l\u2019Euroligue ce mercredi, Villeurbanne a c\u00e9d\u00e9 \u00e0 domicile dans le quatri\u00e8me quart-temps face au club espagnol (77-80).<\/p>\n<p class=\"fig-paragraph\">Sale soir\u00e9e pour les clubs fran\u00e7ais. Comme\u00a0<a href=\"http:\/\/www.lefigaro.fr\/sports\/basket\/euroligue-monaco-tombe-de-haut-et-se-saborde-d-entree-contre-kaunas-20251001\" data-fig-type=\"NewsFlash\" data-gtm-custom-categorie=\"navigation\" data-gtm-custom-action=\"crossclick\" data-gtm-custom-label=\"Contextuel\" data-gtm-event=\"customEventSPE\" data-fig-domain=\"LEFIGARO\" target=\"_blank\" rel=\"noopener\">Monaco<\/a>\u00a0et\u00a0<a href=\"http:\/\/www.lefigaro.fr\/sports\/basket\/euroligue-paris-chute-d-emblee-chez-le-champion-d-europe-fenerbahce-20251001\" data-fig-type=\"NewsFlash\" data-gtm-custom-categorie=\"navigation\" data-gtm-custom-action=\"crossclick\" data-gtm-custom-label=\"Contextuel\" data-gtm-event=\"customEventSPE\" data-fig-domain=\"LEFIGARO\" target=\"_blank\" rel=\"noopener\">Paris<\/a>, et malgr\u00e9 un grand match de son meneur Nando De Colo, auteur de 17 points, Villeurbanne s&rsquo;est inclin\u00e9 d&rsquo;entr\u00e9e devant le club espagnol de Valence, vainqueur 80 \u00e0 77 \u00e0 l&rsquo;Astroballe en match de la 1re journ\u00e9e d&rsquo;Euroligue, mercredi.<\/p>\n<p class=\"fig-paragraph\">Face \u00e0 l&rsquo;\u00e9quipe avec laquelle il a disput\u00e9 ses premiers matches dans l&rsquo;\u00e9preuve phare europ\u00e9enne (2009-2012) dont il est le deuxi\u00e8me meilleur marqueur de l&rsquo;histoire (14,8 pts en 327 matches avant le coup d&rsquo;envoi), De Colo (38 ans), qui pourrait disputer sa derni\u00e8re saison, a \u00e9t\u00e9fasevl le meilleur pointeur de l&rsquo;Asvel, au cours d&rsquo;une rencontre ind\u00e9cise jusqu&rsquo;au bout.<\/p>\n<p>                                    <a class=\"fig-a11y-skip a11y-hidden\" href=\"#fig-a11y-skip-main-inarticle\"><br \/>\n        Passer la publicit\u00e9<br \/>\n    <\/a><\/p>\n<p class=\"fig-paragraph\">Les deux \u00e9quipes, assez maladroites, ne devraient pas disputer le haut du tableau, surtout Villeurbanne qui a perdu ses meilleurs joueurs durant l&rsquo;\u00e9t\u00e9, parmi lesquels Th\u00e9o Maledon, Paris Lee ou Neal Sako qui a sign\u00e9 \u00e0 Valence, et qui a une nouvelle fois eu recours \u00e0 des paris pour remonter un effectif limit\u00e9 de treize joueurs.<\/p>\n<p>D\u00e9faite dans le \u00abmoney-time\u00bb<\/p>\n<p class=\"fig-paragraph\">Celui-ci appara\u00eet insuffisant pour avoir des ambitions \u00e0 la fois en championnat de France et en Euroligue. En Elite, dimanche, l&rsquo;Asvel a toutefois d\u00e9but\u00e9 par une large victoire sur Nancy (115-71) mais elle a d\u00e9j\u00e0 d\u00fb jouer sans Thomas Heurtel (36 ans), l&rsquo;une de ses recrues majeures, \u00e9galement absent contre Valence.<\/p>\n<p class=\"fig-paragraph\">Face aux Valencians, port\u00e9s par Matthew Costello et Nathan Revers (13 pts) ou encore Omari Moore (12 pts), qui reviennent cette saison en Euroligue avec un nouveau projet et une nouvelle salle, les Villeurbannais, anim\u00e9s, outre De Colo, par Bastien Vautier (12 pts) et Glynn Watson (14 pts), deux recrues, ont pourtant pu croire \u00e0 la victoire jusqu&rsquo;au bout.<\/p>\n<p class=\"fig-paragraph\">Le score \u00e9tait de 19-18 \u00e0 la fin du premier quart-temps pour l&rsquo;\u00e9quipe espagnole, de 45-34 \u00e0 la mi-temps pour l&rsquo;Asvel qui menait encore d&rsquo;un point \u00e0 l&rsquo;engagement du dernier quart (61-60). Mais Valence a d\u00e9finitivement repris l&rsquo;avantage sur un tir \u00e0 trois points de Darius Thompson (15 pts) inscrit \u00e0 quatre minutes de la fin (75-73).<\/p>\n","protected":false},"excerpt":{"rendered":"En ouverture de l\u2019Euroligue ce mercredi, Villeurbanne a c\u00e9d\u00e9 \u00e0 domicile dans le quatri\u00e8me quart-temps face au club&hellip;\n","protected":false},"author":2,"featured_media":431978,"comment_status":"","ping_status":"","sticky":false,"template":"","format":"standard","meta":{"footnotes":""},"categories":[1412],"tags":[2183,1451,1452,1453,1454,1455,1011,27,60,6345],"class_list":{"0":"post-431977","1":"post","2":"type-post","3":"status-publish","4":"format-standard","5":"has-post-thumbnail","7":"category-f1","8":"tag-euroligue","9":"tag-f1","10":"tag-formula-1","11":"tag-formula1","12":"tag-formule-1","13":"tag-formule1","14":"tag-fr","15":"tag-france","16":"tag-sports","17":"tag-villeurbanne"},"share_on_mastodon":{"url":"https:\/\/pubeurope.com\/@fr\/115300824865170771","error":""},"_links":{"self":[{"href":"https:\/\/www.europesays.com\/fr\/wp-json\/wp\/v2\/posts\/431977","targetHints":{"allow":["GET"]}}],"collection":[{"href":"https:\/\/www.europesays.com\/fr\/wp-json\/wp\/v2\/posts"}],"about":[{"href":"https:\/\/www.europesays.com\/fr\/wp-json\/wp\/v2\/types\/post"}],"author":[{"embeddable":true,"href":"https:\/\/www.europesays.com\/fr\/wp-json\/wp\/v2\/users\/2"}],"replies":[{"embeddable":true,"href":"https:\/\/www.europesays.com\/fr\/wp-json\/wp\/v2\/comments?post=431977"}],"version-history":[{"count":0,"href":"https:\/\/www.europesays.com\/fr\/wp-json\/wp\/v2\/posts\/431977\/revisions"}],"wp:featuredmedia":[{"embeddable":true,"href":"https:\/\/www.europesays.com\/fr\/wp-json\/wp\/v2\/media\/431978"}],"wp:attachment":[{"href":"https:\/\/www.europesays.com\/fr\/wp-json\/wp\/v2\/media?parent=431977"}],"wp:term":[{"taxonomy":"category","embeddable":true,"href":"https:\/\/www.europesays.com\/fr\/wp-json\/wp\/v2\/categories?post=431977"},{"taxonomy":"post_tag","embeddable":true,"href":"https:\/\/www.europesays.com\/fr\/wp-json\/wp\/v2\/tags?post=431977"}],"curies":[{"name":"wp","href":"https:\/\/api.w.org\/{rel}","templated":true}]}}