{"id":431979,"date":"2025-10-01T20:35:13","date_gmt":"2025-10-01T20:35:13","guid":{"rendered":"https:\/\/www.europesays.com\/fr\/431979\/"},"modified":"2025-10-01T20:35:13","modified_gmt":"2025-10-01T20:35:13","slug":"cyclisme-apres-sa-demonstration-aux-mondiaux-remco-evenepoel-sacre-champion-deurope-du-contre-la-montre","status":"publish","type":"post","link":"https:\/\/www.europesays.com\/fr\/431979\/","title":{"rendered":"Cyclisme. Apr\u00e8s sa d\u00e9monstration aux Mondiaux, Remco Evenepoel sacr\u00e9 champion d&rsquo;Europe du contre-la-montre"},"content":{"rendered":"<p>Le suspense \u00e9tait faible sur le contre-la-montre des championnats d&rsquo;Europe en Dr\u00f4me et en Ard\u00e8che. Ce mercredi entre Loriol-sur-Dr\u00f4me et \u00c9toile-sur-Rh\u00f4ne, sur un parcours de 24 kilom\u00e8tres, le Belge Remco Evenepoel a fait l&rsquo;\u00e9talage de tout son talent.<\/p>\n<p>Champion du monde il y a une dizaine de jours au Rwanda, le coureur de Soudal Quick-Step a continu\u00e9 sur sa lanc\u00e9e en \u00e9crasant le chrono des \u00a0\u00bbEurope\u00a0\u00bb. Il a boucl\u00e9 le trac\u00e9 en 28&rsquo;26, soit 50,7 km\/h de moyenne, et a repouss\u00e9 l&rsquo;Italien Filippo Ganna, grand sp\u00e9cialiste de l&rsquo;effort individuel, \u00e0 plus de 43 secondes.<\/p>\n<p>  Les Fran\u00e7ais pas dans le coup<\/p>\n<p>Voir ses deux coureurs aux deux premi\u00e8res places \u00e9tait pr\u00e9visible. Mais la surprise vient plut\u00f4t de la derni\u00e8re place sur le podium. On pouvait attendre des coureurs comme les Britanniques Joshua Tarling ou Ethan Hayter, le Suisse Stefan K\u00fcng ou le Fran\u00e7ais Bruno Armirail.\u00a0Mais c&rsquo;est finalement le Danois Niklas Larsen qui a d\u00e9croch\u00e9 la m\u00e9daille de bronze qui a devanc\u00e9 Tarling pour seulement sept dixi\u00e8mes.<\/p>\n<p>Les deux Tricolores engag\u00e9s, Bruno Armirail et R\u00e9mi Cavagna, n&rsquo;ont pas \u00e9t\u00e9 dans le tempo. Le premier a termin\u00e9 neuvi\u00e8me \u00e0 1&rsquo;48 du vainqueur. Cavagna \u00e9tait encore plus loin (13e, \u00e0 2&rsquo;21).<\/p>\n<p class=\"insetTitle\">Les r\u00e9actions<\/p>\n<p><strong>Bruno Armirail (9e et premier Fran\u00e7ais)\u00a0:<\/strong> \u00ab\u00a0C\u2019\u00e9tait un chrono bizarre, \u00e0 l\u2019\u00e9chauffement je n\u2019\u00e9tais pas bien du tout. Il y avait parfois pas mal de vent de c\u00f4t\u00e9, c\u2019\u00e9tait difficile de tenir le v\u00e9lo. Neuvi\u00e8me\u2026 Bon, \u00e7a aurait \u00e9t\u00e9 mieux le top 5, mais \u00e7a reste un bon petit top 10. Il y avait limite plus de niveau ici que sur un Grand Tour, comme sur le Tour ou la Vuelta, o\u00f9 je fais quatri\u00e8me deux fois. Le niveau \u00e9tait vraiment relev\u00e9, tous les meilleurs rouleurs du monde \u00e9taient l\u00e0.\u00a0\u00bb<\/p>\n","protected":false},"excerpt":{"rendered":"Le suspense \u00e9tait faible sur le contre-la-montre des championnats d&rsquo;Europe en Dr\u00f4me et en Ard\u00e8che. Ce mercredi entre&hellip;\n","protected":false},"author":2,"featured_media":431980,"comment_status":"","ping_status":"","sticky":false,"template":"","format":"standard","meta":{"footnotes":""},"categories":[1411],"tags":[4646,1154,207,2730,2735,50079,107,1701,1011,27,50080,517,60],"class_list":{"0":"post-431979","1":"post","2":"type-post","3":"status-publish","4":"format-standard","5":"has-post-thumbnail","7":"category-cyclisme","8":"tag-ardeche","9":"tag-cycling","10":"tag-cyclisme","11":"tag-drome","12":"tag-edition-valence-rhone-crussol-vallee-de-la-drome","13":"tag-etoile-sur-rhone","14":"tag-fil-info","15":"tag-fil-info-sport","16":"tag-fr","17":"tag-france","18":"tag-loriol-sur-drome","19":"tag-sport","20":"tag-sports"},"share_on_mastodon":{"url":"https:\/\/pubeurope.com\/@fr\/115300828733650992","error":""},"_links":{"self":[{"href":"https:\/\/www.europesays.com\/fr\/wp-json\/wp\/v2\/posts\/431979","targetHints":{"allow":["GET"]}}],"collection":[{"href":"https:\/\/www.europesays.com\/fr\/wp-json\/wp\/v2\/posts"}],"about":[{"href":"https:\/\/www.europesays.com\/fr\/wp-json\/wp\/v2\/types\/post"}],"author":[{"embeddable":true,"href":"https:\/\/www.europesays.com\/fr\/wp-json\/wp\/v2\/users\/2"}],"replies":[{"embeddable":true,"href":"https:\/\/www.europesays.com\/fr\/wp-json\/wp\/v2\/comments?post=431979"}],"version-history":[{"count":0,"href":"https:\/\/www.europesays.com\/fr\/wp-json\/wp\/v2\/posts\/431979\/revisions"}],"wp:featuredmedia":[{"embeddable":true,"href":"https:\/\/www.europesays.com\/fr\/wp-json\/wp\/v2\/media\/431980"}],"wp:attachment":[{"href":"https:\/\/www.europesays.com\/fr\/wp-json\/wp\/v2\/media?parent=431979"}],"wp:term":[{"taxonomy":"category","embeddable":true,"href":"https:\/\/www.europesays.com\/fr\/wp-json\/wp\/v2\/categories?post=431979"},{"taxonomy":"post_tag","embeddable":true,"href":"https:\/\/www.europesays.com\/fr\/wp-json\/wp\/v2\/tags?post=431979"}],"curies":[{"name":"wp","href":"https:\/\/api.w.org\/{rel}","templated":true}]}}