{"id":431983,"date":"2025-10-01T20:37:11","date_gmt":"2025-10-01T20:37:11","guid":{"rendered":"https:\/\/www.europesays.com\/fr\/431983\/"},"modified":"2025-10-01T20:37:11","modified_gmt":"2025-10-01T20:37:11","slug":"impossible-de-passer-a-lacte-sans-cyril-hanouna-geraldine-maillet-se-lache","status":"publish","type":"post","link":"https:\/\/www.europesays.com\/fr\/431983\/","title":{"rendered":"\u201cImpossible de passer \u00e0 l\u2019acte !\u201d : sans Cyril Hanouna, G\u00e9raldine Maillet se l\u00e2che"},"content":{"rendered":"<p>Ce 1er octobre, les t\u00e9l\u00e9spectateurs de TBT9 ont<br \/>\nd\u00e9couvert une nouvelle \u00e9mission un peu sp\u00e9ciale. En effet, Laurent<br \/>\nFontaine rempla\u00e7ait Cyril Hanouna et le fera aussi une partie de la<br \/>\nsoir\u00e9e du jeudi 2 octobre.<\/p>\n<p>Le trublion du PAF avait pr\u00e9venu son public quelques jours<br \/>\navant\u00a0: <strong>\u00ab\u00a0Je ne suis pas l\u00e0 la semaine prochaine,<br \/>\ndeux jours : mercredi et jeudi\u00a0\u00bb<\/strong>. Il avait expliqu\u00e9 la<br \/>\nraison aux t\u00e9l\u00e9spectateurs.<\/p>\n<p>TBT9\u00a0: Cyril Hanouna absent pour c\u00e9l\u00e9brer un jour<br \/>\nparticulier<\/p>\n<p><a href=\"https:\/\/www.closermag.fr\/people\/cyril-hanouna-en-couple-avec-tiphaine-auziere-un-ex-chroniqueur-met-les-pieds-dans-le-plat-3583576\" target=\"_blank\" rel=\"noopener\"><br \/>\nCyril Hanouna<\/a> avait expliqu\u00e9 pourquoi il n\u2019animerait pas ces<br \/>\n\u00e9missions du 1er et du 2 octobre. \u00a0\u00bb\u00a0Cela reste<br \/>\nentre nous, mais je suis un peu juif. Demain, c\u2019est<br \/>\n<strong>Kippour<\/strong>, c\u2019est le Grand Pardon \u00ab\u00a0, avait-il<br \/>\nannonc\u00e9. Pour le remplacer, l\u2019animateur a choisi <a href=\"https:\/\/www.closermag.fr\/people\/que-dalle-laurent-fontaine-depite-il-en-dit-plus-sur-le-montant-de-sa-retraite-3413860\" target=\"_blank\" rel=\"noopener\"><br \/>\nLaurent Fontaine<\/a>.\u00a0\u00ab\u00a0C&rsquo;est vous qui allez me remplacer,<br \/>\nje viens de le d\u00e9cider !\u00a0\u00bb\u00a0avait-il lanc\u00e9 \u00e0 son<br \/>\nchroniqueur. Mais pour ce dernier, la pression \u00e9tait bien trop<br \/>\ngrande.<\/p>\n<p>Cyril Hanouna avait alors d\u00fb rassurer l\u2019animateur de Y a que<br \/>\nla v\u00e9rit\u00e9 qui compte.\u00a0\u00ab\u00a0\u00c7a va tenir sur deux jours. On<br \/>\na d\u00e9cid\u00e9, avec la cha\u00eene&#8230; On s&rsquo;est dit :\u00a0<strong>&lsquo;C&rsquo;est<br \/>\nLaurent&rsquo;<\/strong>. C&rsquo;est un honneur, c&rsquo;est g\u00e9nial !\u00a0\u00bb avait<br \/>\nconfi\u00e9 le pr\u00e9sentateur de W9. Le principal int\u00e9ress\u00e9 n\u2019avait pas<br \/>\ncach\u00e9 son angoisse.\u00a0\u00ab\u00a0Je pense que celui qui ferait mieux<br \/>\nle taff \u00e0 ta place, c&rsquo;est <a href=\"https:\/\/www.closermag.fr\/people\/ils-changent-de-genre-derapage-transphobe-en-direct-sur-tbt9-les-propos-lunaires-de-matthieu-delormeau-3583565\" target=\"_blank\" rel=\"noopener\"><br \/>\nMatthieu Delormeau<\/a>. Sur TPMP People, Matthieu arrivait avec une<br \/>\ndemi-heure de retard sur l&rsquo;enregistrement, la cha\u00eene m&rsquo;a demand\u00e9 de<br \/>\nprendre sa place et en vrai,\u00a0<strong>je ne me suis pas senti<br \/>\nl\u00e9gitime<\/strong>\u00a0\u00bb avait-il lanc\u00e9. Cyril Hanouna avait<br \/>\nfinalement expliqu\u00e9 qu\u2019il reviendrait le 2 octobre \u00e0 20h16.<\/p>\n<blockquote class=\"twitter-tweet\"><p><a class=\"twitter-link\" rel=\"noindex, nofollow noopener\" href=\"https:\/\/twitter.com\/TBT9_W9\/status\/1973448346431004968\" target=\"_blank\"><\/p><\/blockquote>\n<p>G\u00e9raldine Maillet fait des confidences<br \/>\n\u00e0 Laurent Fontaine<\/p>\n<p>Ce 1er octobre, Laurent Fontaine s\u2019est adress\u00e9 \u00e0 <a href=\"https:\/\/www.closermag.fr\/people\/on-sest-demonte-le-geraldine-maillet-na-pas-oublie-sa-soiree-avec-francois-hollande-3581060\" target=\"_blank\" rel=\"noopener\"><br \/>\nG\u00e9raldine Maillet<\/a>, qui allait \u00e9voquer deux sujets en plateau :<br \/>\nla Fashion Week et Ga\u00ebl Monfils, qui a choisi de mettre un terme \u00e0<br \/>\nsa carri\u00e8re. Perturb\u00e9e, la chroniqueuse a alors fait un aveu :<br \/>\n\u00ab\u00a0<strong>moi j\u2019ai un probl\u00e8me ce soir<\/strong>\u00ab\u00a0. Elle a<br \/>\nalors expliqu\u00e9 qu\u2019elle arrivait \u00e0 tutoyer son confr\u00e8re lorsqu\u2019il<br \/>\n\u00e9tait assis en plateau, mais quelle \u00ab\u00a0\u00e9tait oblig\u00e9e de [le]<br \/>\nvouvoyez\u00a0\u00bb lorsqu\u2019il se trouvait \u00e0 la place de Cyril<br \/>\nHanouna.<\/p>\n<p>\u00ab\u00a0<strong>Impossible de passer \u00e0 l\u2019acte<\/strong>\u00a0\u00bb<br \/>\na-t-elle lanc\u00e9.\u00a0\u00ab\u00a0Mais qui vous demande de passer \u00e0 l&rsquo;acte<br \/>\n?\u00a0\u00bb a alors r\u00e9torqu\u00e9 Laurent Fontaine, avant de changer de<br \/>\nsujet en s\u2019adressant \u00e0 <a href=\"https:\/\/www.closermag.fr\/people\/jordan-de-luxe-outre-une-star-de-la-tele-realite-vrille-et-baisse-son-calecon-en-pleine-emission-3580462\" target=\"_blank\" rel=\"noopener\"><br \/>\nJordan de Luxe<\/a>.<\/p>\n<p><script async src=\"https:\/\/platform.twitter.com\/widgets.js\" charset=\"utf-8\"><\/script><\/p>\n","protected":false},"excerpt":{"rendered":"Ce 1er octobre, les t\u00e9l\u00e9spectateurs de TBT9 ont d\u00e9couvert une nouvelle \u00e9mission un peu sp\u00e9ciale. En effet, Laurent&hellip;\n","protected":false},"author":2,"featured_media":431984,"comment_status":"","ping_status":"","sticky":false,"template":"","format":"standard","meta":{"footnotes":""},"categories":[1359],"tags":[58,59,1011,27,1474,973,22497,49534],"class_list":{"0":"post-431983","1":"post","2":"type-post","3":"status-publish","4":"format-standard","5":"has-post-thumbnail","7":"category-people","8":"tag-divertissement","9":"tag-entertainment","10":"tag-fr","11":"tag-france","12":"tag-geraldine-maillet","13":"tag-people","14":"tag-tout-beau","15":"tag-tout-n9uf"},"share_on_mastodon":{"url":"https:\/\/pubeurope.com\/@fr\/115300836627338186","error":""},"_links":{"self":[{"href":"https:\/\/www.europesays.com\/fr\/wp-json\/wp\/v2\/posts\/431983","targetHints":{"allow":["GET"]}}],"collection":[{"href":"https:\/\/www.europesays.com\/fr\/wp-json\/wp\/v2\/posts"}],"about":[{"href":"https:\/\/www.europesays.com\/fr\/wp-json\/wp\/v2\/types\/post"}],"author":[{"embeddable":true,"href":"https:\/\/www.europesays.com\/fr\/wp-json\/wp\/v2\/users\/2"}],"replies":[{"embeddable":true,"href":"https:\/\/www.europesays.com\/fr\/wp-json\/wp\/v2\/comments?post=431983"}],"version-history":[{"count":0,"href":"https:\/\/www.europesays.com\/fr\/wp-json\/wp\/v2\/posts\/431983\/revisions"}],"wp:featuredmedia":[{"embeddable":true,"href":"https:\/\/www.europesays.com\/fr\/wp-json\/wp\/v2\/media\/431984"}],"wp:attachment":[{"href":"https:\/\/www.europesays.com\/fr\/wp-json\/wp\/v2\/media?parent=431983"}],"wp:term":[{"taxonomy":"category","embeddable":true,"href":"https:\/\/www.europesays.com\/fr\/wp-json\/wp\/v2\/categories?post=431983"},{"taxonomy":"post_tag","embeddable":true,"href":"https:\/\/www.europesays.com\/fr\/wp-json\/wp\/v2\/tags?post=431983"}],"curies":[{"name":"wp","href":"https:\/\/api.w.org\/{rel}","templated":true}]}}