{"id":431989,"date":"2025-10-01T20:40:13","date_gmt":"2025-10-01T20:40:13","guid":{"rendered":"https:\/\/www.europesays.com\/fr\/431989\/"},"modified":"2025-10-01T20:40:13","modified_gmt":"2025-10-01T20:40:13","slug":"tracker-un-depart-denvergure-et-un-grand-retour-bousculent-la-saison-2-de-la-serie-diffusee-sur-tf1","status":"publish","type":"post","link":"https:\/\/www.europesays.com\/fr\/431989\/","title":{"rendered":"\u00ab\u00a0Tracker\u00a0\u00bb : Un d\u00e9part d&rsquo;envergure et un grand retour bousculent la saison 2 de la s\u00e9rie diffus\u00e9e sur TF1"},"content":{"rendered":"<p>La suite apr\u00e8s la publicit\u00e9<\/p>\n<p>C&rsquo;est l&rsquo;un des d\u00e9fis r\u00e9ussis de l&rsquo;ann\u00e9e pour TF1. La premi\u00e8re cha\u00eene a choisi de diffuser <a href=\"https:\/\/www.ozap.com\/actu\/tracker-tf1-annonce-la-date-de-lancement-de-sa-nouvelle-serie-americaine-evenement-avec-justin-hartley-this-is-us\/651125\" rel=\"nofollow noopener\" target=\"_blank\">\u00ab\u00a0Tracker\u00a0\u00bb, une s\u00e9rie au succ\u00e8s incontest\u00e9<\/a> aux \u00c9tats-Unis (8 millions de t\u00e9l\u00e9spectateurs en moyenne pour la saison 1) et d\u00e9j\u00e0 disponible en France sur Disney+. Malgr\u00e9 sa m\u00e9canique somme toute classique, le polar port\u00e9 par Justin Hartley (\u00ab\u00a0Smallville\u00a0\u00bb, \u00ab\u00a0This is us\u00a0\u00bb) a embarqu\u00e9 <a href=\"https:\/\/www.ozap.com\/actu\/audiences-carton-pour-la-nouvelle-serie-de-tf1-avec-justin-hartley-m6-et-zone-interdite-battues-par-arte\/651345\" rel=\"nofollow noopener\" target=\"_blank\"><strong>3,75 millions <\/strong>de curieux pour ses deux premiers \u00e9pisodes<\/a>, retransmis le 27 ao\u00fbt dernier. Les aventures de ce loup solitaire charg\u00e9 de retrouver les personnes disparues aux d\u00e9pens de la police ont <a href=\"https:\/\/www.ozap.com\/actu\/audiences-le-guepard-sur-france-2-cartouche-sur-arte-quel-hommage-a-claudia-cardinale-programme-a-la-derniere-minute-a-ete-le-plus-suivi\/651764\" rel=\"nofollow noopener\" target=\"_blank\">continu\u00e9 de f\u00e9d\u00e9rer les f\u00e9rus d&rsquo;action et d&rsquo;enqu\u00eates<\/a> tout au long de cette premi\u00e8re saison, qui se termine ce mercredi 1er octobre. Mais que tous se rassurent, d\u00e8s 21h55, commencera la deuxi\u00e8me saison du show avec l&rsquo;\u00e9pisode \u00ab\u00a0Rattrap\u00e9s par le pass\u00e9\u00a0\u00bb.<\/p>\n<p>Une grande absence et le retour d&rsquo;un personnage appr\u00e9ci\u00e9<\/p>\n<p>Cette deuxi\u00e8me salve s&rsquo;annonce plus dense et ambitieuse. Elle va \u00e9largir le cercle autour de Colter Shaw, plong\u00e9 dans l&rsquo;Arkansas pour investiguer autour de la disparition d&rsquo;une famille enti\u00e8re apr\u00e8s que celle-ci a gagn\u00e9 un gros lot. Mais, il ne pourra plus compter sur les services de son assistante, Teddi Bruin, laquelle a d\u00fb quitter la bande atypique pour veiller sur sa m\u00e8re. Son interpr\u00e8te Robin Weigert quitte donc la fiction apr\u00e8s seulement une saison.<\/p>\n<p>Pour autant, le casting s&rsquo;enrichit avec le retour d&rsquo;un personnage appr\u00e9ci\u00e9, Russell Shaw, qui n&rsquo;est autre que le fr\u00e8re du h\u00e9ros. Ce dernier, camp\u00e9 par Jensen Ackles et aper\u00e7u lors de la premi\u00e8re saison, aura un gros r\u00f4le \u00e0 jouer d\u00e8s le deuxi\u00e8me \u00e9pisode. Il sera en effet engag\u00e9 par Reenie Greene apr\u00e8s la myst\u00e9rieuse disparition de Colter, lui-m\u00eame \u00e0 la recherche d&rsquo;un p\u00e8re \u00e9vapor\u00e9 dans l&rsquo;air. \u00ab\u00a0Le fr\u00e8re et la s\u0153ur de Colter feront des allers-retours dans la s\u00e9rie\u00a0\u00bb, a r\u00e9v\u00e9l\u00e9 le producteur ex\u00e9cutif Elwood Reid \u00e0 \u00ab\u00a0TV Insider\u00a0\u00bb pour mettre l&rsquo;eau \u00e0 la bouche des fans.<\/p>\n<p>Les sc\u00e9naristes de \u00ab\u00a0Tracker\u00a0\u00bb ne manquent pas d&rsquo;imagination pour bouleverser le baroudeur dans sa routine solitaire. Colter Shaw a en effet appris \u00e0 collaborer en milieu de saison avec son ex et ennemie jur\u00e9e, Billie Matalon. Plus cocasse encore, ce personnage est interpr\u00e9t\u00e9 par <a href=\"https:\/\/www.ozap.com\/actu\/tracker-surprise-la-femme-de-justin-hartley-debarque-ce-soir-dans-la-serie-de-tf1\/651549\" rel=\"nofollow noopener\" target=\"_blank\">Sofia Pernas qui n\u2019est nulle autre l\u2019\u00e9pouse de Justin Hartley dans la vie r\u00e9elle<\/a>. Dans une interview \u00e0 \u00ab\u00a0Cin\u00e9 T\u00e9l\u00e9 Revue\u00a0\u00bb, Justin Hartley s\u2019est montr\u00e9 enthousiaste \u00e0 l\u2019id\u00e9e de tourner avec sa compagne. \u00ab\u00a0Si je le pouvais, je passerais chaque minute avec elle ! D\u00e8s que j\u2019ai l\u2019occasion de bosser avec elle, je fonce ! (\u2026) Il n\u2019y a rien de plus g\u00e9nial que de regarder travailler quelqu\u2019un qui compte autant \u00e0 mes yeux, dont je suis si fier et\u2026 tr\u00e8s fan !\u00a0\u00bb, s&rsquo;est-il r\u00e9jouit, avant d&rsquo;ajouter : \u00ab\u00a0C\u2019est une actrice qui a tellement de talent ! Elle \u00e9l\u00e8ve la qualit\u00e9 de ses sc\u00e8nes, ce qui rend le boulot plus facile pour moi. En plus, j\u2019adore son personnage de \u2018badass\u2019, et elle lui donne tellement de nuances. On s\u2019amuse beaucoup ensemble sur le tournage\u00a0\u00bb.\u00a0<\/p>\n","protected":false},"excerpt":{"rendered":"La suite apr\u00e8s la publicit\u00e9 C&rsquo;est l&rsquo;un des d\u00e9fis r\u00e9ussis de l&rsquo;ann\u00e9e pour TF1. La premi\u00e8re cha\u00eene a&hellip;\n","protected":false},"author":2,"featured_media":431990,"comment_status":"","ping_status":"","sticky":false,"template":"","format":"standard","meta":{"footnotes":""},"categories":[1356],"tags":[58,59,1011,27,252,1364],"class_list":{"0":"post-431989","1":"post","2":"type-post","3":"status-publish","4":"format-standard","5":"has-post-thumbnail","7":"category-television","8":"tag-divertissement","9":"tag-entertainment","10":"tag-fr","11":"tag-france","12":"tag-television","13":"tag-tv"},"share_on_mastodon":{"url":"https:\/\/pubeurope.com\/@fr\/115300848446333611","error":""},"_links":{"self":[{"href":"https:\/\/www.europesays.com\/fr\/wp-json\/wp\/v2\/posts\/431989","targetHints":{"allow":["GET"]}}],"collection":[{"href":"https:\/\/www.europesays.com\/fr\/wp-json\/wp\/v2\/posts"}],"about":[{"href":"https:\/\/www.europesays.com\/fr\/wp-json\/wp\/v2\/types\/post"}],"author":[{"embeddable":true,"href":"https:\/\/www.europesays.com\/fr\/wp-json\/wp\/v2\/users\/2"}],"replies":[{"embeddable":true,"href":"https:\/\/www.europesays.com\/fr\/wp-json\/wp\/v2\/comments?post=431989"}],"version-history":[{"count":0,"href":"https:\/\/www.europesays.com\/fr\/wp-json\/wp\/v2\/posts\/431989\/revisions"}],"wp:featuredmedia":[{"embeddable":true,"href":"https:\/\/www.europesays.com\/fr\/wp-json\/wp\/v2\/media\/431990"}],"wp:attachment":[{"href":"https:\/\/www.europesays.com\/fr\/wp-json\/wp\/v2\/media?parent=431989"}],"wp:term":[{"taxonomy":"category","embeddable":true,"href":"https:\/\/www.europesays.com\/fr\/wp-json\/wp\/v2\/categories?post=431989"},{"taxonomy":"post_tag","embeddable":true,"href":"https:\/\/www.europesays.com\/fr\/wp-json\/wp\/v2\/tags?post=431989"}],"curies":[{"name":"wp","href":"https:\/\/api.w.org\/{rel}","templated":true}]}}