{"id":432006,"date":"2025-10-01T20:49:12","date_gmt":"2025-10-01T20:49:12","guid":{"rendered":"https:\/\/www.europesays.com\/fr\/432006\/"},"modified":"2025-10-01T20:49:12","modified_gmt":"2025-10-01T20:49:12","slug":"vous-trouvez-quil-a-fait-moche-durant-ce-mois-de-septembre-ce-netait-pas-quune-impression","status":"publish","type":"post","link":"https:\/\/www.europesays.com\/fr\/432006\/","title":{"rendered":"Vous trouvez qu\u2019il a fait moche durant ce mois de septembre\u00a0? Ce n\u2019\u00e9tait pas qu\u2019une impression"},"content":{"rendered":"<p>        <img decoding=\"async\" loading=\"lazy\" src=\"https:\/\/www.europesays.com\/fr\/wp-content\/uploads\/2025\/10\/9655c6a_upload-1-2h0us3kamgdw-afp-20250902-737m8be-v1-highres-franceweather.jpg\"  width=\"728\" height=\"409\" alt=\"Les Fran\u00e7ais ont fait grise mine durant ce mois de septembre\u00a02025\u00a0d\u00e9ficitaire en ensoleillement. \"\/>  <\/p>\n<p>LUDOVIC MARIN \/ AFP<\/p>\n<p>Les Fran\u00e7ais ont fait grise mine durant ce mois de septembre\u00a02025\u00a0d\u00e9ficitaire en ensoleillement. <\/p>\n<p class=\"asset asset-text\">M\u00c9T\u00c9O &#8211; Les Fran\u00e7ais ont le nez creux. \u00c0 l\u2019issue du mois de septembre, M\u00e9t\u00e9o-France a d\u00e9voil\u00e9 ce mercredi 1er\u00a0octobre un bilan climatique du mois pass\u00e9 qui <a href=\"https:\/\/www.huffingtonpost.fr\/france\/article\/dans-les-alpes-et-les-pyrenees-l-automne-commence-a-peine-que-la-neige-fait-deja-son-retour_255150.html\" target=\"_blank\" rel=\"noopener\">ne fera pas mentir les plus circonspects<\/a> face \u00e0 la m\u00e9t\u00e9o des 30\u00a0derniers jours en France.<\/p>\n<p class=\"asset asset-text\">Et parmi les premiers \u00e9l\u00e9ments que M\u00e9t\u00e9o France retient, il y a l\u2019absence de soleil constat\u00e9 dans l\u2019Hexagone alors que l\u2019\u00e9t\u00e9 jouait pourtant les prolongations jusqu\u2019au samedi 21\u00a0juin. Le service fran\u00e7ais de m\u00e9t\u00e9orologie note \u00e0 ce titre \u00ab\u00a0un mois particuli\u00e8rement gris avec un d\u00e9ficit d\u2019ensoleillement de 15\u00a0%\u00a0\u00bb. C\u2019est d\u2019ailleurs le premier mois d\u00e9ficitaire depuis le d\u00e9but de l\u2019ann\u00e9e et m\u00eame depuis octobre\u00a02024. Suffisant pour \u00e9voquer un \u00ab\u00a0mois de septembre en demi-teinte\u00a0\u00bb.<\/p>\n<p class=\"asset asset-text\">Pour autant, ce bilan note quelques points plut\u00f4t raccords avec cette p\u00e9riode de l\u2019ann\u00e9e puisque la temp\u00e9rature moyenne sur le mois et sur le pays reste conforme \u00e0 la normale, avec 17,5\u00a0\u00b0C.<\/p>\n<p>         <img decoding=\"async\" loading=\"lazy\" src=\"https:\/\/www.europesays.com\/fr\/wp-content\/uploads\/2025\/10\/d6dfa7f_upload-1-cvfqlkizb6kr-unnamed.png\"  width=\"728\" height=\"410\" alt=\"\u00c9volution des temp\u00e9ratures enregistr\u00e9es en France durant le mois de septembre 2025.\"\/>  <\/p>\n<p>M\u00e9t\u00e9o France<\/p>\n<p>\u00c9volution des temp\u00e9ratures enregistr\u00e9es en France durant le mois de septembre 2025.<\/p>\n<p class=\"asset asset-text\">M\u00e9t\u00e9o France souligne d\u2019ailleurs un \u00ab\u00a0pic de chaleur tardif suivi d\u2019un \u00e9pisode de fra\u00eecheur pr\u00e9coce en fin de mois\u00a0\u00bb pour expliquer cet \u00e9quilibre. Dans le d\u00e9tail, les temp\u00e9ratures enregistr\u00e9es les quinze premiers jours ont oscill\u00e9 autour de la normale, <a href=\"https:\/\/www.huffingtonpost.fr\/france\/article\/meteo-la-france-va-connaitre-un-court-pic-de-chaleur-jusqu-a-35-c-pour-les-derniers-jours-de-l-ete_254907.html\" target=\"_blank\" rel=\"noopener\">avant un pic de chaleur tardif observ\u00e9 les 19 et 20\u00a0septembre<\/a>. Suivi presque aussit\u00f4t de temp\u00e9ratures souvent dignes d\u2019un d\u00e9but de mois de novembre du 23 au 26\u00a0septembre.<\/p>\n<p>                     Des passages pluvieux d\u2019ampleur    <\/p>\n<p class=\"asset asset-text\">Durant le pic de chaleur remarquable, les temp\u00e9ratures ont d\u00e9pass\u00e9 30\u00a0\u00b0C sur pr\u00e8s de la moiti\u00e9 du territoire. Les 35\u00a0\u00b0C ont m\u00eame \u00e9t\u00e9 localement d\u00e9pass\u00e9s sur le Sud-Ouest. \u00c0 l\u2019inverse, l\u2019\u00e9pisode de fra\u00eecheur pr\u00e9coce a enregistr\u00e9 des temp\u00e9ratures inf\u00e9rieures de 5\u00a0\u00b0C aux normales de saison. <a href=\"https:\/\/www.huffingtonpost.fr\/environnement\/article\/combien-la-meteo-extreme-de-l-ete-a-t-elle-coute-a-l-europe_254826.html\" target=\"_blank\" rel=\"noopener\">Avec le changement climatique<\/a>, ce genre de <a href=\"https:\/\/www.huffingtonpost.fr\/environnement\/article\/secheresse-incendie-l-ete-caniculaire-presque-record-de-2025-n-est-qu-un-avant-gout-de-l-apres_254302.html\" target=\"_blank\" rel=\"noopener\">pics de chaleurs tardifs<\/a> sont plus probables et plus fr\u00e9quents, rappelle M\u00e9t\u00e9o France, qui souligne aussi que ces \u00e9pisodes froids et pr\u00e9coces ne sont pas in\u00e9dits, mais tendent \u00e0 devenir de plus en plus rares, toujours \u00e0 cause du changement climatique.<\/p>\n<p class=\"asset asset-text\">Pour le reste l\u2019exc\u00e9dent pluviom\u00e9trique a atteint 15\u00a0% en septembre\u00a02025, \u00e0 l\u2019\u00e9chelle du mois et du pays. Avec plusieurs \u00ab\u00a0plusieurs passages pluvieux d\u2019ampleur\u00a0\u00bb qui ont d\u2019ailleurs entra\u00een\u00e9 plusieurs inondations dans le sud-est de la France ou dans les C\u00f4tes-d\u2019Armor, <a href=\"https:\/\/www.huffingtonpost.fr\/france\/article\/dans-les-cotes-d-armor-les-pluies-diluviennes-et-inondations-font-au-moins-un-mort_255107.html\" target=\"_blank\" rel=\"noopener\">o\u00f9 une femme est d\u2019ailleurs d\u00e9c\u00e9d\u00e9e<\/a> dimanche 21\u00a0septembre.<\/p>\n<p class=\"asset asset-text\">M\u00e9t\u00e9o France liste notamment les d\u00e9g\u00e2ts caus\u00e9s le <a href=\"https:\/\/www.huffingtonpost.fr\/france\/article\/rentree-scolaire-reportee-orages-le-retour-a-l-ecole-de-ce-lundi-perturbe-par-les-intemperies_254228.html\" target=\"_blank\" rel=\"noopener\">1er\u00a0septembre, jour de rentr\u00e9e, dans l\u2019arri\u00e8re-pays h\u00e9raultais et le Gard<\/a>, le 8 pr\u00e8s des fronti\u00e8res luxembourgeoise et allemande, ceux provoqu\u00e9s du 11 au 13 sur le Pas-de-Calais et enfin le 21 sur les C\u00f4tes-d\u2019Armor ou encore <a href=\"https:\/\/www.huffingtonpost.fr\/france\/video\/de-marseille-a-cassis-les-images-des-rues-devenues-torrents-dans-les-bouches-du-rhone_255092.html\" target=\"_blank\" rel=\"noopener\">\u00e0 l\u2019est du Rh\u00f4ne<\/a>, pr\u00e8s de la M\u00e9diterran\u00e9e.<\/p>\n","protected":false},"excerpt":{"rendered":"LUDOVIC MARIN \/ AFP Les Fran\u00e7ais ont fait grise mine durant ce mois de septembre\u00a02025\u00a0d\u00e9ficitaire en ensoleillement. M\u00c9T\u00c9O&hellip;\n","protected":false},"author":2,"featured_media":432007,"comment_status":"","ping_status":"","sticky":false,"template":"","format":"standard","meta":{"footnotes":""},"categories":[4],"tags":[11,436,1011,27,40824,2487,2357,12,25],"class_list":{"0":"post-432006","1":"post","2":"type-post","3":"status-publish","4":"format-standard","5":"has-post-thumbnail","7":"category-france","8":"tag-actualites","9":"tag-environnement","10":"tag-fr","11":"tag-france","12":"tag-innondation","13":"tag-meteo","14":"tag-meteo-france","15":"tag-news","16":"tag-republique-francaise"},"share_on_mastodon":{"url":"https:\/\/pubeurope.com\/@fr\/115300883941886501","error":""},"_links":{"self":[{"href":"https:\/\/www.europesays.com\/fr\/wp-json\/wp\/v2\/posts\/432006","targetHints":{"allow":["GET"]}}],"collection":[{"href":"https:\/\/www.europesays.com\/fr\/wp-json\/wp\/v2\/posts"}],"about":[{"href":"https:\/\/www.europesays.com\/fr\/wp-json\/wp\/v2\/types\/post"}],"author":[{"embeddable":true,"href":"https:\/\/www.europesays.com\/fr\/wp-json\/wp\/v2\/users\/2"}],"replies":[{"embeddable":true,"href":"https:\/\/www.europesays.com\/fr\/wp-json\/wp\/v2\/comments?post=432006"}],"version-history":[{"count":0,"href":"https:\/\/www.europesays.com\/fr\/wp-json\/wp\/v2\/posts\/432006\/revisions"}],"wp:featuredmedia":[{"embeddable":true,"href":"https:\/\/www.europesays.com\/fr\/wp-json\/wp\/v2\/media\/432007"}],"wp:attachment":[{"href":"https:\/\/www.europesays.com\/fr\/wp-json\/wp\/v2\/media?parent=432006"}],"wp:term":[{"taxonomy":"category","embeddable":true,"href":"https:\/\/www.europesays.com\/fr\/wp-json\/wp\/v2\/categories?post=432006"},{"taxonomy":"post_tag","embeddable":true,"href":"https:\/\/www.europesays.com\/fr\/wp-json\/wp\/v2\/tags?post=432006"}],"curies":[{"name":"wp","href":"https:\/\/api.w.org\/{rel}","templated":true}]}}