{"id":432025,"date":"2025-10-01T20:59:09","date_gmt":"2025-10-01T20:59:09","guid":{"rendered":"https:\/\/www.europesays.com\/fr\/432025\/"},"modified":"2025-10-01T20:59:09","modified_gmt":"2025-10-01T20:59:09","slug":"sept-personnes-incommodees-dont-un-bebe","status":"publish","type":"post","link":"https:\/\/www.europesays.com\/fr\/432025\/","title":{"rendered":"sept personnes incommod\u00e9es dont un b\u00e9b\u00e9"},"content":{"rendered":"<p melodystyle=\"texte\">Un important d\u00e9gagement de fum\u00e9e a mobilis\u00e9 d&rsquo;importants moyens de secours, mercredi 1er\u00a0octobre \u00e0 Petit-Quevilly. Les pompiers ont re\u00e7u l&rsquo;alerte \u00e0 20\u00a0heures, pour un feu signal\u00e9 dans un immeuble collectif situ\u00e9 all\u00e9e Henri-Matisse.\u00a0A leur arriv\u00e9e, les sapeurs-pompiers ont constat\u00e9 que\u00a0des aliments rest\u00e9s sur le feu ont provoqu\u00e9 l&rsquo;\u00e9pais d\u00e9gagement de fum\u00e9e dans un appartement situ\u00e9 au cinqui\u00e8me\u00a0\u00e9tage d&rsquo;un b\u00e2timent de sept niveaux.<\/p>\n<p>Un b\u00e9b\u00e9 et des enfants parmi les personnes intoxiqu\u00e9es<\/p>\n<p melodystyle=\"texte\">Vingt-deux pompiers et six engins ont \u00e9t\u00e9 engag\u00e9s, avec le concours de la police. Les secours ont proc\u00e9d\u00e9 aux reconnaissances, \u00e0 l&rsquo;extinction et \u00e0 la ventilation des lieux. Plusieurs personnes ayant inhal\u00e9 des fum\u00e9es ont \u00e9t\u00e9 prises en charge. Une femme de 36 ans, un nouveau-n\u00e9 de 2 mois, une fille et un gar\u00e7on de 4 ans, intoxiqu\u00e9s l\u00e9g\u00e8rement, ont \u00e9t\u00e9 transport\u00e9s au centre hospitalier d&rsquo;Elbeuf. Un homme de 26 ans et deux femmes \u00e2g\u00e9es de 21 ans et 56 ans, en urgence relative, ont \u00e9t\u00e9 admis au centre hospitalier de Petit-Quevilly.<\/p>\n<p melodystyle=\"texte\">La famille de quatre personnes de l&rsquo;appartement sinistr\u00e9 a d\u00fb \u00eatre relog\u00e9e.<\/p>\n","protected":false},"excerpt":{"rendered":"Un important d\u00e9gagement de fum\u00e9e a mobilis\u00e9 d&rsquo;importants moyens de secours, mercredi 1er\u00a0octobre \u00e0 Petit-Quevilly. Les pompiers ont&hellip;\n","protected":false},"author":2,"featured_media":432026,"comment_status":"","ping_status":"","sticky":false,"template":"","format":"standard","meta":{"footnotes":""},"categories":[9587],"tags":[1111,11,1777,674,1011,27,12,5161,25,9590],"class_list":{"0":"post-432025","1":"post","2":"type-post","3":"status-publish","4":"format-standard","5":"has-post-thumbnail","7":"category-rouen","8":"tag-actu","9":"tag-actualites","10":"tag-eu","11":"tag-europe","12":"tag-fr","13":"tag-france","14":"tag-news","15":"tag-normandie","16":"tag-republique-francaise","17":"tag-rouen"},"share_on_mastodon":{"url":"https:\/\/pubeurope.com\/@fr\/115300923121478971","error":""},"_links":{"self":[{"href":"https:\/\/www.europesays.com\/fr\/wp-json\/wp\/v2\/posts\/432025","targetHints":{"allow":["GET"]}}],"collection":[{"href":"https:\/\/www.europesays.com\/fr\/wp-json\/wp\/v2\/posts"}],"about":[{"href":"https:\/\/www.europesays.com\/fr\/wp-json\/wp\/v2\/types\/post"}],"author":[{"embeddable":true,"href":"https:\/\/www.europesays.com\/fr\/wp-json\/wp\/v2\/users\/2"}],"replies":[{"embeddable":true,"href":"https:\/\/www.europesays.com\/fr\/wp-json\/wp\/v2\/comments?post=432025"}],"version-history":[{"count":0,"href":"https:\/\/www.europesays.com\/fr\/wp-json\/wp\/v2\/posts\/432025\/revisions"}],"wp:featuredmedia":[{"embeddable":true,"href":"https:\/\/www.europesays.com\/fr\/wp-json\/wp\/v2\/media\/432026"}],"wp:attachment":[{"href":"https:\/\/www.europesays.com\/fr\/wp-json\/wp\/v2\/media?parent=432025"}],"wp:term":[{"taxonomy":"category","embeddable":true,"href":"https:\/\/www.europesays.com\/fr\/wp-json\/wp\/v2\/categories?post=432025"},{"taxonomy":"post_tag","embeddable":true,"href":"https:\/\/www.europesays.com\/fr\/wp-json\/wp\/v2\/tags?post=432025"}],"curies":[{"name":"wp","href":"https:\/\/api.w.org\/{rel}","templated":true}]}}