{"id":432035,"date":"2025-10-01T21:05:11","date_gmt":"2025-10-01T21:05:11","guid":{"rendered":"https:\/\/www.europesays.com\/fr\/432035\/"},"modified":"2025-10-01T21:05:11","modified_gmt":"2025-10-01T21:05:11","slug":"theatre-national-de-strasbourg-echange-sur-le-jeu-dacteur-avec-bruno-putzulu-2","status":"publish","type":"post","link":"https:\/\/www.europesays.com\/fr\/432035\/","title":{"rendered":"Th\u00e9\u00e2tre national de Strasbourg. \u00c9change sur le jeu d\u2019acteur avec Bruno Putzulu"},"content":{"rendered":"<p>Le com\u00e9dien Bruno Putzulu (pensionnaire de la Com\u00e9die Fran\u00e7aise jusqu\u2019en 2003, c\u00e9sar du meilleur espoir pour Petits d\u00e9sordres amoureux en 1999) viendra \u00e9changer autour du jeu d\u2019acteur sur sc\u00e8ne comme \u00e0 l\u2019\u00e9cran ce vendredi 3\u00a0octobre de 10\u00a0h\u00a025 \u00e0 12\u00a0h \u00e0 l\u2019Espace Gruber du Th\u00e9\u00e2tre National de Strasbourg (*). Cette rencontre ouverte au grand public est organis\u00e9e dans le cadre du colloque \u00ab\u00a0Quoi d\u2019neuf acteur\u00a0? Regards contemporains sur les acteurs et actrices au cin\u00e9ma\u00a0\u00bb qui se tient du 1er au 3\u00a0octobre \u00e0 Strasbourg.<\/p>\n<p class=\"note\">(*) Entr\u00e9e libre dans la limite des places disponibles.<\/p>\n","protected":false},"excerpt":{"rendered":"Le com\u00e9dien Bruno Putzulu (pensionnaire de la Com\u00e9die Fran\u00e7aise jusqu\u2019en 2003, c\u00e9sar du meilleur espoir pour Petits d\u00e9sordres&hellip;\n","protected":false},"author":2,"featured_media":431779,"comment_status":"","ping_status":"","sticky":false,"template":"","format":"standard","meta":{"footnotes":""},"categories":[2820],"tags":[1111,11,1687,1777,674,1011,27,775,12,25,3140,640],"class_list":{"0":"post-432035","1":"post","2":"type-post","3":"status-publish","4":"format-standard","5":"has-post-thumbnail","7":"category-strasbourg","8":"tag-actu","9":"tag-actualites","10":"tag-culture-loisirs","11":"tag-eu","12":"tag-europe","13":"tag-fr","14":"tag-france","15":"tag-grand-est","16":"tag-news","17":"tag-republique-francaise","18":"tag-spectacle","19":"tag-strasbourg"},"share_on_mastodon":{"url":"https:\/\/pubeurope.com\/@fr\/115300946804488497","error":""},"_links":{"self":[{"href":"https:\/\/www.europesays.com\/fr\/wp-json\/wp\/v2\/posts\/432035","targetHints":{"allow":["GET"]}}],"collection":[{"href":"https:\/\/www.europesays.com\/fr\/wp-json\/wp\/v2\/posts"}],"about":[{"href":"https:\/\/www.europesays.com\/fr\/wp-json\/wp\/v2\/types\/post"}],"author":[{"embeddable":true,"href":"https:\/\/www.europesays.com\/fr\/wp-json\/wp\/v2\/users\/2"}],"replies":[{"embeddable":true,"href":"https:\/\/www.europesays.com\/fr\/wp-json\/wp\/v2\/comments?post=432035"}],"version-history":[{"count":0,"href":"https:\/\/www.europesays.com\/fr\/wp-json\/wp\/v2\/posts\/432035\/revisions"}],"wp:featuredmedia":[{"embeddable":true,"href":"https:\/\/www.europesays.com\/fr\/wp-json\/wp\/v2\/media\/431779"}],"wp:attachment":[{"href":"https:\/\/www.europesays.com\/fr\/wp-json\/wp\/v2\/media?parent=432035"}],"wp:term":[{"taxonomy":"category","embeddable":true,"href":"https:\/\/www.europesays.com\/fr\/wp-json\/wp\/v2\/categories?post=432035"},{"taxonomy":"post_tag","embeddable":true,"href":"https:\/\/www.europesays.com\/fr\/wp-json\/wp\/v2\/tags?post=432035"}],"curies":[{"name":"wp","href":"https:\/\/api.w.org\/{rel}","templated":true}]}}