{"id":432046,"date":"2025-10-01T21:11:13","date_gmt":"2025-10-01T21:11:13","guid":{"rendered":"https:\/\/www.europesays.com\/fr\/432046\/"},"modified":"2025-10-01T21:11:13","modified_gmt":"2025-10-01T21:11:13","slug":"avignon-une-ecole-au-tnba-un-zapping-vivant-de-lhistoire-du-mythique-festival","status":"publish","type":"post","link":"https:\/\/www.europesays.com\/fr\/432046\/","title":{"rendered":"\u00ab\u00a0Avignon, une \u00e9cole\u00a0\u00bb au TNBA, un zapping vivant de l&rsquo;histoire du mythique festival"},"content":{"rendered":"<p class=\"wp-block-post-excerpt__excerpt\">Dans la derni\u00e8re cr\u00e9ation de Fanny de Chaill\u00e9, quatorze jeunes com\u00e9diens font d\u00e9filer plus de soixante-dix ans de l\u2019histoire du festival fond\u00e9 par Jean Vilar. La pi\u00e8ce propose plusieurs niveaux de lectures : pointue, satire, ou encore engag\u00e9e. <\/p>\n<p class=\"font-sans\">\n\t\t\tCet article est en acc\u00e8s libre. Pour soutenir Rue89Bordeaux,<br \/>\n\t\t\t<a class=\"underline\" href=\"https:\/\/rue89bordeaux.com\/abonnement\/\" target=\"_blank\" rel=\"noopener\">abonnez-vous<\/a>.\n\t\t<\/p>\n<p>Walid Salem<\/p>\n<p>Publi\u00e9 le 1 octobre 2025\u00a0\u00a0\u00b7\u00a0\u00a0<\/p>\n<p>Imprim\u00e9 le 1er octobre 2025 \u00e0 23h11\u00a0\u00a0\u00b7\u00a0\u00a0<\/p>\n<p>\t\t\t\t\t2\u00a0minutes\n<\/p>\n<p>Avignon, une \u00e9cole est une cr\u00e9ation de Fanny de Chaill\u00e9 pr\u00e9sent\u00e9e pour la premi\u00e8re fois au plus grand festival de th\u00e9\u00e2tre fran\u00e7ais en 2024. Quelques semaines plus tard, la metteuse en sc\u00e8ne d\u00e9barquait \u00e0 la t\u00eate du Th\u00e9\u00e2tre national Bordeaux Aquitaine et proposait au public bordelais deux de ses \u0153uvres Le Ch\u0153ur et Une autre histoire du th\u00e9\u00e2tre. Mais pas celle-ci.<\/p>\n<p>C\u2019est chose faite pour cette ouverture de la saison 2025-2026. Avignon, une \u00e9cole est sur les planches de la salle Vitez jusqu\u2019au 4 octobre. La pi\u00e8ce est du pur de Chaill\u00e9 : une succession de tableaux men\u00e9e par un groupe de jeunes com\u00e9diens et com\u00e9diennes, un d\u00e9cor qui tient \u00e0 quelques accessoires, une narration survolt\u00e9e accompagn\u00e9e de d\u00e9placements millim\u00e9tr\u00e9s quasi chor\u00e9graphiques.<\/p>\n<p>Le sujet ? L\u2019histoire du festival d\u2019Avignon et de (pas tout \u00e0 fait) ses 77 \u00e9ditions, \u00e0 travers la lecture des archives faite par 14 actrices et acteurs issus d\u2019une promo de La Manufacture \u2013 Haute \u00c9cole des Arts de la Sc\u00e8ne de Lausanne.<\/p>\n<p>Outre les sc\u00e8nes r\u00e9f\u00e9rences, voire mythiques, qu\u2019il faut retrouver parmi les chefs d\u2019\u0153uvres dont certains ont anim\u00e9 la cour du Palais des Papes, le bruit de fond des cigales ou des hirondelles sont d\u2019autres indices. Ils nous conduisent aux clo\u00eetres des C\u00e9lestins (et ses deux platanes) ou des Carmes, ou encore \u00e0 la Carri\u00e8re de Boulbon.<\/p>\n<p>\t\tJusqu\u2019au d\u00e9shonneur<\/p>\n<p>Le spectacle propose au public deux entr\u00e9es : soit vous \u00eates fin connaisseur des soir\u00e9es avignonnaises de sorte que chaque tableau vous donnera un sourire nostalgique et ravivera les vieux souvenirs de Jean Vilar, Jeanne Moreau ou encore Maria Casar\u00e8s ; soi vous \u00eates n\u00e9ophyte et suffisamment curieux au point de vouloir comprendre \u00e0 quoi font r\u00e9f\u00e9rence ses imitations, parfois subtiles \u2013 Bob Wilson avec Einstein on the Beach (1976) \u2013, parfois radicales \u2013 Living Theatre avec Paradise now (1968) \u2013, et parfois caricaturaux \u2013 Isabelle Huppert dans M\u00e9d\u00e9e (2000).<\/p>\n<p>Si vous n\u2019\u00eates ni l\u2019un ni l\u2019autre, vous piocherez dans les quelques messages universels : les yeux d\u2019une grand-m\u00e8re qui trouve chez son petits-fils une ressemblance avec le beau G\u00e9rard Philippe, une satire de la presse avec un remake bien trouss\u00e9 du Masque et la plume (sans doute), les \u00e9tats d\u2019\u00e2me sinon le trac de jeunes acteurs, la r\u00e9volte \u2013 toujours d\u2019actualit\u00e9 \u2013 des intermittents du spectacle emp\u00eachant la tenue de l\u2019\u00e9dition de 2003 face \u00e0 la r\u00e9forme de l\u2019assurance ch\u00f4mage du gouvernement Raffarin (et du Medef) durcissannt les conditions de leurs indemnisations.<\/p>\n<p>Ce zapping vivant nous conduit jusqu\u2019au scandale provoqu\u00e9 par la pi\u00e8ce Carte noir nomm\u00e9 d\u00e9sir de R\u00e9becca Chaillon en juillet 2023. Plusieurs spectateurs avaient alors agress\u00e9 verbalement, voire physiquement, les com\u00e9diennes noires sur sc\u00e8ne ou dans la ville, jugeant certaines sc\u00e8nes \u00ab\u00a0anti-blancs\u00a0\u00bb. \u00ab\u00a0On est chez nous\u00a0\u00bb a m\u00eame r\u00e9sonn\u00e9 l\u00e0 o\u00f9 Jean Vilar voulait \u00ab\u00a0la culture pour tous\u00a0\u00bb. \u00ab\u00a0Au th\u00e9\u00e2tre, il y a trois \u201chonneurs\u201d : l\u2019auteur, l\u2019acteur\u2026 et le public\u00a0\u00bb, disait le fondateur du festival. Ce jour-l\u00e0, ce dernier fut un d\u00e9shonneur.<\/p>\n","protected":false},"excerpt":{"rendered":"Dans la derni\u00e8re cr\u00e9ation de Fanny de Chaill\u00e9, quatorze jeunes com\u00e9diens font d\u00e9filer plus de soixante-dix ans de&hellip;\n","protected":false},"author":2,"featured_media":432047,"comment_status":"","ping_status":"","sticky":false,"template":"","format":"standard","meta":{"footnotes":""},"categories":[2817],"tags":[1111,11,1997,251,1777,674,1011,27,12,2219,25,1347,55988],"class_list":{"0":"post-432046","1":"post","2":"type-post","3":"status-publish","4":"format-standard","5":"has-post-thumbnail","7":"category-bordeaux","8":"tag-actu","9":"tag-actualites","10":"tag-bordeaux","11":"tag-culture","12":"tag-eu","13":"tag-europe","14":"tag-fr","15":"tag-france","16":"tag-news","17":"tag-nouvelle-aquitaine","18":"tag-republique-francaise","19":"tag-theatre","20":"tag-tnba"},"share_on_mastodon":{"url":"","error":""},"_links":{"self":[{"href":"https:\/\/www.europesays.com\/fr\/wp-json\/wp\/v2\/posts\/432046","targetHints":{"allow":["GET"]}}],"collection":[{"href":"https:\/\/www.europesays.com\/fr\/wp-json\/wp\/v2\/posts"}],"about":[{"href":"https:\/\/www.europesays.com\/fr\/wp-json\/wp\/v2\/types\/post"}],"author":[{"embeddable":true,"href":"https:\/\/www.europesays.com\/fr\/wp-json\/wp\/v2\/users\/2"}],"replies":[{"embeddable":true,"href":"https:\/\/www.europesays.com\/fr\/wp-json\/wp\/v2\/comments?post=432046"}],"version-history":[{"count":0,"href":"https:\/\/www.europesays.com\/fr\/wp-json\/wp\/v2\/posts\/432046\/revisions"}],"wp:featuredmedia":[{"embeddable":true,"href":"https:\/\/www.europesays.com\/fr\/wp-json\/wp\/v2\/media\/432047"}],"wp:attachment":[{"href":"https:\/\/www.europesays.com\/fr\/wp-json\/wp\/v2\/media?parent=432046"}],"wp:term":[{"taxonomy":"category","embeddable":true,"href":"https:\/\/www.europesays.com\/fr\/wp-json\/wp\/v2\/categories?post=432046"},{"taxonomy":"post_tag","embeddable":true,"href":"https:\/\/www.europesays.com\/fr\/wp-json\/wp\/v2\/tags?post=432046"}],"curies":[{"name":"wp","href":"https:\/\/api.w.org\/{rel}","templated":true}]}}