{"id":432048,"date":"2025-10-01T21:12:15","date_gmt":"2025-10-01T21:12:15","guid":{"rendered":"https:\/\/www.europesays.com\/fr\/432048\/"},"modified":"2025-10-01T21:12:15","modified_gmt":"2025-10-01T21:12:15","slug":"le-chu-de-bordeaux-sallie-avec-dautres-hopitaux-publics-de-la-gironde","status":"publish","type":"post","link":"https:\/\/www.europesays.com\/fr\/432048\/","title":{"rendered":"le CHU de Bordeaux s\u2019allie avec d\u2019autres h\u00f4pitaux publics de la Gironde"},"content":{"rendered":"<p>Le CHU de Bordeaux et les centres hospitaliers d\u2019Arcachon, Libourne, Blaye et du Sud Gironde ont sign\u00e9 une convention, mardi, pour cr\u00e9er une f\u00e9d\u00e9ration m\u00e9dicale interhospitali\u00e8re destin\u00e9e \u00e0 fluidifier les passages aux urgences.<\/p>\n<p class=\"fig-paragraph\">Pour faire face \u00e0 la\u00a0<a href=\"https:\/\/video.lefigaro.fr\/figaro\/actualite-france\/on-nous-a-laisses-dans-laile-des-nouveau-nes-des-parents-temoignent-apres-la-mort-de-leur-bebe-au-chu-de-bordeaux-20240602\" data-fig-type=\"Video\" data-gtm-custom-categorie=\"navigation\" data-gtm-custom-action=\"crossclick\" data-gtm-custom-label=\"Contextuel\" data-gtm-event=\"customEventSPE\" data-fig-domain=\"LEFIGARO\" target=\"_blank\" rel=\"noopener\">crise des urgences<\/a>, exacerb\u00e9e en Gironde, le\u00a0<a href=\"http:\/\/www.lefigaro.fr\/bordeaux\/au-chu-de-bordeaux-six-patients-operes-en-meme-temps-pour-des-greffes-renales-croisees-une-premiere-en-france-20241118\" data-fig-type=\"NewsFlash\" data-gtm-custom-categorie=\"navigation\" data-gtm-custom-action=\"crossclick\" data-gtm-custom-label=\"Contextuel\" data-gtm-event=\"customEventSPE\" data-fig-domain=\"LEFIGARO\" target=\"_blank\" rel=\"noopener\">CHU de Bordeaux<\/a>\u00a0a sign\u00e9 ce mardi une convention avec les centres hospitaliers d\u2019Arcachon, Libourne, Blaye et du Sud Gironde. Ce contrat, qui cr\u00e9e une f\u00e9d\u00e9ration m\u00e9dicale interhospitali\u00e8re en Gironde, vient apporter un cadre juridique a des \u00absynergies pr\u00e9existantes\u00bb. Objectif\u00a0:\u00a0<a href=\"http:\/\/www.lefigaro.fr\/bordeaux\/j-avais-eu-une-grossesse-parfaite-des-parents-temoignent-apres-la-mort-de-leur-nouveau-ne-au-chu-de-bordeaux-20240602\" data-fig-type=\"NewsFlash\" data-gtm-custom-categorie=\"navigation\" data-gtm-custom-action=\"crossclick\" data-gtm-custom-label=\"Contextuel\" data-gtm-event=\"customEventSPE\" data-fig-domain=\"LEFIGARO\" target=\"_blank\" rel=\"noopener\">fluidifier les passages aux urgences<\/a>\u00a0et s\u2019assurer que \u00abchaque patient re\u00e7oive des soins adapt\u00e9s malgr\u00e9 les tensions locales ou les fermetures ponctuelles de services\u00bb. Autrement dit, ce nouveau contrat permet aux \u00e9tablissements de sant\u00e9 publics du d\u00e9partement de partager ses m\u00e9decins et de se r\u00e9partir les patients. Une nouvelle r\u00e9partition des soignants, orchestr\u00e9e selon les besoins et sur la base du volontariat.<\/p>\n<p class=\"fig-paragraph\">\u00abAvec la crise des urgences, les \u00e9quipes des diff\u00e9rents h\u00f4pitaux communiquaient moins entre elles. Cette convention permet de s\u2019entraider et de recr\u00e9er une dynamique positive sur le territoire\u00bb, indique Thomas Mesnier, le chef du p\u00f4le urgences du CHU de Bordeaux. Selon le m\u00e9decin urgentiste, la f\u00e9d\u00e9ration m\u00e9dicale interhospitali\u00e8re pr\u00e9sente aussi l\u2019avantage de permettre une mutualisation des protocoles afin d\u2019assurer une \u00abqualit\u00e9 de soin identique\u00bb dans l\u2019ensemble des \u00e9tablissements de sant\u00e9. Le contrat, qui a d\u00e9j\u00e0 permis de \u00abrecr\u00e9er du lien\u00bb avec deux m\u00e9decins recrut\u00e9s sur des postes partag\u00e9s, doit permettre de \u00abs\u00e9curiser les patients\u00bb et d\u2019\u00e9viter les fermetures ponctuelles d\u2019un service d\u2019urgences girondin, faute de personnel.<\/p>\n<p>                                    <a class=\"fig-a11y-skip a11y-hidden\" href=\"#fig-a11y-skip-main-inarticle\"><br \/>\n        Passer la publicit\u00e9<br \/>\n    <\/a><\/p>\n<p>63% des prises en charge aux urgences<\/p>\n<p class=\"fig-paragraph\">Enfin, le CHU de Bordeaux esp\u00e8re am\u00e9liorer ses capacit\u00e9s de recherches gr\u00e2ce \u00e0 cette nouvelle convention. \u00abL\u2019id\u00e9e est de faire entrer plus de malades dans nos \u00e9tudes gr\u00e2ce \u00e0 la pluralit\u00e9 des \u00e9tablissements hospitaliers qui ont sign\u00e9 la convention. C\u2019est valorisant pour les \u00e9quipes comme pour les malades qui b\u00e9n\u00e9ficient de ses recherches\u00bb, se r\u00e9jouit Thomas Mesnier.<\/p>\n<p class=\"fig-paragraph\">Les \u00e9tablissements signataires de la f\u00e9d\u00e9ration m\u00e9dicale interhospitali\u00e8re de la Gironde accueillent 63% des passages aux urgences du d\u00e9partement, soit 247.000 prises en charge sur 395.000 en 2024. Cette convention est vou\u00e9e \u00e0 s\u2019\u00e9tendre aux \u00e9tablissements de sant\u00e9 priv\u00e9s \u00e0 but non lucratif.<\/p>\n","protected":false},"excerpt":{"rendered":"Le CHU de Bordeaux et les centres hospitaliers d\u2019Arcachon, Libourne, Blaye et du Sud Gironde ont sign\u00e9 une&hellip;\n","protected":false},"author":2,"featured_media":432049,"comment_status":"","ping_status":"","sticky":false,"template":"","format":"standard","meta":{"footnotes":""},"categories":[2817],"tags":[1111,11,1997,55989,1777,674,1011,27,100,12,2219,25],"class_list":{"0":"post-432048","1":"post","2":"type-post","3":"status-publish","4":"format-standard","5":"has-post-thumbnail","7":"category-bordeaux","8":"tag-actu","9":"tag-actualites","10":"tag-bordeaux","11":"tag-crise-des-urgences","12":"tag-eu","13":"tag-europe","14":"tag-fr","15":"tag-france","16":"tag-hopital","17":"tag-news","18":"tag-nouvelle-aquitaine","19":"tag-republique-francaise"},"share_on_mastodon":{"url":"https:\/\/pubeurope.com\/@fr\/115300974600716855","error":""},"_links":{"self":[{"href":"https:\/\/www.europesays.com\/fr\/wp-json\/wp\/v2\/posts\/432048","targetHints":{"allow":["GET"]}}],"collection":[{"href":"https:\/\/www.europesays.com\/fr\/wp-json\/wp\/v2\/posts"}],"about":[{"href":"https:\/\/www.europesays.com\/fr\/wp-json\/wp\/v2\/types\/post"}],"author":[{"embeddable":true,"href":"https:\/\/www.europesays.com\/fr\/wp-json\/wp\/v2\/users\/2"}],"replies":[{"embeddable":true,"href":"https:\/\/www.europesays.com\/fr\/wp-json\/wp\/v2\/comments?post=432048"}],"version-history":[{"count":0,"href":"https:\/\/www.europesays.com\/fr\/wp-json\/wp\/v2\/posts\/432048\/revisions"}],"wp:featuredmedia":[{"embeddable":true,"href":"https:\/\/www.europesays.com\/fr\/wp-json\/wp\/v2\/media\/432049"}],"wp:attachment":[{"href":"https:\/\/www.europesays.com\/fr\/wp-json\/wp\/v2\/media?parent=432048"}],"wp:term":[{"taxonomy":"category","embeddable":true,"href":"https:\/\/www.europesays.com\/fr\/wp-json\/wp\/v2\/categories?post=432048"},{"taxonomy":"post_tag","embeddable":true,"href":"https:\/\/www.europesays.com\/fr\/wp-json\/wp\/v2\/tags?post=432048"}],"curies":[{"name":"wp","href":"https:\/\/api.w.org\/{rel}","templated":true}]}}