{"id":432050,"date":"2025-10-01T21:13:15","date_gmt":"2025-10-01T21:13:15","guid":{"rendered":"https:\/\/www.europesays.com\/fr\/432050\/"},"modified":"2025-10-01T21:13:15","modified_gmt":"2025-10-01T21:13:15","slug":"que-faire-ce-week-end-a-toulouse-voici-10-idees-de-sorties-a-ne-pas-manquer","status":"publish","type":"post","link":"https:\/\/www.europesays.com\/fr\/432050\/","title":{"rendered":"Que faire ce week-end \u00e0 Toulouse ? Voici 10 id\u00e9es de sorties \u00e0 ne pas manquer"},"content":{"rendered":"<p>            Par<br \/>\n        <strong><br \/>\n            <a href=\"https:\/\/actu.fr\/auteur\/gabriel-kenedi\" title=\"Consulter tous les articles de Gabriel Kenedi\" target=\"_blank\" rel=\"noopener\">Gabriel Kenedi<\/a><br \/>\n        <\/strong><\/p>\n<p>        Publi\u00e9 le<\/p>\n<p>            1 oct. 2025 \u00e0 19h42        <\/p>\n<p>Que faire, ce week-end, \u00e0 Toulouse ? On aurait pu \u00e9videmment citer la venue tr\u00e8s attendue de <a href=\"https:\/\/actu.fr\/occitanie\/toulouse_31555\/contrariee-zaho-de-sagazan-ajoute-une-date-de-concert-a-toulouse-la-billetterie-est-ouverte_62761375.html\" target=\"_blank\" rel=\"noopener\">Zaho de Sagazan<\/a>, qui donnera <strong>trois concerts symphoniques<\/strong> exceptionnels \u00e0 la Halle aux Grains le temps d\u2019un week-end, avec la complicit\u00e9 de l\u2019Orchestre national du Capitole\u2026 mais c\u2019est d\u00e9j\u00e0 complet depuis fort longtemps ! Fort heureusement, et comme tr\u00e8s souvent, ce week-end s\u2019annonce tr\u00e8s riche sur le plan culturel et \u00e9v\u00e9nementiel \u00e0 Toulouse. La r\u00e9daction a d\u00fb faire un choix corn\u00e9lien pour vous proposer <strong>dix sorties immanquables<\/strong>, \u00e0 faire du jeudi 2 au dimanche 5 octobre 2025. Et comme d\u2019habitude, il y en a pour tous les go\u00fbts ! Suivez le guide.\u00a0<\/p>\n<p>#1. Festival Mecanik Paradize\u00a0<br \/>\n    <img   decoding=\"async\" loading=\"lazy\" src=\"https:\/\/www.europesays.com\/fr\/wp-content\/uploads\/2025\/10\/mecanik-paradize-toulouse-960x640.jpg\" alt=\"Sofiane Pamart donnera un concert le 03 octobre 2024 \u00e0 l'occasion du festival Pink Paradize, \u00e0 Toulouse.\" width=\"960\" height=\"640\"\/><br \/>\n    Le festival Pink Paradize est devenu incontournable \u00e0 Toulouse ! (\u00a9Gabriel Kenedi \/ Actu Toulouse)<\/p>\n<p class=\" wall-content\">Mecanik Paradize, festival unique au monde qui m\u00eale concerts et cr\u00e9atures g\u00e9antes de la Cie La Machine, est de retour ! Si la soir\u00e9e d\u2019ouverture pr\u00e9vue jeudi 2 octobre, avec <a href=\"https:\/\/actu.fr\/occitanie\/toulouse_31555\/deluxe-bientot-en-concert-gratuit-a-toulouse-ca-va-etre-un-moment-special-pour-nous_62607294.html\" target=\"_blank\" rel=\"noopener\">Deluxe<\/a>, Biga Ranx et L\u2019Entourloop est d\u00e9j\u00e0 compl\u00e8te, il reste encore de la place pour les jours suivants ! Au programme, vendredi 3 octobre : le l\u00e9gendaire Keziah Jones ouvrira le bal, suivi par Ko Ko Mo, Odezenne et 2ManyDjs. Samedi 4 octobre, place \u00e0 Brice Lee, Akrav, Kompromat, Nina Kraviz et I Hate Models. Et dimanche, la journ\u00e9e sera gratuite et consacr\u00e9e aux arts de la rue !\u00a0<\/p>\n<p>Mecanik Paradize, sur la Piste des G\u00e9ants, du 2 au 5 octobre. Plus d\u2019infos <a href=\"http:\/\/www.halledelamachine.fr\/\" target=\"_blank\" rel=\"noopener\">sur le site de la Halle de la Machine<\/a>.\u00a0#2. La Nuit des Chercheurs<br \/>\n    <img   decoding=\"async\" loading=\"lazy\" src=\"https:\/\/www.europesays.com\/fr\/wp-content\/uploads\/2025\/10\/halles-cartoucherie-exterieur-toulouse-credit-gk-960x640.jpg\" alt=\"Cet \u00e9t\u00e9, les Halles de la Cartoucherie s'animent en organisant de nombreux \u00e9v\u00e9nements, principalement gratuits ! \" width=\"960\" height=\"640\"\/><br \/>\n    Les Halles de la Cartoucherie accueillent la Nuit des chercheurs. (\u00a9Gabriel Kenedi \/ Actu Toulouse)<\/p>\n<p class=\" wall-content\">Envie d\u2019une soir\u00e9e pas comme les autres ? Laissez-vous porter par votre curiosit\u00e9 et pr\u00e9parez-vous \u00e0 vivre une exp\u00e9rience unique dans l\u2019univers des sciences accessibles, ludiques et fascinantes ! Plus de 200 scientifiques passionn\u00e9s s\u2019\u00e9clipsent de leur labo le temps d\u2019une soir\u00e9e pour partager avec petits et grands leurs d\u00e9couvertes dans l\u2019ambiance festive et conviviale des Halles de la Cartoucherie et de sa salle de spectacle La Cabane. \u00a0Au programme : exp\u00e9riences, Speed-searching, projections, mini-conf\u00e9rences, escape game, rencontres litt\u00e9raires, spectacle\u2026 Entr\u00e9e libre et gratuite !<\/p>\n<p>Votre r\u00e9gion, votre actu !<\/p>\n<p>Recevez chaque jour les infos qui comptent pour vous.<\/p>\n<p>\t<a href=\"https:\/\/actu.fr\/newsletter\" class=\"ac-btn ac-btn--corner ac-btn--medium ac-btn--blue800\" target=\"_blank\" rel=\"noopener\">S&rsquo;incrire<\/a><br \/>\n<a href=\"https:\/\/exploreur.univ-toulouse.fr\/nuitchercheurs\" target=\"_blank\" rel=\"noopener\">La Nuit des Chercheurs<\/a>. Le 3 octobre, d\u00e8s 18 heures aux Halles de la Cartoucherie et \u00e0 La Cabane.#3. Tubecon : les influenceurs r\u00e9unis place Saint-Pierre<\/p>\n<p class=\" wall-content\">Le festival Tubecon, le festival des influenceurs, d\u00e9barque pour sa 3e \u00e9dition en plein c\u0153ur de Toulouse sur l\u2019embl\u00e9matique place Saint-Pierre avec une programmation in\u00e9dite : rencontre avec des cr\u00e9ateurs, village partenaires et animations gratuites, Skatepark (d\u00e9mos et initiations), Chillchat (Safeplace, espace d\u2019\u00e9changes), sc\u00e8ne et shows cr\u00e9ateurs.\u00a0<\/p>\n<p><a href=\"https:\/\/www.tubecon.fr\/\" target=\"_blank\" rel=\"noopener\">Tubecon<\/a>. Samedi 4 octobre. Place Saint-Pierre. 11h-21h Entr\u00e9e gratuite.#4. Peuples et Musiques au Cin\u00e9ma\u00a0<\/p>\n<p class=\" wall-content\">Cet \u00e9v\u00e9nement culturel vous invite \u00e0 d\u00e9couvrir les peuples du monde et leurs musiques \u00e0 travers le 7\u00e8me art ! Cette ann\u00e9e encore, il propose 11 projections (documentaires, fictions, cin\u00e9-concert), suivies de rencontres.\u00a0 C\u00f4t\u00e9 invit\u00e9s, r\u00e9alisateurs, chanteurs, musiciens et chercheurs \u2013 parmi lesquels Claude Sicre, Xavier Vidal ou Rita Macedo.\u00a0<\/p>\n<p>Du 2 au 5 octobre, \u00e0 l\u2019Utopia Borderouge. Plus d\u2019infos <a href=\"http:\/\/www.peuplesetmusiquesaucinema.org\/\" target=\"_blank\" rel=\"noopener\">sur le site du festival<\/a>.#5. Words of Sara, release party\u00a0<\/p>\n<p class=\" wall-content\">Bar associatif qui diffuse de plus en plus de concerts, le Labo des Arts programme Words Of Sara (folk\/blues).\u00a0 Le duo musical men\u00e9 par l\u2019artiste franco-am\u00e9ricaine Marina Anne Nolles (chant, guitare) et accompagn\u00e9e d\u2019Elodie Longuemart (chant, percussions) met \u00e0 l\u2019honneur les textes de la po\u00e9tesse am\u00e9ricaine Sara Teasdale (1884 \u2013 1933) gr\u00e2ce \u00e0 sa folk a\u00e9rienne et atemporelle.<\/p>\n<p>Le 3 octobre \u00e0 20hn au<a href=\"https:\/\/www.uniondesarts.net\/concerts\/\" target=\"_blank\" rel=\"noopener\"> Labo des Arts<\/a> (8, rue Cl\u00e9ment). Tarifs : 7,8\u20ac \u00e0 10\u20ac.#6. \u00ab\u00a0J\u2019aime beaucoup ce que vous faites\u00a0\u00bb<\/p>\n<p class=\" wall-content\">Comment une fausse man\u0153uvre avec un t\u00e9l\u00e9phone portable vous fait d\u00e9couvrir ce que vos meilleurs amis pensent r\u00e9ellement de vous\u2026 Boulevers\u00e9s par ce qu\u2019ils ont entendu, Charles et Carole sont pr\u00eats \u00e0 tout pour se venger. Un irr\u00e9sistible r\u00e8glement de compte entre amis avec son lot de non-dits, de quiproquos et de sourires grima\u00e7ants. \u00ab\u00a0J\u2019aime beaucoup ce que vous faites\u00a0\u00bb est une pi\u00e8ce jubilatoire, \u00e0 voir aux 3T.\u00a0<\/p>\n<p>Samedi 4 octobre \u00e0 21h, aux<a href=\"https:\/\/new.3tcafetheatre.com\/\" target=\"_blank\" rel=\"noopener\"> 3T, Caf\u00e9 Th\u00e9\u00e2tre<\/a>. Tarif : 27 euros.\u00a0#7. Aime Simone au Bikini<\/p>\n<p class=\" wall-content\">Au Bikini\u00a0C\u2019est une des nouvelles t\u00eates de la sc\u00e8ne pop francophone. Apr\u00e8s sa prestation remarqu\u00e9e lors du Weekend des Curiosit\u00e9s 2023, Aime Simone revient \u00e0 Toulouse pour un concert exclusif au Bikini !\u00a0<\/p>\n<p>Le 3 octobre, \u00e0 partir de 19h30, au <a href=\"http:\/\/www.lebikini.com\" target=\"_blank\" rel=\"noopener\">Bikini<\/a>.#8. Tempo, au Bascala\u00a0<\/p>\n<p class=\" wall-content\">\u00ab Tempo \u00bb est une cr\u00e9ation sensible et immersive qui fait dialoguer danse flamenco, th\u00e9\u00e2tre, musique et chant au service d\u2019un r\u00e9cit autour du temps qui passe.Pens\u00e9 pour tous les publics, petits et grands, le spectacle nous invite \u00e0 ressentir notre propre rythme \u00e0 travers l\u2019histoire d\u2019une famille aux multiples tempos.<\/p>\n<p>Le 5 octobre, \u00e0 16h30, au <a href=\"https:\/\/le-bascala.com\/\" target=\"_blank\" rel=\"noopener\">Bascala<\/a> (Brugui\u00e8res). D\u00e8s 6 ans. Tarif : 5 euros#9. Oktoberfest<br \/>\n    <img   decoding=\"async\" loading=\"lazy\" src=\"https:\/\/www.europesays.com\/fr\/wp-content\/uploads\/2025\/10\/oktoberfest-960x640.jpg\" alt=\"L'Oktoberfest revient \u00e0 Toulouse pour la 3\u1d49 ann\u00e9e cons\u00e9cutive. \" width=\"960\" height=\"640\"\/><br \/>\n    L\u2019Oktoberfest revient \u00e0 Toulouse pour la 3\u1d49 ann\u00e9e cons\u00e9cutive. (\u00a9Louis Derigon \/ Le Biergarten, Oktoberfest)<\/p>\n<p class=\" wall-content\">Pour la troisi\u00e8me ann\u00e9e d\u2019affil\u00e9e, l\u2019Oktoberfest s\u2019installe \u00e0 Toulouse. Cette f\u00eate incontournable, hommage \u00e0 la culture bavaroise, promet de belles soir\u00e9es conviviales. Au menu\u2009: coquelet cuit au feu de bois, bi\u00e8res traditionnelles et animations festives\u2026 Rendez-vous du jeudi\u00a02 au samedi 4\u00a0octobre 2025.<\/p>\n<p><a href=\"https:\/\/oktoberfest-toulouse.fr\/\" target=\"_blank\" rel=\"noopener\">Oktoberfest<\/a>. 8 Rue Ernest Dufer, 31300 Toulouse. Du 2 au 4 octobre 2025, de 18h \u00e0 minuit. Tarif : 17\u20ac le billet (1 plat + 1 acc\u00e8s \u00e0 la soir\u00e9e)#10. Rom\u00e9o et Juliette<\/p>\n<p class=\" wall-content\">Et si on red\u00e9couvrait Rom\u00e9o et Juliette\u2026 autrement ? Ce chef d\u2019\u0153uvre shakespearien nous interroge : o\u00f9 finit le d\u00e9sir, o\u00f9 commence l\u2019amour ? Et surtout, peut-on demander \u00e0 l\u2019amour de porter plus que ce qu\u2019il peut supporter ? Et si cette \u0153uvre, qu\u2019on croit conna\u00eetre par c\u0153ur, avait encore des choses \u00e0 nous dire ? C\u2019est le pari de Guillaume S\u00e9verac-Schmitz. Il nous propose un Rom\u00e9o et Juliette vibrant, moderne, libre, un spectacle pluridisciplinaire, o\u00f9 th\u00e9\u00e2tre, vid\u00e9o, musique live et danse se m\u00ealent pour faire r\u00e9sonner cette histoire d\u2019amour et de rage. \u00c0 voir au Th\u00e9\u00e2tre de la Cit\u00e9 !<\/p>\n<p>Du 2 au 8 octobre au <a href=\"https:\/\/theatre-cite.com\/\" target=\"_blank\" rel=\"noopener\">Th\u00e9\u00e2treDeLaCit\u00e9<\/a>.<\/p>\n<p class=\" wall-content\">Personnalisez votre actualit\u00e9 en ajoutant vos villes et m\u00e9dias en favori avec <a href=\"https:\/\/moncompte.actu.fr\" title=\"D\u00e9couvez Mon Actu\" rel=\"nofollow noopener\" data-trk=\"{&quot;cta&quot;:{&quot;action&quot;:&quot;https:\\\/\\\/moncompte.actu.fr&quot;,&quot;category&quot;:&quot;mon compte&quot;,&quot;from&quot;:&quot;article footer&quot;,&quot;name&quot;:&quot;Mon actu&quot;,&quot;type&quot;:&quot;cta&quot;}}\" target=\"_blank\">Mon Actu<\/a>.<\/p>\n","protected":false},"excerpt":{"rendered":"Par Gabriel Kenedi Publi\u00e9 le 1 oct. 2025 \u00e0 19h42 Que faire, ce week-end, \u00e0 Toulouse ? On&hellip;\n","protected":false},"author":2,"featured_media":432051,"comment_status":"","ping_status":"","sticky":false,"template":"","format":"standard","meta":{"footnotes":""},"categories":[2816],"tags":[1111,11,1777,674,1011,27,1652,12,2680,25,1341,2312],"class_list":{"0":"post-432050","1":"post","2":"type-post","3":"status-publish","4":"format-standard","5":"has-post-thumbnail","7":"category-toulouse","8":"tag-actu","9":"tag-actualites","10":"tag-eu","11":"tag-europe","12":"tag-fr","13":"tag-france","14":"tag-loisirs-culture","15":"tag-news","16":"tag-occitanie","17":"tag-republique-francaise","18":"tag-sortir-a-toulouse","19":"tag-toulouse"},"share_on_mastodon":{"url":"https:\/\/pubeurope.com\/@fr\/115300978766987916","error":""},"_links":{"self":[{"href":"https:\/\/www.europesays.com\/fr\/wp-json\/wp\/v2\/posts\/432050","targetHints":{"allow":["GET"]}}],"collection":[{"href":"https:\/\/www.europesays.com\/fr\/wp-json\/wp\/v2\/posts"}],"about":[{"href":"https:\/\/www.europesays.com\/fr\/wp-json\/wp\/v2\/types\/post"}],"author":[{"embeddable":true,"href":"https:\/\/www.europesays.com\/fr\/wp-json\/wp\/v2\/users\/2"}],"replies":[{"embeddable":true,"href":"https:\/\/www.europesays.com\/fr\/wp-json\/wp\/v2\/comments?post=432050"}],"version-history":[{"count":0,"href":"https:\/\/www.europesays.com\/fr\/wp-json\/wp\/v2\/posts\/432050\/revisions"}],"wp:featuredmedia":[{"embeddable":true,"href":"https:\/\/www.europesays.com\/fr\/wp-json\/wp\/v2\/media\/432051"}],"wp:attachment":[{"href":"https:\/\/www.europesays.com\/fr\/wp-json\/wp\/v2\/media?parent=432050"}],"wp:term":[{"taxonomy":"category","embeddable":true,"href":"https:\/\/www.europesays.com\/fr\/wp-json\/wp\/v2\/categories?post=432050"},{"taxonomy":"post_tag","embeddable":true,"href":"https:\/\/www.europesays.com\/fr\/wp-json\/wp\/v2\/tags?post=432050"}],"curies":[{"name":"wp","href":"https:\/\/api.w.org\/{rel}","templated":true}]}}