{"id":432052,"date":"2025-10-01T21:14:11","date_gmt":"2025-10-01T21:14:11","guid":{"rendered":"https:\/\/www.europesays.com\/fr\/432052\/"},"modified":"2025-10-01T21:14:11","modified_gmt":"2025-10-01T21:14:11","slug":"enquete-ouverte-apres-la-decouverte-de-mysterieux-ossements-a-proximite-dun-cercueil-pres-de-toulouse","status":"publish","type":"post","link":"https:\/\/www.europesays.com\/fr\/432052\/","title":{"rendered":"Enqu\u00eate ouverte apr\u00e8s la d\u00e9couverte de myst\u00e9rieux ossements \u00e0 proximit\u00e9 d\u2019un cercueil, pr\u00e8s de Toulouse"},"content":{"rendered":"<p>Les employ\u00e9s d\u2019une entreprise fun\u00e9raire ont d\u00e9couvert ces ossements en soulevant une pierre tombale dans le cimeti\u00e8re de Blagnac.<\/p>\n<p class=\"fig-paragraph\">Des ossements humains ont \u00e9t\u00e9 d\u00e9couverts mardi dans un caveau du cimeti\u00e8re de\u00a0<a href=\"http:\/\/www.lefigaro.fr\/flash-actu\/un-jeune-homme-tue-par-arme-a-feu-en-banlieue-de-toulouse-20210228\" data-fig-type=\"NewsFlash\" data-gtm-custom-categorie=\"navigation\" data-gtm-custom-action=\"crossclick\" data-gtm-custom-label=\"Contextuel\" data-gtm-event=\"customEventSPE\" data-fig-domain=\"LEFIGARO\" target=\"_blank\" rel=\"noopener\">Blagnac<\/a>, pr\u00e8s de\u00a0<a href=\"https:\/\/video.lefigaro.fr\/figaro\/pour-jean-luc-moudenc-le-maire-de-toulouse-cest-la-police-qui-a-ete-agressee-20141101\" target=\"_blank\" data-fig-type=\"Video\" rel=\"sponsored noopener\" data-gtm-custom-categorie=\"navigation\" data-gtm-custom-action=\"crossclick\" data-gtm-custom-label=\"Contextuel\" data-gtm-event=\"customEventSPE\" data-fig-domain=\"LEFIGARO\">Toulouse<\/a>, a-t-on appris mercredi aupr\u00e8s d&rsquo;une source proche de l&rsquo;enqu\u00eate, qui juge l&rsquo;affaire \u00abintrigante\u00bb.<\/p>\n<p class=\"fig-paragraph\">\u00abC&rsquo;est tr\u00e8s intrigant de d\u00e9couvrir de tels ossements, dans une s\u00e9pulture, \u00e7a peut ressembler \u00e0 de la dissimulation de corps. Dans un premier temps, une autopsie va \u00eatre faite\u00bb, a d\u00e9clar\u00e9 \u00e0 l&rsquo;AFP cette source, qui dit ignorer s&rsquo;il s&rsquo;agit d&rsquo;une femme ou d&rsquo;un homme.<\/p>\n<p>                                    <a class=\"fig-a11y-skip a11y-hidden\" href=\"#fig-a11y-skip-main-inarticle\"><br \/>\n        Passer la publicit\u00e9<br \/>\n    <\/a><\/p>\n<p>Autopsie jeudi<\/p>\n<p class=\"fig-paragraph\">Ce sont des employ\u00e9s d&rsquo;une entreprise fun\u00e9raire effectuant des travaux qui sont tomb\u00e9s sur les ossements \u00e9pars, dont certains pourraient \u00eatre d&rsquo;origine animale, \u00e0 proximit\u00e9 d&rsquo;un cercueil, alors qu&rsquo;ils soulevaient une pierre tombale. Le parquet de Toulouse a ouvert une enqu\u00eate et confi\u00e9 les investigations au Service interd\u00e9partemental de la police judiciaire (SIPJ).<\/p>\n<p class=\"fig-paragraph\">Contact\u00e9 par Le Figaro, le procureur de la R\u00e9publique Toulouse affirme qu\u2019\u00ab\u00e0 ce stade, si la piste de restes humains est vraisemblable, elle n\u2019est pas certaine, et le sexe encore moins\u00bb. Une autopsie doit \u00eatre pratiqu\u00e9e ce jeudi conclut le magistrat.<\/p>\n","protected":false},"excerpt":{"rendered":"Les employ\u00e9s d\u2019une entreprise fun\u00e9raire ont d\u00e9couvert ces ossements en soulevant une pierre tombale dans le cimeti\u00e8re de&hellip;\n","protected":false},"author":2,"featured_media":432053,"comment_status":"","ping_status":"","sticky":false,"template":"","format":"standard","meta":{"footnotes":""},"categories":[2816],"tags":[1111,11,6313,1777,674,1011,27,12,2680,25,2312],"class_list":{"0":"post-432052","1":"post","2":"type-post","3":"status-publish","4":"format-standard","5":"has-post-thumbnail","7":"category-toulouse","8":"tag-actu","9":"tag-actualites","10":"tag-cimetiere","11":"tag-eu","12":"tag-europe","13":"tag-fr","14":"tag-france","15":"tag-news","16":"tag-occitanie","17":"tag-republique-francaise","18":"tag-toulouse"},"share_on_mastodon":{"url":"https:\/\/pubeurope.com\/@fr\/115300982070153693","error":""},"_links":{"self":[{"href":"https:\/\/www.europesays.com\/fr\/wp-json\/wp\/v2\/posts\/432052","targetHints":{"allow":["GET"]}}],"collection":[{"href":"https:\/\/www.europesays.com\/fr\/wp-json\/wp\/v2\/posts"}],"about":[{"href":"https:\/\/www.europesays.com\/fr\/wp-json\/wp\/v2\/types\/post"}],"author":[{"embeddable":true,"href":"https:\/\/www.europesays.com\/fr\/wp-json\/wp\/v2\/users\/2"}],"replies":[{"embeddable":true,"href":"https:\/\/www.europesays.com\/fr\/wp-json\/wp\/v2\/comments?post=432052"}],"version-history":[{"count":0,"href":"https:\/\/www.europesays.com\/fr\/wp-json\/wp\/v2\/posts\/432052\/revisions"}],"wp:featuredmedia":[{"embeddable":true,"href":"https:\/\/www.europesays.com\/fr\/wp-json\/wp\/v2\/media\/432053"}],"wp:attachment":[{"href":"https:\/\/www.europesays.com\/fr\/wp-json\/wp\/v2\/media?parent=432052"}],"wp:term":[{"taxonomy":"category","embeddable":true,"href":"https:\/\/www.europesays.com\/fr\/wp-json\/wp\/v2\/categories?post=432052"},{"taxonomy":"post_tag","embeddable":true,"href":"https:\/\/www.europesays.com\/fr\/wp-json\/wp\/v2\/tags?post=432052"}],"curies":[{"name":"wp","href":"https:\/\/api.w.org\/{rel}","templated":true}]}}