{"id":432062,"date":"2025-10-01T21:20:24","date_gmt":"2025-10-01T21:20:24","guid":{"rendered":"https:\/\/www.europesays.com\/fr\/432062\/"},"modified":"2025-10-01T21:20:24","modified_gmt":"2025-10-01T21:20:24","slug":"pose-de-la-premiere-pierre-du-projet-de-rehabilitation-du-foyer-dainay","status":"publish","type":"post","link":"https:\/\/www.europesays.com\/fr\/432062\/","title":{"rendered":"Pose de la premi\u00e8re pierre du projet de r\u00e9habilitation du foyer d\u2019Ainay"},"content":{"rendered":"<p><img width=\"487\" height=\"299\" src=\"https:\/\/www.europesays.com\/fr\/wp-content\/uploads\/2025\/10\/Ainay-foyer-1.jpg\" class=\"attachment-post-thumbnail size-post-thumbnail wp-post-image\" alt=\"\" decoding=\"async\" fetchpriority=\"high\" \/><\/p>\n<p>(M\u00e9tropole de Lyon)<\/p>\n<p><strong>Celui-ci est situ\u00e9 rue Jarente, dans le 2e arrondissement de Lyon. <\/strong><\/p>\n<p>La premi\u00e8re pierre du projet de r\u00e9habilitation du foyer d\u2019Ainay, situ\u00e9 rue Jarente, dans le 2e arrondissement de Lyon, a \u00e9t\u00e9 pos\u00e9e ce mercredi. Le site d\u2019Ainay accueillait, jusqu\u2019en janvier de cette ann\u00e9e, 116 personnes en situation de handicap mental, r\u00e9parties en foyers de vie pour personnes handicap\u00e9es vieillissantes, foyer d\u2019h\u00e9bergement, \u00e9tablissement d\u2019accueil m\u00e9dicalis\u00e9, foyer de vie personnes pour personnes \u00e2g\u00e9es et accueil de jour. Depuis, les r\u00e9sidents ont \u00e9t\u00e9 temporairement relocalis\u00e9s sur d\u2019autres sites, pour permettre le lancement des travaux de r\u00e9habilitation. <\/p>\n<p><img decoding=\"async\" src=\"https:\/\/www.europesays.com\/fr\/wp-content\/uploads\/2025\/04\/abonnezvouslarge.jpg\" alt=\"\" \/><\/p>\n<p>Pour lire la totalit\u00e9 de l&rsquo;article,<strong> <a href=\"http:\/\/www.lyonpoleimmo.com\/membership-options-page\/\" rel=\"nofollow noopener\" target=\"_blank\">abonnez-vous<\/a> <\/strong>ou <a href=\"http:\/\/www.lyonpoleimmo.com\/senregistrer\/\" rel=\"nofollow noopener\" target=\"_blank\"><strong>identifiez-vous<\/strong><\/a> <\/p>\n<p><strong>Si vous avez appr\u00e9ci\u00e9 cet article, s&rsquo;il vous plait, prenez le temps de <a href=\"#comments\">laisser un commentaire<\/a> ou de <a href=\"http:\/\/www.lyonpoleimmo.com\/feed\/\" rel=\"nofollow noopener\" target=\"_blank\">souscrire au flux<\/a> afin de recevoir les futurs articles directement dans votre lecteur de flux.<br \/>\n    <\/strong><\/p>\n<p>\t<a href=\"http:\/\/www.lyonpoleimmo.com\/2025\/09\/17\/92177\/le-statut-du-bailleur-prive-lune-des-mesures-souhaitees-par-le-pole-habitat-ffb\/\" rel=\"bookmark nofollow noopener\" title=\"Lien Permanent vers Le statut du bailleur priv\u00e9, l\u2019une des mesures souhait\u00e9es par le P\u00f4le Habitat FFB\" target=\"_blank\">Le statut du bailleur priv\u00e9, l\u2019une des mesures souhait\u00e9es par le P\u00f4le Habitat FFB<\/a><\/p>\n<p>\t<a href=\"http:\/\/www.lyonpoleimmo.com\/2025\/09\/17\/92177\/le-statut-du-bailleur-prive-lune-des-mesures-souhaitees-par-le-pole-habitat-ffb\/\" rel=\"bookmark nofollow noopener\" title=\"Lien Permanent vers Le statut du bailleur priv\u00e9, l\u2019une des mesures souhait\u00e9es par le P\u00f4le Habitat FFB\" target=\"_blank\"><\/p>\n<p>Lors de sa convention nationale, la f\u00e9d\u00e9ration a \u00e9galement appel\u00e9 \u00e0 une simplification massive, et \u00e0 une stabilit\u00e9 et une visibilit\u00e9 fiscale.<\/p>\n<p><\/a><\/p>\n<p>\t<a href=\"http:\/\/www.lyonpoleimmo.com\/2025\/09\/04\/92026\/lartisanat-du-batiment-senfonce-dans-une-crise-durable-et-profonde\/\" rel=\"bookmark nofollow noopener\" title=\"Lien Permanent vers L\u2019artisanat du b\u00e2timent \u00abs\u2019enfonce dans une crise durable et profonde\u00bb\" target=\"_blank\">L\u2019artisanat du b\u00e2timent \u00abs\u2019enfonce dans une crise durable et profonde\u00bb<\/a><\/p>\n<p>\t<a href=\"http:\/\/www.lyonpoleimmo.com\/2025\/09\/04\/92026\/lartisanat-du-batiment-senfonce-dans-une-crise-durable-et-profonde\/\" rel=\"bookmark nofollow noopener\" title=\"Lien Permanent vers L\u2019artisanat du b\u00e2timent \u00abs\u2019enfonce dans une crise durable et profonde\u00bb\" target=\"_blank\"><\/p>\n<p>La CAPEB organisait ce jeudi sa conf\u00e9rence de presse de rentr\u00e9e, et a fait part \u00e0 cette occasion de sa derni\u00e8re note de conjoncture.<\/p>\n<p><\/a><\/p>\n<p>\t<a href=\"http:\/\/www.lyonpoleimmo.com\/2025\/09\/04\/92023\/pour-la-ffb-la-politique-de-la-renovation-energetique-est-sacrifiee\/\" rel=\"bookmark nofollow noopener\" title=\"Lien Permanent vers Pour la FFB, la politique de la r\u00e9novation \u00e9nerg\u00e9tique est \u00absacrifi\u00e9e\u00bb\" target=\"_blank\">Pour la FFB, la politique de la r\u00e9novation \u00e9nerg\u00e9tique est \u00absacrifi\u00e9e\u00bb<\/a><\/p>\n<p>\t<a href=\"http:\/\/www.lyonpoleimmo.com\/2025\/09\/04\/92023\/pour-la-ffb-la-politique-de-la-renovation-energetique-est-sacrifiee\/\" rel=\"bookmark nofollow noopener\" title=\"Lien Permanent vers Pour la FFB, la politique de la r\u00e9novation \u00e9nerg\u00e9tique est \u00absacrifi\u00e9e\u00bb\" target=\"_blank\"><\/p>\n<p>C\u2019est ce que d\u00e9plore la f\u00e9d\u00e9ration, suite \u00e0 la diffusion d\u2019un projet de d\u00e9cret et d\u2019arr\u00eat\u00e9 d\u00e9finissant les conditions de red\u00e9marrage de MaPrimeR\u00e9nov\u2019.<\/p>\n<p><\/a><\/p>\n<p>\t<a href=\"http:\/\/www.lyonpoleimmo.com\/2025\/07\/31\/91813\/une-perception-du-marche-toujours-morose-selon-la-capeb\/\" rel=\"bookmark nofollow noopener\" title=\"Lien Permanent vers Une perception du march\u00e9 toujours morose, selon la CAPEB\" target=\"_blank\">Une perception du march\u00e9 toujours morose, selon la CAPEB<\/a><\/p>\n<p>\t<a href=\"http:\/\/www.lyonpoleimmo.com\/2025\/07\/31\/91813\/une-perception-du-marche-toujours-morose-selon-la-capeb\/\" rel=\"bookmark nofollow noopener\" title=\"Lien Permanent vers Une perception du march\u00e9 toujours morose, selon la CAPEB\" target=\"_blank\"><\/p>\n<p>44% des r\u00e9pondants d\u2019une \u00e9tude conduite par la CAPEB Auvergne-Rh\u00f4ne-Alpes indique que le niveau d\u2019activit\u00e9 restait probl\u00e9matique.<\/p>\n<p><\/a><\/p>\n<p>\t<a href=\"http:\/\/www.lyonpoleimmo.com\/2025\/07\/29\/91798\/renovation-energetique-des-coproprietes-publication-du-second-decret\/\" rel=\"bookmark nofollow noopener\" title=\"Lien Permanent vers R\u00e9novation \u00e9nerg\u00e9tique des copropri\u00e9t\u00e9s : publication du second d\u00e9cret\" target=\"_blank\">R\u00e9novation \u00e9nerg\u00e9tique des copropri\u00e9t\u00e9s : publication du second d\u00e9cret<\/a><\/p>\n<p>\t<a href=\"http:\/\/www.lyonpoleimmo.com\/2025\/07\/29\/91798\/renovation-energetique-des-coproprietes-publication-du-second-decret\/\" rel=\"bookmark nofollow noopener\" title=\"Lien Permanent vers R\u00e9novation \u00e9nerg\u00e9tique des copropri\u00e9t\u00e9s : publication du second d\u00e9cret\" target=\"_blank\"><\/p>\n<p>Celui-ci porte sur le pr\u00eat collectif \u00e0 adh\u00e9sion simplifi\u00e9e.<\/p>\n<p><\/a><\/p>\n<p>\t<a href=\"http:\/\/www.lyonpoleimmo.com\/2025\/07\/23\/91738\/la-capeb-salue-les-annonces-sur-maprimerenov-et-la-filiere-rep-batiment\/\" rel=\"bookmark nofollow noopener\" title=\"Lien Permanent vers La CAPEB salue les annonces sur MaPrimeR\u00e9nov\u2019 et la fili\u00e8re REP b\u00e2timent\" target=\"_blank\">La CAPEB salue les annonces sur MaPrimeR\u00e9nov\u2019 et la fili\u00e8re REP b\u00e2timent<\/a><\/p>\n<p>\t<a href=\"http:\/\/www.lyonpoleimmo.com\/2025\/07\/23\/91738\/la-capeb-salue-les-annonces-sur-maprimerenov-et-la-filiere-rep-batiment\/\" rel=\"bookmark nofollow noopener\" title=\"Lien Permanent vers La CAPEB salue les annonces sur MaPrimeR\u00e9nov\u2019 et la fili\u00e8re REP b\u00e2timent\" target=\"_blank\"><\/p>\n<p>La conf\u00e9d\u00e9ration souligne que ces annonces encourageantes doivent se concr\u00e9tiser pour les TPE du b\u00e2timent.<\/p>\n<p><\/a><\/p>\n<p>\t<a href=\"http:\/\/www.lyonpoleimmo.com\/2025\/07\/22\/91723\/maprimerenov-une-re-ouverture-du-guichet-limitee-au-30-septembre\/\" rel=\"bookmark nofollow noopener\" title=\"Lien Permanent vers MaPrimeR\u00e9nov\u2019 : une r\u00e9-ouverture du guichet limit\u00e9e au 30 septembre\" target=\"_blank\">MaPrimeR\u00e9nov\u2019 : une r\u00e9-ouverture du guichet limit\u00e9e au 30 septembre<\/a><\/p>\n<p>\t<a href=\"http:\/\/www.lyonpoleimmo.com\/2025\/07\/22\/91723\/maprimerenov-une-re-ouverture-du-guichet-limitee-au-30-septembre\/\" rel=\"bookmark nofollow noopener\" title=\"Lien Permanent vers MaPrimeR\u00e9nov\u2019 : une r\u00e9-ouverture du guichet limit\u00e9e au 30 septembre\" target=\"_blank\"><\/p>\n<p>La ministre a d\u00e9taill\u00e9 les modalit\u00e9s de r\u00e9-ouverture du guichet le 30 septembre prochain suite \u00e0 une r\u00e9union de concertation sur MaPrimeR\u00e9nov\u2019. Le dispositif rouvrira pour les r\u00e9novations globales, mais de fa\u00e7on limit\u00e9e.<\/p>\n<p><\/a><\/p>\n<p>\t<a href=\"http:\/\/www.lyonpoleimmo.com\/2025\/07\/21\/91711\/bel-air-930-nouvel-acte-de-la-massification-des-rehabilitations\/\" rel=\"bookmark nofollow noopener\" title=\"Lien Permanent vers Bel Air 930, nouvel acte de la massification des r\u00e9habilitations\" target=\"_blank\">Bel Air 930, nouvel acte de la massification des r\u00e9habilitations<\/a><\/p>\n<p>\t<a href=\"http:\/\/www.lyonpoleimmo.com\/2025\/07\/21\/91711\/bel-air-930-nouvel-acte-de-la-massification-des-rehabilitations\/\" rel=\"bookmark nofollow noopener\" title=\"Lien Permanent vers Bel Air 930, nouvel acte de la massification des r\u00e9habilitations\" target=\"_blank\"><\/p>\n<p>Est M\u00e9tropole Habitat a r\u00e9cemment inaugur\u00e9 la r\u00e9habilitation de 930 logements locatifs sociaux \u00e0 Saint-Priest, dans le quartier de Bel Air. Ceci fait suite \u00e0 une pr\u00e9c\u00e9dente exp\u00e9rience toute aussi massive r\u00e9alis\u00e9e \u00e0 Vaulx-en-Velin.<\/p>\n<p><\/a><\/p>\n<p>\t<a href=\"http:\/\/www.lyonpoleimmo.com\/2025\/07\/21\/91706\/lobjectif-est-vraiment-de-baisser-les-consommations-des-batiments\/\" rel=\"bookmark nofollow noopener\" title=\"Lien Permanent vers \u00abL\u2019objectif est vraiment de baisser les consommations des b\u00e2timents\u00bb\" target=\"_blank\">\u00abL\u2019objectif est vraiment de baisser les consommations des b\u00e2timents\u00bb<\/a><\/p>\n<p>\t<a href=\"http:\/\/www.lyonpoleimmo.com\/2025\/07\/21\/91706\/lobjectif-est-vraiment-de-baisser-les-consommations-des-batiments\/\" rel=\"bookmark nofollow noopener\" title=\"Lien Permanent vers \u00abL\u2019objectif est vraiment de baisser les consommations des b\u00e2timents\u00bb\" target=\"_blank\"><\/p>\n<p><img decoding=\"async\" src=\"https:\/\/www.europesays.com\/fr\/wp-content\/uploads\/2025\/09\/Bertho-Mayette.jpg\" alt=\"null\" \/>Bertho Mayette est responsable r\u00e9habilitation d\u2019Est M\u00e9tropole Habitat. Nous revenons avec lui sur la r\u00e9habilitation de 930 logements r\u00e9alis\u00e9e durant les derniers mois dans le quartier Bel-Air \u00e0 Saint-Priest.<\/p>\n<p><\/a><\/p>\n<p>\t<a href=\"http:\/\/www.lyonpoleimmo.com\/2025\/07\/20\/91696\/la-rehabilitation-des-immeubles-f-et-r-nouvelle-etape-pour-les-coproprietes-bellevue\/\" rel=\"bookmark nofollow noopener\" title=\"Lien Permanent vers La r\u00e9habilitation des immeubles F et R, nouvelle \u00e9tape pour les copropri\u00e9t\u00e9s Bellevue\" target=\"_blank\">La r\u00e9habilitation des immeubles F et R, nouvelle \u00e9tape pour les copropri\u00e9t\u00e9s Bellevue<\/a><\/p>\n<p>\t<a href=\"http:\/\/www.lyonpoleimmo.com\/2025\/07\/20\/91696\/la-rehabilitation-des-immeubles-f-et-r-nouvelle-etape-pour-les-coproprietes-bellevue\/\" rel=\"bookmark nofollow noopener\" title=\"Lien Permanent vers La r\u00e9habilitation des immeubles F et R, nouvelle \u00e9tape pour les copropri\u00e9t\u00e9s Bellevue\" target=\"_blank\"><\/p>\n<p>Deux immeubles ont \u00e9t\u00e9 r\u00e9habilit\u00e9s avec le soutien des pouvoirs publics dans le cadre du plan de sauvegarde des copropri\u00e9t\u00e9s en difficult\u00e9s Bellevue. Ceux-ci ont \u00e9t\u00e9 inaugur\u00e9s jeudi 10 juillet \u00e0 Saint-Priest.<\/p>\n<p><\/a><\/p>\n<p>\t<a href=\"http:\/\/www.lyonpoleimmo.com\/2025\/07\/09\/91598\/lactivite-evolue-peu-dans-le-batiment\/\" rel=\"bookmark nofollow noopener\" title=\"Lien Permanent vers L\u2019activit\u00e9 \u00e9volue peu dans le b\u00e2timent\" target=\"_blank\">L\u2019activit\u00e9 \u00e9volue peu dans le b\u00e2timent<\/a><\/p>\n<p>\t<a href=\"http:\/\/www.lyonpoleimmo.com\/2025\/07\/09\/91598\/lactivite-evolue-peu-dans-le-batiment\/\" rel=\"bookmark nofollow noopener\" title=\"Lien Permanent vers L\u2019activit\u00e9 \u00e9volue peu dans le b\u00e2timent\" target=\"_blank\"><\/p>\n<p>La Banque de France a publi\u00e9 ce mercredi sa note mensuelle de conjoncture.<\/p>\n<p><\/a><\/p>\n<p>\t<a href=\"http:\/\/www.lyonpoleimmo.com\/2025\/07\/08\/91585\/une-convention-de-partenariat-elargie-entre-soliha-et-la-metropole-de-lyon\/\" rel=\"bookmark nofollow noopener\" title=\"Lien Permanent vers Une convention de partenariat \u00e9largie entre Soliha et la M\u00e9tropole de Lyon\" target=\"_blank\">Une convention de partenariat \u00e9largie entre Soliha et la M\u00e9tropole de Lyon<\/a><\/p>\n<p>\t<a href=\"http:\/\/www.lyonpoleimmo.com\/2025\/07\/08\/91585\/une-convention-de-partenariat-elargie-entre-soliha-et-la-metropole-de-lyon\/\" rel=\"bookmark nofollow noopener\" title=\"Lien Permanent vers Une convention de partenariat \u00e9largie entre Soliha et la M\u00e9tropole de Lyon\" target=\"_blank\"><\/p>\n<p><img decoding=\"async\" src=\"https:\/\/www.europesays.com\/fr\/wp-content\/uploads\/2025\/07\/soliha.jpg\" alt=\"null\" \/>A l\u2019occasion des 20 ans de leur partenariat, celui-ci a \u00e9t\u00e9 confirm\u00e9 avec la signature d\u2019une nouvelle convention.<\/p>\n<p><\/a><\/p>\n<p>\t<a href=\"http:\/\/www.lyonpoleimmo.com\/2025\/06\/19\/91355\/on-reste-un-territoire-qui-bouge\/\" rel=\"bookmark nofollow noopener\" title=\"Lien Permanent vers \u00abOn reste un territoire qui bouge\u00bb\" target=\"_blank\">\u00abOn reste un territoire qui bouge\u00bb<\/a><\/p>\n<p>\t<a href=\"http:\/\/www.lyonpoleimmo.com\/2025\/06\/19\/91355\/on-reste-un-territoire-qui-bouge\/\" rel=\"bookmark nofollow noopener\" title=\"Lien Permanent vers \u00abOn reste un territoire qui bouge\u00bb\" target=\"_blank\"><\/p>\n<p>Gr\u00e9gory Doucet, maire de Lyon, \u00e9tait pr\u00e9sent sur le salon CIEL. Nous \u00e9voquons avec lui la dynamique du secteur de l\u2019immobilier d\u2019entreprise et de la construction.<\/p>\n<p><\/a><\/p>\n<p>\t<a href=\"http:\/\/www.lyonpoleimmo.com\/2025\/06\/16\/91288\/les-chefs-dentreprise-du-btp-et-du-paysage-toujours-sous-pression\/\" rel=\"bookmark nofollow noopener\" title=\"Lien Permanent vers Les chefs d\u2019entreprise du BTP et du paysage toujours sous pression\" target=\"_blank\">Les chefs d\u2019entreprise du BTP et du paysage toujours sous pression<\/a><\/p>\n<p>\t<a href=\"http:\/\/www.lyonpoleimmo.com\/2025\/06\/16\/91288\/les-chefs-dentreprise-du-btp-et-du-paysage-toujours-sous-pression\/\" rel=\"bookmark nofollow noopener\" title=\"Lien Permanent vers Les chefs d\u2019entreprise du BTP et du paysage toujours sous pression\" target=\"_blank\"><\/p>\n<p>Malgr\u00e9 une volont\u00e9 de mieux concilier vie professionnelle et personnelle, les chefs d\u2019entreprise artisanale du b\u00e2timent et du paysage continuent d\u2019exercer leur m\u00e9tier avec intensit\u00e9, selon la 11e \u00e9dition du barom\u00e8tre Artisant\u00e9<\/p>\n<p><\/a><\/p>\n<p>\t<a href=\"http:\/\/www.lyonpoleimmo.com\/2025\/06\/15\/91257\/jean-christophe-repon-nouveau-president-de-lebc\/\" rel=\"bookmark nofollow noopener\" title=\"Lien Permanent vers Jean-Christophe Repon, nouveau pr\u00e9sident de l\u2019EBC\" target=\"_blank\">Jean-Christophe Repon, nouveau pr\u00e9sident de l\u2019EBC<\/a><\/p>\n<p>\t<a href=\"http:\/\/www.lyonpoleimmo.com\/2025\/06\/15\/91257\/jean-christophe-repon-nouveau-president-de-lebc\/\" rel=\"bookmark nofollow noopener\" title=\"Lien Permanent vers Jean-Christophe Repon, nouveau pr\u00e9sident de l\u2019EBC\" target=\"_blank\"><\/p>\n<p>Le pr\u00e9sident de la CAPEB a \u00e9t\u00e9 \u00e9lu pr\u00e9sident de la conf\u00e9d\u00e9ration europ\u00e9enne des constructeurs.<\/p>\n<p><\/a><\/p>\n","protected":false},"excerpt":{"rendered":"(M\u00e9tropole de Lyon) Celui-ci est situ\u00e9 rue Jarente, dans le 2e arrondissement de Lyon. La premi\u00e8re pierre du&hellip;\n","protected":false},"author":2,"featured_media":432063,"comment_status":"","ping_status":"","sticky":false,"template":"","format":"standard","meta":{"footnotes":""},"categories":[1889],"tags":[1111,11,2430,1777,674,1011,27,2428,12,716,25,2086],"class_list":{"0":"post-432062","1":"post","2":"type-post","3":"status-publish","4":"format-standard","5":"has-post-thumbnail","7":"category-lyon","8":"tag-actu","9":"tag-actualites","10":"tag-auvergne-rhone-alpes","11":"tag-eu","12":"tag-europe","13":"tag-fr","14":"tag-france","15":"tag-lyon","16":"tag-news","17":"tag-renovation","18":"tag-republique-francaise","19":"tag-travaux"},"share_on_mastodon":{"url":"https:\/\/pubeurope.com\/@fr\/115301006123037176","error":""},"_links":{"self":[{"href":"https:\/\/www.europesays.com\/fr\/wp-json\/wp\/v2\/posts\/432062","targetHints":{"allow":["GET"]}}],"collection":[{"href":"https:\/\/www.europesays.com\/fr\/wp-json\/wp\/v2\/posts"}],"about":[{"href":"https:\/\/www.europesays.com\/fr\/wp-json\/wp\/v2\/types\/post"}],"author":[{"embeddable":true,"href":"https:\/\/www.europesays.com\/fr\/wp-json\/wp\/v2\/users\/2"}],"replies":[{"embeddable":true,"href":"https:\/\/www.europesays.com\/fr\/wp-json\/wp\/v2\/comments?post=432062"}],"version-history":[{"count":0,"href":"https:\/\/www.europesays.com\/fr\/wp-json\/wp\/v2\/posts\/432062\/revisions"}],"wp:featuredmedia":[{"embeddable":true,"href":"https:\/\/www.europesays.com\/fr\/wp-json\/wp\/v2\/media\/432063"}],"wp:attachment":[{"href":"https:\/\/www.europesays.com\/fr\/wp-json\/wp\/v2\/media?parent=432062"}],"wp:term":[{"taxonomy":"category","embeddable":true,"href":"https:\/\/www.europesays.com\/fr\/wp-json\/wp\/v2\/categories?post=432062"},{"taxonomy":"post_tag","embeddable":true,"href":"https:\/\/www.europesays.com\/fr\/wp-json\/wp\/v2\/tags?post=432062"}],"curies":[{"name":"wp","href":"https:\/\/api.w.org\/{rel}","templated":true}]}}