{"id":432064,"date":"2025-10-01T21:21:12","date_gmt":"2025-10-01T21:21:12","guid":{"rendered":"https:\/\/www.europesays.com\/fr\/432064\/"},"modified":"2025-10-01T21:21:12","modified_gmt":"2025-10-01T21:21:12","slug":"190-foyers-plonges-dans-le-noir","status":"publish","type":"post","link":"https:\/\/www.europesays.com\/fr\/432064\/","title":{"rendered":"190 foyers plong\u00e9s dans le noir"},"content":{"rendered":"<p>Ce mercredi 1er octobre, depuis 20\u00a0h\u00a020 environ, le quai Saint-Antoine (2e arrondissement) est victime d\u2019une importante coupure d\u2019\u00e9lectricit\u00e9 impactant 189 foyers. La panne s\u2019\u00e9tend de l\u2019angle de la rue de l\u2019Ancienne-pr\u00e9fecture, \u00e0 l\u2019angle de la rue Longue.<\/p>\n<p>  Une possible reprise dans la nuit, \u00e0 0\u00a0h\u00a030<\/p>\n<p>Selon le fournisseur Enedis, contact\u00e9 par Le Progr\u00e8s, \u00ab\u00a0la coupure concerne le r\u00e9seau basse tension. Les techniciens sont en train d\u2019intervenir sur le poste de transformation (relais de quartier) pour localiser le d\u00e9faut.\u00a0\u00bb. Pour l\u2019heure, la cause n\u2019est pas encore identifi\u00e9e. Enedis estime une reprise de l\u2019activit\u00e9 pour 0\u00a0h\u00a030 environ, \u00ab\u00a0tout d\u00e9pend de la nature de la r\u00e9paration. Si cela venait \u00e0 durer, des solutions seront mises en place.\u00a0\u00bb<\/p>\n<p>  Des incidents \u00e0 r\u00e9p\u00e9tition<\/p>\n<p>Ce n\u2019est pas la premi\u00e8re fois cette ann\u00e9e que des incidents se produisent dans le quartier. Ce mardi 30\u00a0septembre, le restaurant CasaBea, situ\u00e9e rue de la Monnaie, parall\u00e8le au quai Saint-Antoine, \u00e9tait le th\u00e9\u00e2tre d\u2019une <a href=\"https:\/\/www.leprogres.fr\/faits-divers-justice\/2025\/09\/30\/un-accident-assez-violent-comment-une-explosion-au-gaz-a-fait-deux-blesses-graves-dans-un-restaurant\" target=\"_blank\" rel=\"nofollow noopener\">explosion au gaz faisant trois bless\u00e9s dont deux graves<\/a>. Il y a quelques mois encore, le 10\u00a0mai, c\u2019est <a href=\"https:\/\/www.leprogres.fr\/faits-divers-justice\/2025\/05\/11\/un-incendie-detruit-la-buvette-saint-antoine-sur-les-quais-de-saone\" target=\"_blank\" rel=\"nofollow noopener\">la buvette Saint-Antoine<\/a> qui \u00e9tait ravag\u00e9e par un incendie.<\/p>\n","protected":false},"excerpt":{"rendered":"Ce mercredi 1er octobre, depuis 20\u00a0h\u00a020 environ, le quai Saint-Antoine (2e arrondissement) est victime d\u2019une importante coupure d\u2019\u00e9lectricit\u00e9&hellip;\n","protected":false},"author":2,"featured_media":432065,"comment_status":"","ping_status":"","sticky":false,"template":"","format":"standard","meta":{"footnotes":""},"categories":[1889],"tags":[1111,11,2430,2757,1777,674,274,107,1011,27,2428,2756,12,25,2429],"class_list":{"0":"post-432064","1":"post","2":"type-post","3":"status-publish","4":"format-standard","5":"has-post-thumbnail","7":"category-lyon","8":"tag-actu","9":"tag-actualites","10":"tag-auvergne-rhone-alpes","11":"tag-edition-lyon-villeurbanne","12":"tag-eu","13":"tag-europe","14":"tag-faits-divers-justice","15":"tag-fil-info","16":"tag-fr","17":"tag-france","18":"tag-lyon","19":"tag-lyon-bassin","20":"tag-news","21":"tag-republique-francaise","22":"tag-rhone"},"share_on_mastodon":{"url":"","error":""},"_links":{"self":[{"href":"https:\/\/www.europesays.com\/fr\/wp-json\/wp\/v2\/posts\/432064","targetHints":{"allow":["GET"]}}],"collection":[{"href":"https:\/\/www.europesays.com\/fr\/wp-json\/wp\/v2\/posts"}],"about":[{"href":"https:\/\/www.europesays.com\/fr\/wp-json\/wp\/v2\/types\/post"}],"author":[{"embeddable":true,"href":"https:\/\/www.europesays.com\/fr\/wp-json\/wp\/v2\/users\/2"}],"replies":[{"embeddable":true,"href":"https:\/\/www.europesays.com\/fr\/wp-json\/wp\/v2\/comments?post=432064"}],"version-history":[{"count":0,"href":"https:\/\/www.europesays.com\/fr\/wp-json\/wp\/v2\/posts\/432064\/revisions"}],"wp:featuredmedia":[{"embeddable":true,"href":"https:\/\/www.europesays.com\/fr\/wp-json\/wp\/v2\/media\/432065"}],"wp:attachment":[{"href":"https:\/\/www.europesays.com\/fr\/wp-json\/wp\/v2\/media?parent=432064"}],"wp:term":[{"taxonomy":"category","embeddable":true,"href":"https:\/\/www.europesays.com\/fr\/wp-json\/wp\/v2\/categories?post=432064"},{"taxonomy":"post_tag","embeddable":true,"href":"https:\/\/www.europesays.com\/fr\/wp-json\/wp\/v2\/tags?post=432064"}],"curies":[{"name":"wp","href":"https:\/\/api.w.org\/{rel}","templated":true}]}}