{"id":432068,"date":"2025-10-01T21:24:15","date_gmt":"2025-10-01T21:24:15","guid":{"rendered":"https:\/\/www.europesays.com\/fr\/432068\/"},"modified":"2025-10-01T21:24:15","modified_gmt":"2025-10-01T21:24:15","slug":"le-premier-ministre-sebastien-lecornu-annonce-une-revalorisation","status":"publish","type":"post","link":"https:\/\/www.europesays.com\/fr\/432068\/","title":{"rendered":"le Premier ministre S\u00e9bastien Lecornu annonce une revalorisation"},"content":{"rendered":"<p>      lire plus tard<\/p>\n<p id=\"dialog__title\" class=\"dialog__title\">Pour sauvegarder cet article, connectez-vous ou cr\u00e9ez un compte franceinfo<\/p>\n<p class=\"dialog__description\">Sans paiement. Sans abonnement.<\/p>\n<p>        Fermer la fen\u00eatre d\u2019activation des notifications France Info<\/p>\n<p>      cr\u00e9er votre compte<\/p>\n<p>      se connecter<\/p>\n<p>        Fermer la fen\u00eatre de pr\u00e9sentation<\/p>\n<p>    Publi\u00e9 le 01\/10\/2025 20:49<\/p>\n<p>        Temps de lecture : 2min &#8211; vid\u00e9o : 2min<\/p>\n<p>    <img decoding=\"async\" class=\"francetv-player-wrapper__image\" alt=\"Retraite des femmes : le Premier ministre S\u00e9bastien Lecornu annonce une revalorisation\"  width=\"432\" height=\"243\" src=\"https:\/\/www.europesays.com\/fr\/wp-content\/uploads\/2025\/10\/video-11-68dd75e1770e0344018732.jpg\" fetchpriority=\"high\"\/><\/p>\n<p>              Retraite des femmes : le Premier ministre S\u00e9bastien Lecornu annonce une revalorisation<br \/>\n                    (France 2)<\/p>\n<p>      2min<\/p>\n<p>\n  Le Premier ministre fait un geste pour la retraite des femmes. Dans un courrier adress\u00e9 lundi 29 septembre aux syndicats, S\u00e9bastien Lecornu s&rsquo;engage \u00e0 rendre plus g\u00e9n\u00e9reuses les modalit\u00e9s de calcul des pensions revers\u00e9es aux m\u00e8res de famille.\n<\/p>\n<p><strong>Ce texte correspond \u00e0 une partie de la retranscription du reportage ci-dessus. Cliquez sur la vid\u00e9o pour la regarder dans son int\u00e9gralit\u00e9.<\/strong><\/p>\n<p>\u00c0 62 ans, Djamila Boudia est tout juste retrait\u00e9e. Sa carri\u00e8re n&rsquo;est pas compl\u00e8te car elle s&rsquo;est occup\u00e9e de ses trois enfants et regrette que cela diminue sa pension. \u00ab\u00a0\u00c7a serait plus m\u00e9ritant quand m\u00eame d&rsquo;avoir une pension revaloris\u00e9e. On a pris du temps pour s&rsquo;occuper d&rsquo;eux. Je sais que je les ai gard\u00e9s jusqu&rsquo;\u00e0 leurs trois ans\u00a0\u00bb, partage-t-elle.<\/p>\n<p>Am\u00e9liorer la retraite des femmes en reprenant une partie des derni\u00e8res n\u00e9gociations avec les syndicats, c&rsquo;est l&rsquo;annonce faite aux partenaires sociaux par <a href=\"https:\/\/www.franceinfo.fr\/economie\/retraite\/reforme-des-retraites\/le-premier-ministre-sebastien-lecornu-promet-une-amelioration-de-la-retraite-des-femmes-dans-un-courrier-adresse-aux-syndicats_7525171.html\" rel=\"nofollow noopener\" target=\"_blank\">le Premier ministre<\/a>. Concr\u00e8tement, au lieu des 25, le calcul de la pension prendrait en compte les 24 meilleures ann\u00e9es pour les femmes ayant un enfant, 23 meilleures ann\u00e9es avec deux enfants. \u00c0 compter du troisi\u00e8me, la pension serait major\u00e9e de 10 %.<\/p>\n<p>De nouvelles r\u00e8gles qui rel\u00e8veraient le montant de la retraite de V\u00e9ronique Franzese. Salari\u00e9e dans une agence de service \u00e0 la personne, elle s&rsquo;est arr\u00eat\u00e9e plus de 10 ans pour \u00e9lever ses quatre enfants. \u00ab\u00a0J&rsquo;en connais plein, des personnes, des mamans qui se sont arr\u00eat\u00e9es pour \u00e9lever leurs enfants quand ils sont petits, avant qu&rsquo;ils rentrent \u00e0 l&rsquo;\u00e9cole. Je pense que \u00e7a peut \u00eatre v\u00e9cu comme une reconnaissance\u00a0\u00bb, assure-t-elle.<\/p>\n<p>Mais un coup de pouce nettement insuffisant pour la CGT. \u00ab\u00a0C&rsquo;est 1 % de mieux pour 50 % des femmes, celles qui ont eu des enfants. Ce n&rsquo;est pas un premier pas, c&rsquo;est l\u00e2cher des miettes pour refuser d&rsquo;envisager l&rsquo;abrogation de la r\u00e9forme des retraites 2023 et garder l&rsquo;essentiel de ce qui en fait sa duret\u00e9 pour les femmes en particulier et pour les hommes aussi\u00a0\u00bb, indique Denis Gravouil, secr\u00e9taire conf\u00e9d\u00e9ral de la CGT.<\/p>\n<p>Cette annonce n&rsquo;apaise pas la grogne des syndicats. Ils maintiennent leur journ\u00e9e de mobilisation jeudi 2 octobre avec des appels \u00e0 la gr\u00e8ve et aux manifestations dans tout le pays.<\/p>\n","protected":false},"excerpt":{"rendered":"lire plus tard Pour sauvegarder cet article, connectez-vous ou cr\u00e9ez un compte franceinfo Sans paiement. Sans abonnement. Fermer&hellip;\n","protected":false},"author":2,"featured_media":432069,"comment_status":"","ping_status":"","sticky":false,"template":"","format":"standard","meta":{"footnotes":""},"categories":[1888],"tags":[1111,1928,11,1927,1777,674,1011,27,12,1926,626,1925,25],"class_list":{"0":"post-432068","1":"post","2":"type-post","3":"status-publish","4":"format-standard","5":"has-post-thumbnail","7":"category-paris","8":"tag-actu","9":"tag-actu-paris","10":"tag-actualites","11":"tag-actualites-paris","12":"tag-eu","13":"tag-europe","14":"tag-fr","15":"tag-france","16":"tag-news","17":"tag-news-paris","18":"tag-paris","19":"tag-paris-news","20":"tag-republique-francaise"},"share_on_mastodon":{"url":"https:\/\/pubeurope.com\/@fr\/115301021893907079","error":""},"_links":{"self":[{"href":"https:\/\/www.europesays.com\/fr\/wp-json\/wp\/v2\/posts\/432068","targetHints":{"allow":["GET"]}}],"collection":[{"href":"https:\/\/www.europesays.com\/fr\/wp-json\/wp\/v2\/posts"}],"about":[{"href":"https:\/\/www.europesays.com\/fr\/wp-json\/wp\/v2\/types\/post"}],"author":[{"embeddable":true,"href":"https:\/\/www.europesays.com\/fr\/wp-json\/wp\/v2\/users\/2"}],"replies":[{"embeddable":true,"href":"https:\/\/www.europesays.com\/fr\/wp-json\/wp\/v2\/comments?post=432068"}],"version-history":[{"count":0,"href":"https:\/\/www.europesays.com\/fr\/wp-json\/wp\/v2\/posts\/432068\/revisions"}],"wp:featuredmedia":[{"embeddable":true,"href":"https:\/\/www.europesays.com\/fr\/wp-json\/wp\/v2\/media\/432069"}],"wp:attachment":[{"href":"https:\/\/www.europesays.com\/fr\/wp-json\/wp\/v2\/media?parent=432068"}],"wp:term":[{"taxonomy":"category","embeddable":true,"href":"https:\/\/www.europesays.com\/fr\/wp-json\/wp\/v2\/categories?post=432068"},{"taxonomy":"post_tag","embeddable":true,"href":"https:\/\/www.europesays.com\/fr\/wp-json\/wp\/v2\/tags?post=432068"}],"curies":[{"name":"wp","href":"https:\/\/api.w.org\/{rel}","templated":true}]}}