{"id":432070,"date":"2025-10-01T21:25:14","date_gmt":"2025-10-01T21:25:14","guid":{"rendered":"https:\/\/www.europesays.com\/fr\/432070\/"},"modified":"2025-10-01T21:25:14","modified_gmt":"2025-10-01T21:25:14","slug":"le-projet-de-mur-anti-drones-laisse-paris-berlin-rome-et-madrid-dubitatifs","status":"publish","type":"post","link":"https:\/\/www.europesays.com\/fr\/432070\/","title":{"rendered":"Le projet de \u00ab\u2009mur anti-drones\u2009\u00bb laisse Paris, Berlin, Rome et Madrid dubitatifs"},"content":{"rendered":"<p><strong>COPENHAGUE \u2014<\/strong> \u00c0 l\u2019ouverture du sommet informel du Conseil europ\u00e9en, mercredi 1er\u00a0octobre \u00e0 Copenhague, les dirigeants europ\u00e9ens ont affich\u00e9 des positions tr\u00e8s contrast\u00e9es sur le projet de la Commission europ\u00e9enne visant \u00e0 renforcer la s\u00e9curit\u00e9 de l\u2019espace a\u00e9rien le long du flanc est au moyen d\u2019un \u00ab\u2009mur anti-drones\u2009\u00bb.<\/p>\n<p>Emmanuel Macron, pr\u00e9sident fran\u00e7ais, connu pour soutenir les initiatives de d\u00e9fense europ\u00e9enne, s\u2019est montr\u00e9 particuli\u00e8rement r\u00e9serv\u00e9. Il a soulign\u00e9 la complexit\u00e9 du projet, estimant qu\u2019il ne fallait pas pr\u00e9cipiter son d\u00e9ploiement.<\/p>\n<p>La cr\u00e9ation d\u2019un mur anti-drones est \u00ab\u2009plus complexe\u2009\u00bb que la simple mise en place d\u2019un \u00ab\u2009d\u00f4me\u2009\u00bb ou d\u2019un \u00ab\u2009mur\u2009\u00bb, a-t-il expliqu\u00e9 aux journalistes, soulignant que le d\u00e9ploiement du projet ne devait pas \u00eatre pr\u00e9cipit\u00e9. \u00ab\u2009Nous avons besoin de syst\u00e8mes d\u2019alerte avanc\u00e9s pour mieux anticiper les menaces, et nous devons les d\u00e9velopper ensemble\u2009\u00bb, a-t-il d\u00e9clar\u00e9.<\/p>\n<p>\u00ab\u2009Nous devons dissuader gr\u00e2ce \u00e0 des capacit\u00e9s de tir \u00e0 longue port\u00e9e, des capacit\u00e9s balistiques europ\u00e9ennes, nous avons besoin de plus de d\u00e9fense solaire et de syst\u00e8mes de d\u00e9fense anti-drones.\u2009\u00bb<\/p>\n<p>Interrog\u00e9 avant le sommet, le chancelier allemand Friedrich Merz a quant \u00e0 lui \u00e9vit\u00e9 le sujet, se concentrant plut\u00f4t sur les questions de la comp\u00e9titivit\u00e9 et du soutien \u00e0 l\u2019Ukraine.<\/p>\n<p>Toutefois, au d\u00e9but de la semaine, son ministre de la D\u00e9fense, Boris Pistorius, <a href=\"https:\/\/www.euractiv.com\/news\/firepower-more-meetings-more-power-and-more-drones\/\" target=\"_blank\" rel=\"noopener nofollow\">a d\u00e9clar\u00e9<\/a> que le mur anti-drones ne pourrait pas voir le jour avant plusieurs ann\u00e9es. Des propos qui contrastent avec ceux du commissaire europ\u00e9en \u00e0 la D\u00e9fense, qui <a href=\"https:\/\/euractiv.fr\/news\/le-mur-anti-drones-de-lue-pourrait-etre-pret-dans-un-an-selon-le-commissaire-a-la-defense\/\" target=\"_blank\" rel=\"noopener nofollow\">\u00e9voquait<\/a> la semaine derni\u00e8re une ann\u00e9e.<\/p>\n<p>Relativement \u00e9loign\u00e9 des \u00c9tats frontaliers de l\u2019Est, l\u2019Espagnol Pedro S\u00e1nchez a \u00e9lud\u00e9 les questions sur cette proposition, pr\u00e9f\u00e9rant aborder la vuln\u00e9rabilit\u00e9 de l\u2019Europe face aux attaques hybrides.<\/p>\n<p>La Premi\u00e8re ministre italienne Giorgia Meloni a quant \u00e0 elle insist\u00e9 sur le fait qu\u2019un mur de drones devrait tenir compte des fronti\u00e8res \u00e9tendues de l\u2019UE.<\/p>\n<p>\u00ab\u2009Si nous commettons l\u2019erreur de ne regarder que le flanc est et d\u2019oublier, par exemple, qu\u2019il existe \u00e9galement un flanc sud, nous risquons de ne pas \u00eatre efficaces\u2009\u00bb, a-t-elle d\u00e9clar\u00e9. \u00ab\u2009Je pense que nous devons r\u00e9fl\u00e9chir calmement, ne pas r\u00e9pondre aux provocations et nous pr\u00e9parer.\u2009\u00bb<\/p>\n<p>Les avis des quatre plus grandes \u00e9conomies de l\u2019UE, qui sont \u00e9galement <a href=\"https:\/\/commission.europa.eu\/strategy-and-policy\/eu-budget\/long-term-eu-budget\/2021-2027\/spending-and-revenue_en\" target=\"_blank\" rel=\"noopener nofollow\">les plus gros contributeurs<\/a> au budget du bloc, r\u00e9v\u00e8lent le foss\u00e9 important qui s\u00e9pare les pays occidentaux et orientaux.<\/p>\n<p>Paris et Berlin, souvent d\u00e9crits comme le \u00ab\u2009moteur\u2009\u00bb de l\u2019Europe, sont consid\u00e9r\u00e9s comme des alli\u00e9s cl\u00e9s pour faire accepter toute id\u00e9e de la Commission avant d\u2019aller de l\u2019avant. Leur manque de soutien ferme jette une ombre sur une initiative qui est principalement soutenue par les \u00c9tats orientaux.<\/p>\n<p>La Premi\u00e8re ministre lettone, Evika Sili\u0146a, ainsi que ses homologues baltes, souhaitent faire avancer le projet. \u00ab\u2009Avec les drones, nous pouvons aller tr\u00e8s vite. Nous n\u2019avons pas besoin de trois ans\u2009\u00bb, a-t-elle d\u00e9clar\u00e9. \u00ab\u2009Je pense qu\u2019un an, un an et demi, c\u2019est faisable.\u2009\u00bb<\/p>\n<p>Dans le m\u00eame ordre d\u2019id\u00e9es, Gitanas Naus\u0117da, pr\u00e9sident de la Lituanie, a exhort\u00e9 l\u2019UE \u00e0 prendre des mesures rapides. \u00ab\u2009Les documents ne d\u00e9tectent pas les drones provenant de Russie ou de Bi\u00e9lorussie. Et nous avons besoin d\u2019actions\u2009\u00bb, a-t-il d\u00e9clar\u00e9.<\/p>\n<p>La promotion du mur de drones fait suite \u00e0 une s\u00e9rie d\u2019incursions de drones dans le nord et l\u2019est de l\u2019Europe ces derni\u00e8res semaines. La pr\u00e9sidente de la Commission, Ursula von der\u00a0Leyen, a pr\u00e9sent\u00e9 pour la premi\u00e8re fois cette proposition le mois dernier, lors de son discours sur l\u2019\u00e9tat de l\u2019Union.<\/p>\n<p>Le \u00ab\u2009mur anti-drones\u2009\u00bb de l\u2019UE pourrait \u00eatre pr\u00eat dans un an, selon le commissaire \u00e0 la D\u00e9fense<\/p>\n<p class=\"c-news-link__text\">\n\t\t\t\t\tL\u2019id\u00e9e d\u2019un \u00ab\u2009mur anti-drones\u2009\u00bb a rapidement fait son chemin apr\u00e8s une vague d\u2019intrusions dans les\u2026\t\t\t\t<\/p>\n<p class=\"c-news-link__read-time\">\n\t\t\t\t\t3 minutes\t\t\t\t<\/p>\n<p>\t\t\t\t\t<img loading=\"lazy\" decoding=\"async\" width=\"800\" height=\"533\" src=\"https:\/\/www.europesays.com\/fr\/wp-content\/uploads\/2025\/10\/013-_Euractiv_OmarHavana-800x533.jpg\" class=\"c-news-link__img\" alt=\"Le \u00ab\u2009mur anti-drones\u2009\u00bb de l\u2019UE pourrait \u00eatre pr\u00eat dans un an, selon le commissaire \u00e0 la D\u00e9fense\"\/>\t\t\t<\/p>\n<p>\u00a0<\/p>\n","protected":false},"excerpt":{"rendered":"COPENHAGUE \u2014 \u00c0 l\u2019ouverture du sommet informel du Conseil europ\u00e9en, mercredi 1er\u00a0octobre \u00e0 Copenhague, les dirigeants europ\u00e9ens ont&hellip;\n","protected":false},"author":2,"featured_media":432071,"comment_status":"","ping_status":"","sticky":false,"template":"","format":"standard","meta":{"footnotes":""},"categories":[1888],"tags":[1111,1928,11,1927,1777,674,1011,27,12,1926,626,1925,25],"class_list":{"0":"post-432070","1":"post","2":"type-post","3":"status-publish","4":"format-standard","5":"has-post-thumbnail","7":"category-paris","8":"tag-actu","9":"tag-actu-paris","10":"tag-actualites","11":"tag-actualites-paris","12":"tag-eu","13":"tag-europe","14":"tag-fr","15":"tag-france","16":"tag-news","17":"tag-news-paris","18":"tag-paris","19":"tag-paris-news","20":"tag-republique-francaise"},"share_on_mastodon":{"url":"https:\/\/pubeurope.com\/@fr\/115301025469491450","error":""},"_links":{"self":[{"href":"https:\/\/www.europesays.com\/fr\/wp-json\/wp\/v2\/posts\/432070","targetHints":{"allow":["GET"]}}],"collection":[{"href":"https:\/\/www.europesays.com\/fr\/wp-json\/wp\/v2\/posts"}],"about":[{"href":"https:\/\/www.europesays.com\/fr\/wp-json\/wp\/v2\/types\/post"}],"author":[{"embeddable":true,"href":"https:\/\/www.europesays.com\/fr\/wp-json\/wp\/v2\/users\/2"}],"replies":[{"embeddable":true,"href":"https:\/\/www.europesays.com\/fr\/wp-json\/wp\/v2\/comments?post=432070"}],"version-history":[{"count":0,"href":"https:\/\/www.europesays.com\/fr\/wp-json\/wp\/v2\/posts\/432070\/revisions"}],"wp:featuredmedia":[{"embeddable":true,"href":"https:\/\/www.europesays.com\/fr\/wp-json\/wp\/v2\/media\/432071"}],"wp:attachment":[{"href":"https:\/\/www.europesays.com\/fr\/wp-json\/wp\/v2\/media?parent=432070"}],"wp:term":[{"taxonomy":"category","embeddable":true,"href":"https:\/\/www.europesays.com\/fr\/wp-json\/wp\/v2\/categories?post=432070"},{"taxonomy":"post_tag","embeddable":true,"href":"https:\/\/www.europesays.com\/fr\/wp-json\/wp\/v2\/tags?post=432070"}],"curies":[{"name":"wp","href":"https:\/\/api.w.org\/{rel}","templated":true}]}}