{"id":432074,"date":"2025-10-01T21:27:35","date_gmt":"2025-10-01T21:27:35","guid":{"rendered":"https:\/\/www.europesays.com\/fr\/432074\/"},"modified":"2025-10-01T21:27:35","modified_gmt":"2025-10-01T21:27:35","slug":"barcelone-psg-1-2-meme-amoindri-paris-soffre-une-victoire-exceptionnelle-dans-les-dernieres-minutes","status":"publish","type":"post","link":"https:\/\/www.europesays.com\/fr\/432074\/","title":{"rendered":"Barcelone-PSG (1-2) : m\u00eame amoindri, Paris s&rsquo;offre une victoire exceptionnelle dans les derni\u00e8res minutes"},"content":{"rendered":"<ul class=\"jsx-862013697 ArticleChapo__List\">\n<li class=\"jsx-862013697 ArticleChapo__List_Item flex\">M\u00eame tr\u00e8s amoindri, le PSG a remport\u00e9 mercredi soir une victoire de prestige sur la pelouse de Barcelone (1-2).<\/li>\n<li class=\"jsx-862013697 ArticleChapo__List_Item flex\">Men\u00e9s au score et domin\u00e9s en premi\u00e8re p\u00e9riode, les Parisiens ont arrach\u00e9 la victoire gr\u00e2ce \u00e0 Senny Mayulu et Gon\u00e7alo Ramos.<\/li>\n<li class=\"jsx-862013697 ArticleChapo__List_Item flex\">Le champion d&rsquo;Europe compte deux victoires en deux matchs dans cette Ligue des champions.<\/li>\n<\/ul>\n<p><img decoding=\"async\" src=\"https:\/\/www.europesays.com\/fr\/wp-content\/uploads\/2025\/04\/ligue-des-champions-illustration-d4a937-0@1x.jpeg\" alt=\"Valery HACHE \/ AFP\" loading=\"lazy\" importance=\"low\" fetchpriority=\"low\" class=\"\"\/>TERMIN\u00c9<\/p>\n<p class=\"jsx-1738046559 ScoreBoard__SubTitle\">Ligue des champions &#8211; 2\u1d49 journ\u00e9e<\/p>\n<p class=\"jsx-1738046559 ScoreBoard__SubTitle\">Le 1 octobre 2025 , stade de Montju\u00efc (Barcelone)<\/p>\n<p class=\"jsx-1738046559 ScoreBoard__Teams__NameA\">Barcelone<\/p>\n<p class=\"jsx-1738046559 ScoreBoard__Teams__NameB\">PSG<\/p>\n<p><img decoding=\"async\" src=\"https:\/\/www.europesays.com\/fr\/wp-content\/uploads\/2025\/10\/logo-barcelone-0c08f2-0@1x.png\" alt=\"\" loading=\"eager\" importance=\"low\" fetchpriority=\"low\" class=\"\"\/><\/p>\n<p>1 &#8211; 2<\/p>\n<p><img decoding=\"async\" src=\"https:\/\/www.europesays.com\/fr\/wp-content\/uploads\/2025\/04\/psg-logo-small-bbc591-2@1x.png\" alt=\"\" loading=\"eager\" importance=\"low\" fetchpriority=\"low\" class=\"\"\/><\/p>\n<ul class=\"jsx-1738046559 ScoreBoard__Teams__ScoresB\">\n<li class=\"jsx-1738046559\">Senny Mayulu 38&prime;<\/li>\n<li class=\"jsx-1738046559\">Gon\u00e7alo Ramos 90&prime;<\/li>\n<\/ul>\n<p>Minute par minuteFiltrer par Temps forts et ActionsFiltrerFIN DU MATCH22:54<\/p>\n<p><strong>M\u00eame amoindri, le PSG s&rsquo;impose \u00e0 Barcelone (2-1) ! Malmen\u00e9 en d\u00e9but de match par un Bar\u00e7a plus percutant, dans le sillage de Lamine Yamal, le champion d&rsquo;Europe a arrach\u00e9 la victoire dans les derni\u00e8res minutes gr\u00e2ce \u00e0 un but de l&rsquo;entrant Gon\u00e7alo Ramos.\u00a0Senny Mayulu a r\u00e9pondu \u00e0 Ferran Torres en premi\u00e8re mi-temps, puis les Parisiens ont \u00e9t\u00e9 r\u00e9compens\u00e9s de leur effort en seconde p\u00e9riode pour arracher un pr\u00e9cieux succ\u00e8s face \u00e0 une formation catalane d\u00e9cevante.<\/strong><\/p>\n<p>90+2&rsquo;22:52<\/p>\n<p>Lamine Yamal est averti pour un pied haut sur Lucas Hernandez.<\/p>\n<p>90&rsquo;22:51<\/p>\n<p><strong>But de Ramos !!! Encore esseul\u00e9 sur le c\u00f4t\u00e9 droit, Hakimi a tout son temps pour d\u00e9livrer un centre parfait pour Gon\u00e7alo Ramos. \u00c0 la limite du hors-jeu, l&rsquo;attaquaqnt lusitanien reprend en une touche et trompe Wojciech Szczesny. 2-1 pour le PSG !<\/strong><\/p>\n<p>89&rsquo;22:49<\/p>\n<p><strong>Nouvelle grosse occasion pour le PSG ! <\/strong>Le coup franc barcelonais ne donne rien et les Parisiens filent en contre. Hakimi est lanc\u00e9 sur la droite, et Ramos rate un peu sa passe pour Ndjantou, qui ne peut inqui\u00e9ter Szczesny.<\/p>\n<p>87&rsquo;22:47<\/p>\n<p>En retard sur Ferran Torres, Achraf Hakimi offre un coup franc dangereux aux Catalans. Le capitaine parisien \u00e9cope au passage d&rsquo;un carton jaune.<\/p>\n<p>86&rsquo;22:46<\/p>\n<p>Eric Garcia est remplac\u00e9 par Andreas Christensen au c\u0153ur de la d\u00e9fense barcelonaise.\u00a0<\/p>\n<p>83&rsquo;22:43<\/p>\n<p><strong>Le poteau de Kang-In Lee !!! <\/strong>Le milieu sud-cor\u00e9en, tout juste entr\u00e9 en jeu, slalome \u00e0 l&rsquo;entr\u00e9e de la surface du Bar\u00e7a et se met sur son pied gauche. Il arme une frappe qui heurte le poteau gauche de Szczesny.<\/p>\n<p>83&rsquo;22:42<\/p>\n<p>Le PSG joue ce corner en deux temps. Vitinha centre vers Zabarnyi, dont la t\u00eate passe au-dessus du but catalan. Le d\u00e9fenseur ukrainien \u00e9tait de toute fa\u00e7on hors-jeu.<\/p>\n<p>81&rsquo;22:41<\/p>\n<p>Luis Enrique proc\u00e8de \u00e0 un double changement : Kang-In Lee et Quentin Ndjantou remplacent Senny Mayulu et Bradley Barcola.<\/p>\n<p>80&rsquo;22:39<\/p>\n<p>Lewandowski remet en retrait sur Yamal, qui tente une frappe enroul\u00e9e dans la lucarne oppos\u00e9e. Mais cela passe nettement \u00e0 c\u00f4t\u00e9.<\/p>\n<p>79&rsquo;22:38<\/p>\n<p>Le ma\u00eetre \u00e0 jouer espagnol Pedri est remplac\u00e9 par Marc Bernal.<\/p>\n<p>78&rsquo;22:38<\/p>\n<p>Marc Casado est averti pour cette faute sur Hakimi dans la surface parisienne.<\/p>\n<p>76&rsquo;22:37<\/p>\n<p><strong>C&rsquo;est chaud dans la surface barcelonaise ! <\/strong>Servi en pivot, Gon\u00e7alo ne parvient pas \u00e0 se retourner et perd le ballon au duel avec Cubarsi. Cela revient sur Hakimi, devanc\u00e9 par le superbe retour d\u00e9fensif de Ferran Torres.\u00a0<\/p>\n<p>72&rsquo;22:33<\/p>\n<p>Visiblement touch\u00e9 \u00e0 la cuisse, Fabian Ruiz rejoint le banc, remplac\u00e9 par l&rsquo;attaquant portugais Gon\u00e7alo Ramos.<\/p>\n<p>71&rsquo;22:32<\/p>\n<p>Triple changement pour le Bar\u00e7a : Dani Olmo c\u00e8de sa place \u00e0 Marc Casado, Marcus Rashord est remplac\u00e9 par le buteur polonais Robert Lewandowski et Alejandro Balde suppl\u00e9e Gerard Martin.<\/p>\n<p>70&rsquo;22:30<\/p>\n<p>D\u00e9sormais positionn\u00e9 comme ailier gauche, Nuno Mendes provoque Jules Kound\u00e9 et sert en retrait Fabian Ruiz. La frappe du milieu espagnol du PSG est trop axiale, sans danger pour Szczesny.<\/p>\n<p>22:27<\/p>\n<p>Surveill\u00e9 par la d\u00e9fense barcelonaise, Ibrahim Mbaye n&rsquo;a pas d\u00e9m\u00e9rit\u00e9 pour sa premi\u00e8re titularisation en C1.<\/p>\n<p><img decoding=\"async\" src=\"https:\/\/www.europesays.com\/fr\/wp-content\/uploads\/2025\/10\/ibrahim-mbaye-psg-barcelone-b4c38b-0@1x.jpeg\" alt=\"Josep LAGO \/ AFP\" loading=\"lazy\" importance=\"low\" fetchpriority=\"low\" class=\"\"\/>Josep LAGO \/ AFP66&rsquo;22:26<\/p>\n<p>Le coup franc de Rashford est box\u00e9 des poings par Chevalier, et la frappe de Yamal passe \u00e0 c\u00f4t\u00e9.<\/p>\n<p>65&rsquo;22:25<\/p>\n<p>Premier changement dans ce match : le d\u00e9fenseur Lucas Hernandez est entr\u00e9 \u00e0 la place de l&rsquo;attaquant Ibrahim Mbaye.<\/p>\n<p>64&rsquo;22:24<\/p>\n<p>Hakimi sauve le PSG ! \u00c9norme frayeur d\u00e9fensive pour les Parisiens, qui s&rsquo;en sortent presque miraculeusement avec ce contre de la cuisse du d\u00e9fenseur marocain sur une frappe \u00e0 bout portant de Dani Olmo.<\/p>\n<p>63&rsquo;22:22<\/p>\n<p>Lamine Yamal se charge de ce coup franc tr\u00e8s bien plac\u00e9. Mais la frappe de l&rsquo;attaquant espagnol est bien trop puissante et passe nettement au-dessus de la transversale de Lucas Chevalier.\u00a0<\/p>\n<p>60&rsquo;22:21<\/p>\n<p>Prise \u00e0 deux sur Lamine Yamal, de la part de Nuno Mendes et Fabian Ruiz. Le Portugais commet la faute, mais il \u00e9vite de peu le second avertissement. Cela offre tout de m\u00eame un coup franc tr\u00e8s dangereux au Bar\u00e7a, \u00e0 l&rsquo;entr\u00e9e de la surface de r\u00e9paration, plein axe.<\/p>\n<p>57&rsquo;22:17<\/p>\n<p>Chevalier relance vite et Mbaye part en contre au centre du terrain. Dani Olmo annihile cette action en faisant faute, et il est logiquement averti.<\/p>\n<p>56&rsquo;22:16<\/p>\n<p>L&rsquo;aile de pigeon, tent\u00e9e et r\u00e9ussie, de Bradley Barcola.<\/p>\n<p><img decoding=\"async\" src=\"https:\/\/www.europesays.com\/fr\/wp-content\/uploads\/2025\/10\/bradley-barcola-psg-barcelone-8539d7-0@1x.jpeg\" alt=\"Josep LAGO \/ AFP\" loading=\"lazy\" importance=\"low\" fetchpriority=\"low\" class=\"\"\/>Josep LAGO \/ AFP55&rsquo;22:14<\/p>\n<p>Barcola est encore trouv\u00e9 esseul\u00e9 dans la profondeur c\u00f4t\u00e9 droit. Il d\u00e9double avec Mayulu, venu le soutenir, qui obtient un corner.<\/p>\n<p>54&rsquo;22:14<\/p>\n<p>Gros temps fort parisien ! Achraf Hakimi slalome dans la d\u00e9fense barcelonaise et arme une frappe, d\u00e9vi\u00e9e en corner. Le Bar\u00e7a peut se d\u00e9gager.<\/p>\n<p>53&rsquo;22:13<\/p>\n<p>La d\u00e9fense barcelonaise est mal align\u00e9e et les Parisiens en profitent en contre. Barcola est trouv\u00e9 c\u00f4t\u00e9 droit mais il bute face au portier polonais du FC Barcelone.<\/p>\n<p>52&rsquo;22:12<\/p>\n<p><strong>Le rush d&rsquo;Ibrahim Mbaye ! <\/strong>L&rsquo;attaquant de 17 ans d\u00e9pose Jules Kound\u00e9 sur le c\u00f4t\u00e9 gauche, puis se pr\u00e9sente face \u00e0 Eric Garcia. Ibrahim Mbaye croch\u00e8te le d\u00e9fenseur espagnol mais il tergiverse et le retour de Kound\u00e9 l&#8217;emp\u00eache d&rsquo;armer une frappe plus lourde pour tromper Szczesny.<\/p>\n<p>48&rsquo;22:07<\/p>\n<p>Les Parisiens repartent avec de bonnes intentions. Mais ce centre de Fabian Ruiz ne trouve pas preneur au second poteau.<\/p>\n<p>46&rsquo;22:05<\/p>\n<p>Le coup d&rsquo;envoi de la seconde p\u00e9riode vient d&rsquo;\u00eatre donn\u00e9 au stade de Montjuic.<\/p>\n<p>22:04<\/p>\n<p>Auteur d&rsquo;un sauvetage sur sa ligne devant Ferran Torres, Illia Zabarnyi a globalement \u00e9t\u00e9 en difficult\u00e9 dans son duel avec l&rsquo;attaquant blaugrana Marcus Rashford.\u00a0<\/p>\n<p><img decoding=\"async\" src=\"https:\/\/www.europesays.com\/fr\/wp-content\/uploads\/2025\/10\/zabarnyi-rashford-psg-barcelone-2ca819-0@1x.jpeg\" alt=\"Josep LAGO \/ AFP\" loading=\"lazy\" importance=\"low\" fetchpriority=\"low\" class=\"\"\/>Josep LAGO \/ AFPMI-TEMPS21:49<\/p>\n<p><strong>Score de parit\u00e9 \u00e0 la pause \u00e0 Barcelone ! Emmen\u00e9 par un Lamine Yamal tr\u00e8s en jambes, le Bar\u00e7a a domin\u00e9 l&rsquo;entame de match, ouvrant logiquement le score par l&rsquo;interm\u00e9diaire de Ferran Torres. Mais derri\u00e8re, le PSG ne s&rsquo;est pas d\u00e9suni et s&rsquo;est m\u00eame montr\u00e9 plus dangereux offensivement. Senny Mayulu a \u00e9galis\u00e9 au terme d&rsquo;une belle remont\u00e9e de balle parisienne, et Bradley Barcole n&rsquo;a pas \u00e9t\u00e9 loin de mettre Paris devant \u00e0 la pause.<\/strong><\/p>\n<p>L&rsquo;\u00c9GALISATION PARISIENNE DE MAYULU EN VID\u00c9O21:48<\/p>\n<blockquote data-testid=\"EmbedTwitter\" id=\"tweet-1973473569561563467-:Rsq2j5klcmj9n79m:\" class=\"jsx-aeff1a1c40f54d7a twitter-tweet flex justify-center items-center\"><p>SENNY MAYULU RELANCE LE PSG FACE AU BAR\u00c7A ! \u26a1\ufe0f Le travail de Nuno Mendes est incroyable \ud83e\udd75 #BARPSG |  #UCL pic.twitter.com\/a3FUi9aEAT \u2014 CANAL+ Foot (@CanalplusFoot)  October 1, 2025<\/p><\/blockquote>\n<p>45&rsquo;21:47<\/p>\n<p>Illia Zabarnyi se fait facilement \u00e9liminer par Marcus Rashford, qui centre fort au premier poteau. Corner pour le Bar\u00e7a juste avant la pause ! C&rsquo;est enroul\u00e9 par l&rsquo;attaquant anglais, directement dans le petit filet de Lucas Chevalier.<\/p>\n<p>44&rsquo;21:46<\/p>\n<p>Nuno Mendes est averti \u00e0 son tour. Le Portugais perd la balle et commet ensuite la faute sur Lamine Yamal, qui tentait de s&rsquo;\u00e9chapper le long de la ligne de touche.<\/p>\n<p>43&rsquo;21:45<\/p>\n<p>Le PSG va mieux. Alors que Bradley Barcola a manqu\u00e9 son face \u00e0 face avec le portier barcelonais, les Parisiens s&rsquo;installent aux abords de la surface adverse. Cette action se conclut par une frapp\u00e9e d&rsquo;Achraf Hakimi, contr\u00e9e par Gerard Martin.<\/p>\n<p>21:43<\/p>\n<p>Senny Mayulu a remis les deux \u00e9quipes \u00e0 \u00e9galit\u00e9.\u00a0<\/p>\n<p><img decoding=\"async\" src=\"https:\/\/www.europesays.com\/fr\/wp-content\/uploads\/2025\/10\/senny-mayulu-psg-barcelone-fb5133-0@1x.jpeg\" alt=\"Lluis GENE \/ AFP\" loading=\"lazy\" importance=\"low\" fetchpriority=\"low\" class=\"\"\/>Lluis GENE \/ AFP38&rsquo;21:42<\/p>\n<p><strong>L&rsquo;\u00e9galisation de Senny Mayulu !! Nuno Mendes combine avec Ibrahim Mbaye sur le c\u00f4t\u00e9 gauche et remonte tout le terrain. Le lat\u00e9ral portugais fixe la d\u00e9fense catalane et d\u00e9cale Senny Mayulu dans l&rsquo;axe, \u00e0 l&rsquo;entr\u00e9e de la surface adverse. Pau Cubarsi se manque, et le Fran\u00e7ais de 19 ans marque du pied droit face \u00e0 Szczesny, pris \u00e0 contrepied. 1-1 !<\/strong><\/p>\n<p>36&rsquo;21:38<\/p>\n<p>Rashford p\u00e9n\u00e8tre dans la surface parisienne et joue le duel face \u00e0 Zabarnyi, sans succ\u00e8s.\u00a0<\/p>\n<p>35&rsquo;21:36<\/p>\n<p>Apr\u00e8s \u00eatre rest\u00e9 plusieurs minutes au sol, Nuno Mendes se rel\u00e8ve et les Parisiens peuvent jouer ce coup franc. Mais la d\u00e9fense barcelonaise est bien en place, ne laissant pas aux joueurs du PSG la possibilit\u00e9 de tirer au but.<\/p>\n<p>32&rsquo;21:34<\/p>\n<p>Frenkie De Jong se rend coupable d&rsquo;une grossi\u00e8re faute pour stopper Nuno Mendes, parti \u00e0 pleine vitesse dans le camp barcelonais. Le capitaine barcelonais est logiquement averti pour cette faute d&rsquo;antijeu.\u00a0<\/p>\n<p>30&rsquo;21:32<\/p>\n<p>Excentr\u00e9 sur la gauche de la surface adverse, Achraf Hakimi tente sa chance avec une frappe enroul\u00e9e vers la lucarne oppos\u00e9e. Mais Wojciech Szczesny \u00e9tait sur la trajectoire. Le corner suivant se conclut par une frappe de Vitinha, qui passe loin du cadre.<\/p>\n<p>29&rsquo;21:30<\/p>\n<p>Revenu d\u00e9fendre, Marcus Rashford commet une faute en voulant tacler sur Ibrahim Mbaye. Cela offre un coup franc dangereux aux Parisiens.<\/p>\n<p>28&rsquo;21:30<\/p>\n<p>Cafouillage dans la d\u00e9fense parisienne. La frappe de Rashford est renvoy\u00e9e par la d\u00e9fense parisienne et Eric Garcia reste ensuite au sol apr\u00e8s un contact avec Zabarnyi. Mais pas de penalty pour le Bar\u00e7a !<\/p>\n<p>27&rsquo;21:29<\/p>\n<p>Le Bar\u00e7a repart encore \u00e0 l&rsquo;offensive. Les passes circulent bien c\u00f4t\u00e9 catalan, jusqu&rsquo;\u00e0 Pedri qui arme une frappe \u00e0 l&rsquo;ent\u00e9e de la surface parisienne. D\u00e9vi\u00e9, le ballon passe de peu \u00e0 c\u00f4t\u00e9 du montant gauche de Lucas Chevalier. Corner pour le FC Barcelone.<\/p>\n<p>L&rsquo;OUVERTURE DU SCORE DE FERRAN EN VID\u00c9O21:27<\/p>\n<blockquote data-testid=\"EmbedTwitter\" id=\"tweet-1973469417817211025-:Rsqsj5klcmj9n79m:\" class=\"jsx-aeff1a1c40f54d7a twitter-tweet flex justify-center items-center\"><p>Le Bar\u00e7a ouvre le score face au PSG apr\u00e8s 19 minutes \ud83e\udee8 \u00c7a va trop vite \u00e0 la perte de balle c\u00f4t\u00e9 catalan et c&rsquo;est Ferran Torres qui en profite sur un service de Rashford \ud83c\udfaf #BARPSG |  #UCL pic.twitter.com\/JIMm6hvg9P \u2014 CANAL+ Foot (@CanalplusFoot)  October 1, 2025<\/p><\/blockquote>\n<p>23&rsquo;21:26<\/p>\n<p>Discret en ce d\u00e9but de match, Bradley Barcola a un un contre un \u00e0 disputer. Mais il pousse trop son ballon face \u00e0 Garcia. Sortie de but pour le Bar\u00e7a.<\/p>\n<p>19&rsquo;21:23<\/p>\n<p><strong>Le Bar\u00e7a ouvre le score !! Mis sous pression par le pressing barcelonais, Vitinha voit sa passe intercept\u00e9e par Lamine Yamal au milieu du terrain. L&rsquo;Espagnol transmet \u00e0 Pedri, qui d\u00e9cale ensuite Rashford sur la gauche de la surface parisienne. L&rsquo;attaquant anglais centre en une touche pour Ferran Torres, \u00e0 la limite du hors-jeu, qui marque en taclant sur la droite de Lucas Chevalier, battu. 1 \u00e0 0 pour le FC Barcelone.<\/strong><\/p>\n<p>18&rsquo;21:19<\/p>\n<p>Ibrahim Mbaye percute devant Gerard Martin, et obtient le deuxi\u00e8me corner de la partie&#8230; qui ne donne rien. Sortie de but pour les joueurs d&rsquo;Hans-Dieter Flick.<\/p>\n<p>17&rsquo;21:18<\/p>\n<p>Le Bar\u00e7a insiste dans la profondeur. Marcus Rashford est recherch\u00e9, mais Lucas Chevalier sort cette fois-ci devant l&rsquo;attaquant blaugrana.<\/p>\n<p>Voir plus<\/p>\n<p>14&rsquo;21:17<\/p>\n<p><strong>Le sauvetage de Zabarnyi !! <\/strong>Lamine Yamal lance parfaitement Ferran Torres dans la profondeur d&rsquo;un ext\u00e9rieur du pied. L&rsquo;attaquant espagnol \u00e9limine Lucas Chevalier, mais voit sa frappe en direct du but contr\u00e9e par le superbe retour du d\u00e9fenseur ukrainien du PSG.<\/p>\n<p>12&rsquo;21:13<\/p>\n<p>Nuno Mendes frappe parfaitement ce corner vers le point de penalty, et Zabarnyi n&rsquo;est pas loin de l&rsquo;ouverture du score sur cette t\u00eate, qui passe de peu au-dessus de la cage de Szczesny.<\/p>\n<p>10&rsquo;21:12<\/p>\n<p>Warren Za\u00efre-Emery est proche de s&#8217;emm\u00ealer les pinceaux devant sa surface de r\u00e9paration, face au pressing de Pedri. Mais le titi parisien s&rsquo;en sort, et le PSG part en contre. Achraf Hakimi est trouv\u00e9 \u00e0 l&rsquo;entr\u00e9e de la surface catalane et sa frappe est d\u00e9vi\u00e9e en corner.<\/p>\n<p>8&rsquo;21:11<\/p>\n<p>La p\u00e9pite espagnole, deuxi\u00e8me du dernier Ballon d&rsquo;Or, \u00a0est le plus en vue dans ce d\u00e9but de match.<\/p>\n<p><img decoding=\"async\" src=\"https:\/\/www.europesays.com\/fr\/wp-content\/uploads\/2025\/10\/lamine-yamal-barcelone-psg-bd6e7e-0@1x.jpeg\" alt=\"Josep LAGO \/ AFP\" loading=\"lazy\" importance=\"low\" fetchpriority=\"low\" class=\"\"\/>Josep LAGO \/ AFP7&rsquo;21:09<\/p>\n<p><strong>L&rsquo;excellent retour de Nuno Mendes !! <\/strong>Lamine Yamal est encore dans ses \u0153uvres et percute sur la droite. Il semble avoir pass\u00e9 le lat\u00e9ral portugais, mais celui-ci parvient \u00e0 chiper le ballon dans les pieds de la p\u00e9pite du Bar\u00e7a.<\/p>\n<p>5&rsquo;21:07<\/p>\n<p>Le Bar\u00e7a a le pied sur le ballon dans ce d\u00e9but de match. Mais le pressing d&rsquo;Mbaye profite \u00e0 Hakimi, qui peut centrer \u00e0 ras de terre. Sans danger pour Wojciech Zscsesny, le portier barcelonais.<\/p>\n<p>2&rsquo;21:03<\/p>\n<p>Lamine Yamal s&rsquo;amuse d&rsquo;entr\u00e9e sur son c\u00f4t\u00e9 droit ! L&rsquo;ailier espagnol mystifie trois parisiens, avant de servir Ferran Torres, qui bute sur le bon retour d\u00e9fensif de Hakimi.\u00a0<\/p>\n<p>1&rsquo;21:02<\/p>\n<p>C&rsquo;est parti \u00e0 Barcelone ! \u00c0 noter que Warren Za\u00efre-Emery a pris la place de Joao Neves, forfait de derni\u00e8re minute, dans le milieu de terrain parisien.<\/p>\n<p>LE MATCH VA COMMENCER20:59<\/p>\n<p>Les 22 acteurs viennent de faire leur entr\u00e9e sur la pelouse du stade de Montju\u00efc, o\u00f9 retentit l&rsquo;hymne officiel de la Ligue des champions.<\/p>\n<p>LA COMPO DU PSG20:21<\/p>\n<p>Confront\u00e9 \u00e0 de nombreuses blessures, Luis Enrique, d\u00e9sign\u00e9 la semaine derni\u00e8re meilleur entra\u00eeneur du monde, a pris le pari de lancer ses attaquants Senny Mayulu (19 ans) et Ibrahim Mbaye (17 ans) d\u00e8s le coup d&rsquo;envoi, aux c\u00f4t\u00e9s de Bradley Barcola. \u00a0Joao Neves, Vitinha et Fabian Ruiz formeront le milieu habituel, tandis qu&rsquo;Illya Zabarnyi suppl\u00e9era le capitaine <a href=\"https:\/\/www.tf1info.fr\/sport\/football-psg-blesse-a-la-cuisse-marquinhos-sera-absent-plusieurs-semaines-2397043.html\" target=\"_blank\" rel=\"noopener\">Marquinhos <\/a>en d\u00e9fense centrale.<\/p>\n<p><strong>La composition du PSG :\u00a0<\/strong><\/p>\n<p><strong>Chevalier &#8211; Hakimi (cap.), Zabarnyi, Pacho, Nuno Mendes &#8211; Joao Neves, Vitinha, Fabian Ruiz &#8211; Mbaye, Mayulu, Barcola<\/strong><\/p>\n<p>LA COMPO DU BAR\u00c7A20:20<\/p>\n<p>L&rsquo;entra\u00eeneur du FC Barcelone Hansi Flick a d\u00e9cid\u00e9 d&rsquo;aligner d&rsquo;entr\u00e9e sa p\u00e9pite Lamine Yamal. Robert Lewandowski d\u00e9butera lui, l&rsquo;Espagnol Ferran Torres lui ayant \u00e9t\u00e9 pr\u00e9f\u00e9r\u00e9 \u00e0 la pointe de l&rsquo;attaque, aux c\u00f4t\u00e9s de Marcus Rashford.\u00a0<\/p>\n<p><strong>La composition du FC Barcelone :\u00a0<\/strong><\/p>\n<p>Szczesny &#8211; Kound\u00e9, Cubarsi, Eric Garcia, Gerard Martin &#8211; Pedri, F. De Jong (cap.), Olmo &#8211; Lamine Yamal, Ferran Torres, Rashford.<\/p>\n<blockquote data-testid=\"EmbedTwitter\" id=\"tweet-1973445566609891706-:R76mj9klcmj9n79m:\" class=\"jsx-aeff1a1c40f54d7a twitter-tweet flex justify-center items-center\"><p>\ud83d\udea8 BAR\u00c7A XI \ud83d\udea8 #Bar\u00e7aPSG pic.twitter.com\/mRB74EOS9X \u2014 FC Barcelona (@FCBarcelona)  October 1, 2025<\/p><\/blockquote>\n<p>OUSMANE DEMB\u00c9L\u00c9 ABSENT20:16<\/p>\n<p>Bless\u00e9 \u00e0 la cuisse, le nouveau Ballon d&rsquo;Or 2025 manquera au PSG pour ce d\u00e9placement p\u00e9rilleux en Catalogne. D\u00e9sir\u00e9 Dou\u00e9 et Khvicha Kvaratskhelia seront \u00e9galement absents, comme le capitaine Marquinhos. Les milieux Joao Neves et Vitinha sont eux bien dans le groupe.<\/p>\n<p>Sports<img decoding=\"async\" src=\"https:\/\/www.europesays.com\/fr\/wp-content\/uploads\/2025\/10\/ousmane-dembele-ballon-d-or-497e93-0@1x.jpeg\" alt=\"L'heure de la cons\u00e9cration pour Ousmane Demb\u00e9l\u00e9, sacr\u00e9 Ballon d'Or 2025\" loading=\"lazy\" importance=\"low\" fetchpriority=\"low\" class=\"\" aria-hidden=\"true\"\/>Publi\u00e9 le 23 septembre 2025 \u00e0 6h11LA REVANCHE DE 202420:12<\/p>\n<p>Au stade olympique de Montju\u00efc, le Camp Nou \u00e9tant encore indisponible apr\u00e8s sa r\u00e9novation, les Catalans veulent prendre sur leur revanche contre des Parisiens qui les avaient \u00e9limin\u00e9s en quarts de finale en avril 2024. Le Bar\u00e7a s&rsquo;\u00e9tait impos\u00e9 3-2 au Parc des Princes, avant de couler \u00e0 domicile (1-4) face au PSG. Kylian Mbapp\u00e9 avait inscrit un doubl\u00e9 pour sa derni\u00e8re ann\u00e9e dans la capitale et Ousmane Demb\u00e9l\u00e9 avait \u00e9galement fait trembler les filets espagnols.<\/p>\n<p>UN CHOC ENTRE DEUX FAVORIS20:07<\/p>\n<p>Les deux \u00e9quipes, favorites de la comp\u00e9tition, ont r\u00e9ussi leur entr\u00e9e dans la comp\u00e9tition il y a quinze jours : le Bar\u00e7a s&rsquo;est impos\u00e9 difficilement sur la pelouse de Newcastle (2-1) et le PSG, tenant du titre, a \u00e9parpill\u00e9 l&rsquo;Atalante Bergame au Parc des Princes (4-0).<\/p>\n<blockquote data-testid=\"EmbedTwitter\" id=\"tweet-1973336014405108201-:R76sj9klcmj9n79m:\" class=\"jsx-aeff1a1c40f54d7a twitter-tweet flex justify-center items-center\"><p>In-form Barcelona face champions Paris \ud83e\udd24 #UCL pic.twitter.com\/3G5x6pnvAh \u2014 UEFA Champions League (@ChampionsLeague)  October 1, 2025<\/p><\/blockquote>\n<p>BONSOIR \u00c0 TOUTES ET \u00c0 TOUS !20:02<\/p>\n<p>Bienvenue sur TF1info pour suivre en direct comment\u00e9 le choc de la 2e journ\u00e9e de la Ligue des champions, entre le FC Barcelone et le Paris Saint-Germain. Coup d&rsquo;envoi \u00e0 21h00 au stade de Montjuic !<\/p>\n<p data-module=\"article-paragraph\" class=\"jsx-3046738180 Paragraph Paragraph__End\">Deux g\u00e9ants d&rsquo;Europe face \u00e0 face. Deux semaines apr\u00e8s <a href=\"https:\/\/www.tf1info.fr\/sport\/direct-psg-atalanta-bergame-live-football-ligue-des-champions-tenants-du-titre-les-parisiens-entrent-en-lice-2395006.html\" target=\"_blank\" rel=\"noopener\">leur succ\u00e8s lors de la journ\u00e9e inaugurale<\/a>, Barcelonais et Parisiens s&rsquo;affrontent <a href=\"https:\/\/www.tf1info.fr\/sport\/programme-tv-barca-psg-football-ligue-des-champions-a-quelle-heure-et-sur-quelle-chaine-voir-barcelone-paris-2397718.html\" target=\"_blank\" rel=\"noopener\">ce mercredi \u00e0 21h<\/a> \u00e0 l&rsquo;occasion de la 2\u1d49 journ\u00e9e de la phase r\u00e9guli\u00e8re de Ligue des champions. Un choc XXL, proche d&rsquo;\u00eatre l&rsquo;affiche de la finale en mai dernier, que les Parisiens vont disputer amoindris : le trio d&rsquo;attaque habituel Demb\u00e9l\u00e9-Dou\u00e9-Kvaratskhelia est \u00e0 l&rsquo;infirmerie, tandis que <a href=\"https:\/\/www.tf1info.fr\/sport\/football-psg-blesse-a-la-cuisse-marquinhos-sera-absent-plusieurs-semaines-2397043.html\" target=\"_blank\" rel=\"noopener\">le capitaine Marquinhos est forfait<\/a>. Le milieu de terrain titulaire Vitinha-Ruiz-Neves, lui, revient tout juste de blessure.<\/p>\n<p><a href=\"https:\/\/www.tf1info.fr\/sport\/direct-om-ajax-amsterdam-live-football-l-olympique-de-marseille-enfin-lance-en-ligue-des-champions-au-velodrome-2397700.html\" rel=\"noopener\" class=\"jsx-3308031228 Link flex\" target=\"_blank\"><img decoding=\"async\" src=\"https:\/\/www.europesays.com\/fr\/wp-content\/uploads\/2025\/10\/l-om-s-est-impose-face-a-l-ajax-amsterdam-1-1c3d61-3@1x.jpeg\" alt=\"L'OM a battu l'Ajax Amsterdam au V\u00e9lodrome, le 30 septembre 2025\" loading=\"lazy\" importance=\"low\" fetchpriority=\"low\" class=\"\" aria-hidden=\"true\"\/><\/p>\n<p class=\"jsx-3657663356 ReadMoreArticle__Title\">Lire aussi<\/p>\n<p class=\"jsx-3657663356\">OM-Ajax Amsterdam : les Marseillais s&rsquo;imposent avec la mani\u00e8re et signent une 1\u02b3\u1d49 victoire en Ligue des champions<\/p>\n<p><\/a><\/p>\n<p data-module=\"article-paragraph\" class=\"jsx-3046738180 Paragraph Paragraph__End\">En face, le Bar\u00e7a semble plus arm\u00e9. Si plusieurs cadres manquent aussi \u00e0 l&rsquo;appel (Raphinha, Gavi, Ferm\u00edn L\u00f3pez, Ter Stegen, Joan Garcia), les Blaugrana viennent de r\u00e9cup\u00e9rer leur p\u00e9pite Lamine Yamal, <a href=\"https:\/\/www.tf1info.fr\/sport\/fotball-l-heure-de-la-consecration-pour-ousmane-dembele-psg-sacre-ballon-d-or-2025-2396151.html\" target=\"_blank\" rel=\"noopener\">2\u1d49 du Ballon d&rsquo;Or<\/a>. Pour le PSG, gagner une deuxi\u00e8me fois au stade olympique de Montju\u00efc, un an et demi apr\u00e8s <a href=\"https:\/\/www.tf1info.fr\/sport\/video-en-direct-football-fc-barcelone-psg-paris-saint-germain-quart-de-finale-retour-ligue-des-champions-avec-mbappe-paris-reve-d-une-remontada-face-au-barca-2295404.html\" target=\"_blank\" rel=\"noopener\">le quart de finale retour victorieux (4-1)<\/a>, repr\u00e9senterait donc une sacr\u00e9e performance. \u00ab\u00a0C&rsquo;est un match important, mais pas d\u00e9terminant\u00a0\u00bb, a d&rsquo;ores et d\u00e9j\u00e0 temp\u00e9r\u00e9 Luis Enrique. De quoi s&rsquo;enlever (un peu) de pression.<\/p>\n<p data-module=\"article-paragraph\" class=\"jsx-3046738180 Paragraph Paragraph__End\"><strong>Suivez la rencontre de Ligue des champions entre le FC Barcelone et le Paris Saint-Germain en direct d\u00e8s 21h dans notre live comment\u00e9 ci-dessus.<\/strong><\/p>\n<p>Victor GAUTIER<\/p>\n<p><script async src=\"https:\/\/platform.twitter.com\/widgets.js\" charset=\"utf-8\"><\/script><\/p>\n","protected":false},"excerpt":{"rendered":"M\u00eame tr\u00e8s amoindri, le PSG a remport\u00e9 mercredi soir une victoire de prestige sur la pelouse de Barcelone&hellip;\n","protected":false},"author":2,"featured_media":432075,"comment_status":"","ping_status":"","sticky":false,"template":"","format":"standard","meta":{"footnotes":""},"categories":[1888],"tags":[1111,11,1921,9707,1640,123,1777,674,63,1011,27,1922,48671,16748,447,48670,921,12,2782,626,93,25,133,4712,1620],"class_list":{"0":"post-432074","1":"post","2":"type-post","3":"status-publish","4":"format-standard","5":"has-post-thumbnail","7":"category-paris","8":"tag-actu","9":"tag-actualites","10":"tag-article-video","11":"tag-bradley-barcola","12":"tag-desire-doue","13":"tag-espagne","14":"tag-eu","15":"tag-europe","16":"tag-football","17":"tag-fr","18":"tag-france","19":"tag-info","20":"tag-lom-et-monaco-en-outsiders","21":"tag-lamine-yamal","22":"tag-ligue-des-champions","23":"tag-ligue-des-champions-2025-2026-le-psg-en-favori","24":"tag-luis-enrique","25":"tag-news","26":"tag-ousmane-dembele","27":"tag-paris","28":"tag-psg","29":"tag-republique-francaise","30":"tag-video","31":"tag-video-sports","32":"tag-warren-zaire-emery"},"share_on_mastodon":{"url":"https:\/\/pubeurope.com\/@fr\/115301033653495225","error":""},"_links":{"self":[{"href":"https:\/\/www.europesays.com\/fr\/wp-json\/wp\/v2\/posts\/432074","targetHints":{"allow":["GET"]}}],"collection":[{"href":"https:\/\/www.europesays.com\/fr\/wp-json\/wp\/v2\/posts"}],"about":[{"href":"https:\/\/www.europesays.com\/fr\/wp-json\/wp\/v2\/types\/post"}],"author":[{"embeddable":true,"href":"https:\/\/www.europesays.com\/fr\/wp-json\/wp\/v2\/users\/2"}],"replies":[{"embeddable":true,"href":"https:\/\/www.europesays.com\/fr\/wp-json\/wp\/v2\/comments?post=432074"}],"version-history":[{"count":0,"href":"https:\/\/www.europesays.com\/fr\/wp-json\/wp\/v2\/posts\/432074\/revisions"}],"wp:featuredmedia":[{"embeddable":true,"href":"https:\/\/www.europesays.com\/fr\/wp-json\/wp\/v2\/media\/432075"}],"wp:attachment":[{"href":"https:\/\/www.europesays.com\/fr\/wp-json\/wp\/v2\/media?parent=432074"}],"wp:term":[{"taxonomy":"category","embeddable":true,"href":"https:\/\/www.europesays.com\/fr\/wp-json\/wp\/v2\/categories?post=432074"},{"taxonomy":"post_tag","embeddable":true,"href":"https:\/\/www.europesays.com\/fr\/wp-json\/wp\/v2\/tags?post=432074"}],"curies":[{"name":"wp","href":"https:\/\/api.w.org\/{rel}","templated":true}]}}