{"id":432078,"date":"2025-10-01T21:29:12","date_gmt":"2025-10-01T21:29:12","guid":{"rendered":"https:\/\/www.europesays.com\/fr\/432078\/"},"modified":"2025-10-01T21:29:12","modified_gmt":"2025-10-01T21:29:12","slug":"lukraine-salarme-dun-bombardement-russe-contre-la-centrale-de-tchernobyl","status":"publish","type":"post","link":"https:\/\/www.europesays.com\/fr\/432078\/","title":{"rendered":"L\u2019Ukraine s\u2019alarme d\u2019un bombardement russe contre la centrale de Tchernobyl"},"content":{"rendered":"<p>        <img decoding=\"async\" loading=\"lazy\" src=\"https:\/\/www.europesays.com\/fr\/wp-content\/uploads\/2025\/10\/fdf74b2_1658768335929-62515484210000b9bf505b4c.jpg\"  width=\"728\" height=\"410\" alt=\"L\u2019Ukraine s\u2019alarme ce mercredi 1er octobre d\u2019un bombardement russe contre la centrale de Tchernobyl. (Photo satellite dat\u00e9e du 10 mars 2022 montrant la centrale de Tchernobyl, pass\u00e9e sous contr\u00f4le des Russes pendant pr\u00e8s d'un mois.)\"\/>  <\/p>\n<p>Maxar Technologies &#8211; via AFP<\/p>\n<p>L\u2019Ukraine s\u2019alarme ce mercredi 1er octobre d\u2019un bombardement russe contre la centrale de Tchernobyl. (Photo satellite dat\u00e9e du 10 mars 2022 montrant la centrale de Tchernobyl, pass\u00e9e sous contr\u00f4le des Russes pendant pr\u00e8s d&rsquo;un mois.)<\/p>\n<p class=\"asset asset-text\">INTERNATIONAL &#8211; Une nouvelle infrastructure \u00e9nerg\u00e9tique lourdement frapp\u00e9e. Le pr\u00e9sident ukrainien <a href=\"https:\/\/www.huffingtonpost.fr\/international\/article\/guerre-en-ukraine-zelensky-expose-comment-il-envisage-son-avenir-politique-en-cas-de-paix_255264.html\" target=\"_blank\" rel=\"noopener\">Volodymyr Zelensky<\/a> a accus\u00e9 ce mercredi 1er\u00a0octobre Moscou d\u2019\u00eatre une \u00ab\u00a0menace mondiale\u00a0\u00bb, apr\u00e8s un bombardement russe sur l\u2019ancienne centrale de <a href=\"https:\/\/www.huffingtonpost.fr\/international\/video\/l-ukraine-accuse-la-russie-images-a-l-appui-d-avoir-frappe-tchernobyl-avec-un-drone-explosif_246218.html\" target=\"_blank\" rel=\"noopener\">Tchernobyl<\/a>. Cet \u00e9v\u00e8nement s\u2019ajoute \u00e0 la coupure d\u2019\u00e9lectricit\u00e9 depuis plus d\u2019une semaine qui touche la centrale nucl\u00e9aire de Zaporijjia.<\/p>\n<p class=\"asset asset-text\">L\u2019alimentation en \u00e9lectricit\u00e9 de la structure de confinement abritant la partie de la centrale de Tchernobyl, d\u00e9truite pendant la catastrophe nucl\u00e9aire en 1986, a \u00e9t\u00e9 coup\u00e9e par un bombardement russe, a expliqu\u00e9 Kiev.<\/p>\n<p class=\"asset asset-text\">\u00ab\u00a0Chaque jour o\u00f9 la Russie prolonge la guerre, refuse de mettre en \u0153uvre un cessez-le-feu complet et fiable, et continue de frapper tous nos sites \u00e9nerg\u00e9tiques, y compris ceux essentiels \u00e0 la s\u00fbret\u00e9 des centrales nucl\u00e9aires et autres installations nucl\u00e9aires\u00a0\u00bb, a d\u00e9nonc\u00e9 Volodymyr Zelensky sur Facebook.<\/p>\n<p>    L\u2019Arche de Tchernobyl touch\u00e9    <\/p>\n<p class=\"asset asset-text\">L\u2019Ukraine, alors r\u00e9publique sovi\u00e9tique, avait \u00e9t\u00e9 en 1986 le th\u00e9\u00e2tre de la pire catastrophe nucl\u00e9aire de l\u2019Histoire lorsque le r\u00e9acteur de Tchernobyl avait explos\u00e9, contaminant de vastes territoires en Europe, mais surtout en Ukraine, en Russie et au B\u00e9larus.<\/p>\n<p class=\"asset asset-text\">Avec les frappes russes, le minist\u00e8re ukrainien de l\u2019\u00c9nergie a d\u00e9nonc\u00e9 mercredi sur Telegram \u00ab\u00a0une situation d\u2019urgence dans les installations de la centrale nucl\u00e9aire de Tchernobyl\u00a0\u00bb, o\u00f9 des sp\u00e9cialistes s\u2019efforcent de r\u00e9tablir le courant. \u00ab\u00a0\u00c0 la suite de surtensions, le Nouveau confinement de s\u00e9curit\u00e9, une installation clef qui isole le quatri\u00e8me r\u00e9acteur d\u00e9truit de la centrale nucl\u00e9aire de Tchernobyl et emp\u00eache la lib\u00e9ration de mat\u00e9riaux radioactifs dans l\u2019environnement, s\u2019est retrouv\u00e9 sans alimentation \u00e9lectrique\u00a0\u00bb, selon le minist\u00e8re ukrainien.<\/p>\n<p class=\"asset asset-text\">Le Nouveau confinement s\u00e9curis\u00e9 &#8211; ou Arche de Tchernobyl -, achev\u00e9 en 2016, est une vaste structure m\u00e9tallique recouvrant les vestiges du r\u00e9acteur num\u00e9ro\u00a04 et emp\u00eachant la lib\u00e9ration de mat\u00e9riaux radioactifs. Une attaque de drone russe l\u2019a endommag\u00e9 en f\u00e9vrier, sans entra\u00eener une augmentation des radiations, selon les autorit\u00e9s ukrainiennes.<\/p>\n<p>    La plus longue coupure \u00e0 Zaporijjia    <\/p>\n<p class=\"asset asset-text\">L\u2019Ukraine et la Russie se sont mutuellement accus\u00e9es depuis le d\u00e9but du conflit de cibler des sites nucl\u00e9aires, suscitant des avertissements de l\u2019Agence internationale de l\u2019\u00e9nergie atomique (AIEA).<\/p>\n<p class=\"asset asset-text\">L\u2019arm\u00e9e russe s\u2019\u00e9tait empar\u00e9e de la centrale nucl\u00e9aire de Tchernobyl, d\u00e9saffect\u00e9e, au premier jour de son offensive en f\u00e9vrier\u00a02022, avant de se retirer un mois plus tard. Moscou s\u2019est \u00e9galement empar\u00e9 de la centrale nucl\u00e9aire de Zaporijjia dans le sud de l\u2019Ukraine, la plus grande installation nucl\u00e9aire d\u2019Europe. Elle la d\u00e9tient toujours.<\/p>\n<p class=\"asset asset-text\">Moscou a affirm\u00e9 mercredi que la situation \u00e9tait \u00ab\u00a0sous contr\u00f4le\u00a0\u00bb \u00e0 Zaporijjia, priv\u00e9e d\u2019alimentation \u00e9lectrique ext\u00e9rieure depuis plus d\u2019une semaine, apr\u00e8s des propos alarmants de Volodymyr Zelensky. Le pr\u00e9sident ukrainien avait jug\u00e9 mardi \u00ab\u00a0critique\u00a0\u00bb la situation de la centrale, qui a perdu son alimentation \u00e9lectrique externe le 23\u00a0septembre pour la dixi\u00e8me fois depuis le d\u00e9but de la guerre en 2022.<\/p>\n<p class=\"asset asset-text\">\u00ab\u00a0La situation \u00e0 la centrale nucl\u00e9aire de Zaporijjia est sous contr\u00f4le. La centrale informe l\u2019AIEA de la situation en cours selon les proc\u00e9dures \u00e9tablies et de fa\u00e7on constante\u00a0\u00bb, a indiqu\u00e9 sur son compte Telegram l\u2019op\u00e9rateur russe du site, occup\u00e9 par l\u2019arm\u00e9e du Kremlin depuis mars\u00a02022. L\u2019AIEA avait plus t\u00f4t indiqu\u00e9 que cette centrale dot\u00e9e de six r\u00e9acteurs ne pr\u00e9sentait pas de \u00ab\u00a0danger imm\u00e9diat\u00a0\u00bb tant qu\u2019elle fonctionnait gr\u00e2ce \u00e0 ses \u00ab\u00a0g\u00e9n\u00e9rateurs diesel de secours\u00a0\u00bb.<\/p>\n<p class=\"asset asset-text\">Il s\u2019agit de la plus longue coupure \u00e0 Zaporijjia depuis que la Russie a envahi et pris le contr\u00f4le de la centrale nucl\u00e9aire.<\/p>\n","protected":false},"excerpt":{"rendered":"Maxar Technologies &#8211; via AFP L\u2019Ukraine s\u2019alarme ce mercredi 1er octobre d\u2019un bombardement russe contre la centrale de&hellip;\n","protected":false},"author":2,"featured_media":432079,"comment_status":"","ping_status":"","sticky":false,"template":"","format":"standard","meta":{"footnotes":""},"categories":[1590],"tags":[11,26627,1777,674,131,14,12,132,14922,220,134],"class_list":{"0":"post-432078","1":"post","2":"type-post","3":"status-publish","4":"format-standard","5":"has-post-thumbnail","7":"category-ukraine","8":"tag-actualites","9":"tag-centrale-nucleaire","10":"tag-eu","11":"tag-europe","12":"tag-guerre-en-ukraine","13":"tag-international","14":"tag-news","15":"tag-russie","16":"tag-tchernobyl","17":"tag-ukraine","18":"tag-volodymyr-zelensky"},"share_on_mastodon":{"url":"https:\/\/pubeurope.com\/@fr\/115301040998274014","error":""},"_links":{"self":[{"href":"https:\/\/www.europesays.com\/fr\/wp-json\/wp\/v2\/posts\/432078","targetHints":{"allow":["GET"]}}],"collection":[{"href":"https:\/\/www.europesays.com\/fr\/wp-json\/wp\/v2\/posts"}],"about":[{"href":"https:\/\/www.europesays.com\/fr\/wp-json\/wp\/v2\/types\/post"}],"author":[{"embeddable":true,"href":"https:\/\/www.europesays.com\/fr\/wp-json\/wp\/v2\/users\/2"}],"replies":[{"embeddable":true,"href":"https:\/\/www.europesays.com\/fr\/wp-json\/wp\/v2\/comments?post=432078"}],"version-history":[{"count":0,"href":"https:\/\/www.europesays.com\/fr\/wp-json\/wp\/v2\/posts\/432078\/revisions"}],"wp:featuredmedia":[{"embeddable":true,"href":"https:\/\/www.europesays.com\/fr\/wp-json\/wp\/v2\/media\/432079"}],"wp:attachment":[{"href":"https:\/\/www.europesays.com\/fr\/wp-json\/wp\/v2\/media?parent=432078"}],"wp:term":[{"taxonomy":"category","embeddable":true,"href":"https:\/\/www.europesays.com\/fr\/wp-json\/wp\/v2\/categories?post=432078"},{"taxonomy":"post_tag","embeddable":true,"href":"https:\/\/www.europesays.com\/fr\/wp-json\/wp\/v2\/tags?post=432078"}],"curies":[{"name":"wp","href":"https:\/\/api.w.org\/{rel}","templated":true}]}}