{"id":43208,"date":"2025-04-22T05:37:12","date_gmt":"2025-04-22T05:37:12","guid":{"rendered":"https:\/\/www.europesays.com\/fr\/43208\/"},"modified":"2025-04-22T05:37:12","modified_gmt":"2025-04-22T05:37:12","slug":"un-commerce-du-centre-ville-de-rouen-vend-du-protoxyde-dazote-a-des-mineurs-la-prefecture-intervient","status":"publish","type":"post","link":"https:\/\/www.europesays.com\/fr\/43208\/","title":{"rendered":"Un commerce du centre-ville de Rouen vend du protoxyde d&rsquo;azote \u00e0 des mineurs : la pr\u00e9fecture intervient"},"content":{"rendered":"<p>            Par<br \/>\n        <strong><br \/>\n            <a href=\"https:\/\/actu.fr\/auteur\/thomas-rideau\" title=\"Consulter tous les articles de Thomas Rideau\" target=\"_blank\" rel=\"noopener\">Thomas Rideau<\/a><br \/>\n        <\/strong><\/p>\n<p>        Publi\u00e9 le<\/p>\n<p>            22 avr. 2025 \u00e0 7h02        <\/p>\n<p>Un commerce du centre-ville de <a href=\"https:\/\/actu.fr\/normandie\/rouen_76540\" target=\"_blank\" rel=\"noopener\">Rouen (Seine-Maritime)<\/a> a \u00e9t\u00e9 vis\u00e9 par une <strong>fermeture administrative<\/strong> le 16\u00a0mars 2025 et ne pourra rouvrir que le 30\u00a0avril. Presque sept semaines de fermeture. Une d\u00e9cision qui peut \u00eatre lourde de cons\u00e9quences d\u2019un <a href=\"https:\/\/actu.fr\/normandie\/rouen_76540\/ce-restaurant-bien-connu-de-rouen-doit-fermer-pour-travail-dissimule_61640365.html\" target=\"_blank\" rel=\"noopener\">point de vue \u00e9conomique<\/a>. Mais concernant ce commerce, une \u00e9picerie <strong>\u00c9pi Service<\/strong>, plusieurs raisons expliquent cette d\u00e9cision des services de l\u2019\u00c9tat.<\/p>\n<p>Une bouteille de protoxyde d\u2019azote<\/p>\n<p class=\" wall-content\">Et la premi\u00e8re part de l\u2019interpellation de plusieurs mineurs \u00e0 Rouen, le 2\u00a0janvier 2025. Ces jeunes \u00e9taient en possession d\u2019<strong>une bouteille de protoxyde d\u2019azote<\/strong>. \u00ab\u2009Il a \u00e9t\u00e9 \u00e9tabli que le produit avait \u00e9t\u00e9 achet\u00e9 dans l\u2019\u00e9tablissement \u00c9pi Service \u00e0 Rouen, alors que la vente de ce gaz \u00e0 des mineurs est interdite\u2009\u00bb, indique la pr\u00e9fecture \u00e0 76actu.<\/p>\n<p>      <img   decoding=\"async\" loading=\"lazy\" src=\"https:\/\/www.europesays.com\/fr\/wp-content\/uploads\/2025\/04\/20250416-142011-960x640.jpg\" alt=\"C'est l'\u00e9picerie \u00c9pi Services de la rue Racine qui est concern\u00e9e par cette fermeture administrative.\" width=\"960\" height=\"640\"\/><br \/>\n    C\u2019est l\u2019\u00e9picerie \u00c9pi Services de la rue Racine qui est concern\u00e9e par cette fermeture administrative. (\u00a9TR\/76actu)<\/p>\n<p class=\" wall-content\">C\u2019est dans le m\u00eame temps que les agents \u00ab\u2009ont \u00e9galement d\u00e9couvert dans l\u2019\u00e9tablissement deux bombes lacrymog\u00e8nes de 100\u00a0ml, <strong>sans justification<\/strong> valable. Il a aussi \u00e9t\u00e9 constat\u00e9 que le commerce \u00e9tait \u00e9quip\u00e9 de quatre cam\u00e9ras de surveillance sans autorisation pr\u00e9fectorale, pourtant obligatoire pour ce type d\u2019\u00e9quipement\u2009\u00bb.<\/p>\n<p>Une bouteille de vodka apr\u00e8s 22h<\/p>\n<p class=\" wall-content\">Un peu plus tard, dans le mois, le 22\u00a0janvier, des policiers municipaux ont surpris des clients \u00ab\u2009quittant le magasin avec <a href=\"https:\/\/actu.fr\/tag\/alcool\" target=\"_blank\" rel=\"noopener\">une bouteille de vodka<\/a> apr\u00e8s 22h\u2009\u00bb. Et cela alors qu\u2019un arr\u00eat\u00e9 municipal interdit la vente d\u2019alcool \u00e0 emporter entre 22h et 7h.<\/p>\n<p>Vid\u00e9os : en ce moment sur Actu<\/p>\n<p class=\" wall-content\">\u00ab\u2009La multiplication des infractions, dont certaines susceptibles d\u2019avoir des cons\u00e9quences sanitaires graves pour la population, justifie pleinement une d\u00e9cision de fermeture d\u2019une dur\u00e9e cons\u00e9quente\u2009\u00bb, commentent les services de l\u2019\u00c9tat.<\/p>\n<p class=\" wall-content\">L\u2019\u00e9tablissement s\u2019est vu notifier <strong>une fermeture administrative<\/strong> de 45\u00a0jours, qui a d\u00e9but\u00e9 le 16\u00a0mars. Contact\u00e9 par t\u00e9l\u00e9phone et WhatsApp, le responsable des lieux n\u2019est pas encore revenu vers nous au moment de la publication de cet article.<\/p>\n<p>Suivez l\u2019actualit\u00e9 de Rouen <a href=\"https:\/\/www.whatsapp.com\/channel\/0029VaKfnf99hXF2ddApFB1D\" target=\"_blank\" rel=\"noopener\">sur notre cha\u00eene WhatsApp<\/a> et <a href=\"https:\/\/www.tiktok.com\/@76actu.fr?lang=fr\" target=\"_blank\" rel=\"noopener\">sur notre compte TikTok<\/a><\/p>\n<p class=\" wall-content\">Suivez toute l\u2019actualit\u00e9 de vos villes et m\u00e9dias favoris en vous inscrivant \u00e0 <a href=\"https:\/\/moncompte.actu.fr\" title=\"D\u00e9couvez Mon Actu\" rel=\"nofollow noopener\" data-trk=\"{&quot;cta&quot;:{&quot;action&quot;:&quot;https:\\\/\\\/moncompte.actu.fr&quot;,&quot;category&quot;:&quot;mon compte&quot;,&quot;from&quot;:&quot;article footer&quot;,&quot;name&quot;:&quot;Mon actu&quot;,&quot;type&quot;:&quot;cta&quot;}}\" target=\"_blank\">Mon Actu<\/a>.<\/p>\n<p>                    <script async src=\"\/\/www.tiktok.com\/embed.js\"><\/script><\/p>\n","protected":false},"excerpt":{"rendered":"Par Thomas Rideau Publi\u00e9 le 22 avr. 2025 \u00e0 7h02 Un commerce du centre-ville de Rouen (Seine-Maritime) a&hellip;\n","protected":false},"author":2,"featured_media":43209,"comment_status":"","ping_status":"","sticky":false,"template":"","format":"standard","meta":{"footnotes":""},"categories":[9587],"tags":[1111,11,5702,215,1777,674,1011,27,12,5161,25,9590,104],"class_list":{"0":"post-43208","1":"post","2":"type-post","3":"status-publish","4":"format-standard","5":"has-post-thumbnail","7":"category-rouen","8":"tag-actu","9":"tag-actualites","10":"tag-alcool","11":"tag-commerce","12":"tag-eu","13":"tag-europe","14":"tag-fr","15":"tag-france","16":"tag-news","17":"tag-normandie","18":"tag-republique-francaise","19":"tag-rouen","20":"tag-societe"},"share_on_mastodon":{"url":"https:\/\/pubeurope.com\/@fr\/114380003271423374","error":""},"_links":{"self":[{"href":"https:\/\/www.europesays.com\/fr\/wp-json\/wp\/v2\/posts\/43208","targetHints":{"allow":["GET"]}}],"collection":[{"href":"https:\/\/www.europesays.com\/fr\/wp-json\/wp\/v2\/posts"}],"about":[{"href":"https:\/\/www.europesays.com\/fr\/wp-json\/wp\/v2\/types\/post"}],"author":[{"embeddable":true,"href":"https:\/\/www.europesays.com\/fr\/wp-json\/wp\/v2\/users\/2"}],"replies":[{"embeddable":true,"href":"https:\/\/www.europesays.com\/fr\/wp-json\/wp\/v2\/comments?post=43208"}],"version-history":[{"count":0,"href":"https:\/\/www.europesays.com\/fr\/wp-json\/wp\/v2\/posts\/43208\/revisions"}],"wp:featuredmedia":[{"embeddable":true,"href":"https:\/\/www.europesays.com\/fr\/wp-json\/wp\/v2\/media\/43209"}],"wp:attachment":[{"href":"https:\/\/www.europesays.com\/fr\/wp-json\/wp\/v2\/media?parent=43208"}],"wp:term":[{"taxonomy":"category","embeddable":true,"href":"https:\/\/www.europesays.com\/fr\/wp-json\/wp\/v2\/categories?post=43208"},{"taxonomy":"post_tag","embeddable":true,"href":"https:\/\/www.europesays.com\/fr\/wp-json\/wp\/v2\/tags?post=43208"}],"curies":[{"name":"wp","href":"https:\/\/api.w.org\/{rel}","templated":true}]}}