{"id":432080,"date":"2025-10-01T21:30:14","date_gmt":"2025-10-01T21:30:14","guid":{"rendered":"https:\/\/www.europesays.com\/fr\/432080\/"},"modified":"2025-10-01T21:30:14","modified_gmt":"2025-10-01T21:30:14","slug":"usa-les-controleurs-aeriens-inquiets-pour-la-securite-du-ciel-a-cause-de-la-paralysie-budgetaire","status":"publish","type":"post","link":"https:\/\/www.europesays.com\/fr\/432080\/","title":{"rendered":"USA\u00a0: les contr\u00f4leurs a\u00e9riens inquiets pour la s\u00e9curit\u00e9 du ciel \u00e0 cause de la paralysie budg\u00e9taire"},"content":{"rendered":"<p class=\"ap-StoryElement ap-StoryElement--mb ap-StoryText\">Le syndicat pr\u00e9cise que plus de 2.300 de ses adh\u00e9rents sont ainsi au ch\u00f4mage technique depuis mardi minuit, chiffre incluant aussi des ing\u00e9nieurs.<\/p>\n<p class=\"ap-StoryElement ap-StoryElement--mb ap-StoryText\">\u00ab\u00a0Des op\u00e9rations de s\u00e9curit\u00e9 et technologiques cruciales, ainsi que de soutien op\u00e9rationnel, ne peuvent \u00eatre r\u00e9alis\u00e9es tant que ces employ\u00e9s sont au ch\u00f4mage technique\u00a0\u00bb, insiste-t-il.<\/p>\n<p><a href=\"https:\/\/www.lalibre.be\/economie\/placements\/2025\/10\/01\/les-investisseurs-avancent-a-laveugle-le-shutdown-americain-et-ses-repercussions-inattendues-F5YYZMSCWFBQHJNRR6LQG7DHGY\/\" target=\"_blank\" rel=\"noopener noreferrer\" class=\"ap-StoryInterstitialLink ap-StoryElement ap-StoryElement--mb\">\u00ab\u00a0Il y a une peur de louper le bon plan\u00a0\u00bb: le shutdown aux Etats-Unis fait un grand gagnant<\/a><\/p>\n<p class=\"ap-StoryElement ap-StoryElement--mb ap-StoryText\">Cette paralysie budg\u00e9taire, qui affecte plusieurs centaines de milliers de fonctionnaires, survient dans un contexte d\u00e9j\u00e0 tendu de p\u00e9nurie de main-d&rsquo;oeuvre dans les tours de contr\u00f4le am\u00e9ricaines et de v\u00e9tust\u00e9 du dispositif.<\/p>\n<p class=\"ap-StoryElement ap-StoryElement--mb ap-StoryText\">Le ministre des Transports Sean Duffy est mobilis\u00e9 depuis plusieurs mois pour rem\u00e9dier \u00e0 ces deux probl\u00e8mes, avec des campagnes de recrutement et un vaste projet de refonte du syst\u00e8me de contr\u00f4le a\u00e9rien (ATC).<\/p>\n<p class=\"ap-StoryElement ap-StoryElement--mb ap-StoryText\">Contact\u00e9 par l&rsquo;AFP, le r\u00e9gulateur a\u00e9rien FAA a renvoy\u00e9 vers le minist\u00e8re et, en particulier, vers son plan op\u00e9rationnel de crise.<\/p>\n<p class=\"ap-StoryElement ap-StoryElement--mb ap-StoryText\">D&rsquo;apr\u00e8s ce document, consult\u00e9 par l&rsquo;AFP, plus de 11.300 employ\u00e9s sur les 44.800 de la FAA sont au ch\u00f4mage technique.<\/p>\n<p class=\"ap-StoryElement ap-StoryElement--mb ap-StoryText\">Mais pr\u00e8s de 13.300 contr\u00f4leurs a\u00e9riens, jug\u00e9s essentiels pour la s\u00e9curit\u00e9 des personnes, travaillent sans r\u00e9mun\u00e9ration.<\/p>\n<p><a href=\"https:\/\/www.lalibre.be\/international\/amerique\/2025\/10\/01\/les-marches-detestent-lincertitude-quelles-consequences-aura-le-shutdown-sur-leconomie-americaine-EQ4WHFGBDNEKBCRN7SOUYLVTOI\/\" target=\"_blank\" rel=\"noopener noreferrer\" class=\"ap-StoryInterstitialLink ap-StoryElement ap-StoryElement--mb\">\u00ab\u00a0Les march\u00e9s d\u00e9testent l&rsquo;incertitude\u00a0\u00bb : Quelles cons\u00e9quences aura le shutdown sur l&rsquo;\u00e9conomie am\u00e9ricaine ?<\/a><\/p>\n<p class=\"text-left ap-StoryElement ap-StoryElement--mb ap-StoryText\">De son c\u00f4t\u00e9, l&rsquo;association Airlines for America (A4A) \u2013 dix compagnies a\u00e9riennes am\u00e9ricaines \u2013 a \u00e9galement implor\u00e9 le Congr\u00e8s d'\u00a0\u00bb agir avec urgence et bonne foi\u00a0\u00bb pour trouver une issue.<\/p>\n<p class=\"text-left ap-StoryElement ap-StoryElement--mb ap-StoryText\">Elle rel\u00e8ve qu&rsquo;outre le manque d&rsquo;aiguilleurs du ciel et les probl\u00e8mes de l&rsquo;ATC, cet \u00e9pisode de paralysie budg\u00e9taire survient \u00e0 un \u00ab\u00a0moment crucial\u00a0\u00bb marqu\u00e9 par des niveaux records de passagers dans le ciel am\u00e9ricain.<\/p>\n<p class=\"ap-StoryElement ap-StoryElement--mb ap-StoryText\">Ce dernier est sillonn\u00e9 chaque jour par plus de 45.000 vols, transportant 2,9\u00a0millions de passagers et plus de 59.000 tonnes de marchandises.<\/p>\n","protected":false},"excerpt":{"rendered":"Le syndicat pr\u00e9cise que plus de 2.300 de ses adh\u00e9rents sont ainsi au ch\u00f4mage technique depuis mardi minuit,&hellip;\n","protected":false},"author":2,"featured_media":432081,"comment_status":"","ping_status":"","sticky":false,"template":"","format":"standard","meta":{"footnotes":""},"categories":[1589],"tags":[11,7182,1003,33,73,1866,590,12,1050,316,55996,602,2803,1864,1865,1863,308],"class_list":{"0":"post-432080","1":"post","2":"type-post","3":"status-publish","4":"format-standard","5":"has-post-thumbnail","7":"category-etats-unis","8":"tag-actualites","9":"tag-aviation","10":"tag-budget","11":"tag-economie","12":"tag-etats-unis","13":"tag-etats-unis-damerique","14":"tag-finance","15":"tag-news","16":"tag-parlement","17":"tag-politique","18":"tag-sean-duffy","19":"tag-tourisme","20":"tag-transport","21":"tag-united-states","22":"tag-united-states-of-america","23":"tag-us","24":"tag-usa"},"share_on_mastodon":{"url":"https:\/\/pubeurope.com\/@fr\/115301045061803119","error":""},"_links":{"self":[{"href":"https:\/\/www.europesays.com\/fr\/wp-json\/wp\/v2\/posts\/432080","targetHints":{"allow":["GET"]}}],"collection":[{"href":"https:\/\/www.europesays.com\/fr\/wp-json\/wp\/v2\/posts"}],"about":[{"href":"https:\/\/www.europesays.com\/fr\/wp-json\/wp\/v2\/types\/post"}],"author":[{"embeddable":true,"href":"https:\/\/www.europesays.com\/fr\/wp-json\/wp\/v2\/users\/2"}],"replies":[{"embeddable":true,"href":"https:\/\/www.europesays.com\/fr\/wp-json\/wp\/v2\/comments?post=432080"}],"version-history":[{"count":0,"href":"https:\/\/www.europesays.com\/fr\/wp-json\/wp\/v2\/posts\/432080\/revisions"}],"wp:featuredmedia":[{"embeddable":true,"href":"https:\/\/www.europesays.com\/fr\/wp-json\/wp\/v2\/media\/432081"}],"wp:attachment":[{"href":"https:\/\/www.europesays.com\/fr\/wp-json\/wp\/v2\/media?parent=432080"}],"wp:term":[{"taxonomy":"category","embeddable":true,"href":"https:\/\/www.europesays.com\/fr\/wp-json\/wp\/v2\/categories?post=432080"},{"taxonomy":"post_tag","embeddable":true,"href":"https:\/\/www.europesays.com\/fr\/wp-json\/wp\/v2\/tags?post=432080"}],"curies":[{"name":"wp","href":"https:\/\/api.w.org\/{rel}","templated":true}]}}