{"id":432084,"date":"2025-10-01T21:32:29","date_gmt":"2025-10-01T21:32:29","guid":{"rendered":"https:\/\/www.europesays.com\/fr\/432084\/"},"modified":"2025-10-01T21:32:29","modified_gmt":"2025-10-01T21:32:29","slug":"allemagne-un-ex-assistant-dun-depute-de-lafd-condamne-pour-espionnage-au-profit-de-la-chine","status":"publish","type":"post","link":"https:\/\/www.europesays.com\/fr\/432084\/","title":{"rendered":"Allemagne : un ex-assistant d&rsquo;un d\u00e9put\u00e9 de l&rsquo;AfD condamn\u00e9 pour espionnage au profit de la Chine"},"content":{"rendered":"<p>\n                    Publi\u00e9 le                 30\/09\/2025 &#8211; 12:02 UTC+2<br \/>\n                \u2022Mis \u00e0 jour<br \/>\n                                     12:13\n                                        <\/p>\n<p>          <img decoding=\"async\" class=\"c-ad__placeholder__logo\" src=\"https:\/\/static.euronews.com\/website\/images\/logos\/logo-euronews-stacked-outlined-72x72-grey-9.svg\" width=\"72\" height=\"72\" alt=\"\" loading=\"lazy\"\/><br \/>\n          PUBLICIT\u00c9<\/p>\n<p>Le tribunal r\u00e9gional sup\u00e9rieur de Dresde a condamn\u00e9 Jian Guo, ancien collaborateur du <a href=\"https:\/\/fr.euronews.com\/my-europe\/2024\/05\/22\/maximilian-krah-se-retire-de-la-direction-de-lafd-sous-la-pression-de-ses-partenaires-euro\" rel=\"nofollow noopener\" target=\"_blank\"><strong>d\u00e9put\u00e9 d&rsquo;extr\u00eame droite Maximilian Krah<\/strong><\/a>, \u00e0 quatre ans et neuf mois de prison pour espionnage pour la Chine.<\/p>\n<p>Le tribunal a consid\u00e9r\u00e9 que son activit\u00e9 d&rsquo;agent secret \u00e9tait prouv\u00e9e dans un cas \u00ab\u00a0particuli\u00e8rement grave\u00a0\u00bb.<\/p>\n<p>Le cas de Jian Guo<\/p>\n<p>Pendant cinq ans, Jian Guo a travaill\u00e9 comme assistant de Maximilian Krah, alors d\u00e9put\u00e9 europ\u00e9en affili\u00e9 au parti d&rsquo;extr\u00eame droite allemand Alternative pour l&rsquo;Allemagne (AfD). <\/p>\n<p>Selon l&rsquo;accusation, il a profit\u00e9 de cette position pour avoir acc\u00e8s \u00e0 des d\u00e9lib\u00e9rations, des r\u00e9unions et des documents internes confidentiels. Il aurait ensuite transmis ces informations \u00e0 son officier sup\u00e9rieur, qu&rsquo;il qualifiait de \u00ab\u00a0grand fr\u00e8re\u00a0\u00bb lors de conversations t\u00e9l\u00e9phoniques.<\/p>\n<p>Selon la pr\u00e9sentation du parquet f\u00e9d\u00e9ral, la collaboration de Jian Guo avec les services chinois a commenc\u00e9 d\u00e8s 2002. Plus r\u00e9cemment &#8211; entre 2019 et 2024 &#8211; il aurait constitu\u00e9 des dossiers sur des fonctionnaires de l&rsquo;AfD, en plus d&rsquo;informations provenant du Parlement europ\u00e9en. Il aurait en outre espionn\u00e9 des dissidents chinois.<\/p>\n<p>Ces dossiers contenaient parfois des d\u00e9tails intimes, comme par exemple sur le donneur de sperme d&rsquo;un enfant de la cheffe de l&rsquo;AfD Alice Weidel. Jian Guo aurait re\u00e7u ces informations directement de son sup\u00e9rieur de l&rsquo;\u00e9poque, Maximilian Krah, qui, selon un rapport du Spiegel, aurait transmis \u00e0 plusieurs reprises des informations internes au parti.<\/p>\n<p>Jian Guo a rejet\u00e9 toutes les accusations, tandis que son avocat, Hansj\u00f6rg Elbs, a d\u00e9plor\u00e9 un \u00ab\u00a0proc\u00e8s secret sur documents\u00a0\u00bb &#8211; \u00e9tant donn\u00e9 qu&rsquo;une grande partie des preuves devait \u00eatre tenue secr\u00e8te &#8211; et a plaid\u00e9 l&rsquo;acquittement.<\/p>\n<p>Le r\u00f4le de Maximilian Krah<\/p>\n<p>Maximilian Krah, aujourd&rsquo;hui d\u00e9put\u00e9 AfD au Bundestag, est intervenu comme t\u00e9moin lors du proc\u00e8s. Il a d\u00e9clar\u00e9 au tribunal que dans son bureau de l&rsquo;\u00e9poque, tous ses collaborateurs &#8211; dont Jian Guo &#8211; avaient acc\u00e8s \u00e0 son compte personnel et donc \u00e0 ses e-mails, rendez-vous et documents.<\/p>\n<p>\u00ab\u00a0Je d\u00e9teste tous ces trucs\u00a0\u00bb, a-t-il d\u00e9clar\u00e9, affirmant qu&rsquo;il avait confi\u00e9 le tri et le classement des documents \u00e0 son \u00e9quipe afin de pouvoir se concentrer sur la \u00ab\u00a0politique pure\u00a0\u00bb.<\/p>\n<p>Outre le proc\u00e8s pour espionnage de son assistant Jian Guo, Maximilian Krah est actuellement lui-m\u00eame dans le collimateur de la justice. En mai, le parquet de Dresde a ouvert une enqu\u00eate contre le d\u00e9put\u00e9 de l&rsquo;AfD pour soup\u00e7ons de corruption et de blanchiment d&rsquo;argent en lien avec des paiements pr\u00e9sum\u00e9s en provenance de Chine.<\/p>\n<p>L\u00e0 encore, les accusations portent sur l&rsquo;ancienne activit\u00e9 de l&rsquo;homme politique en tant que d\u00e9put\u00e9 europ\u00e9en. En septembre, le Bundestag a lev\u00e9 son immunit\u00e9, puis son domicile et ses bureaux ont \u00e9t\u00e9 perquisitionn\u00e9s.<\/p>\n<p>L&rsquo;autorit\u00e9 charg\u00e9e de l&rsquo;enqu\u00eate tente actuellement de d\u00e9terminer s&rsquo;il y a suffisamment de motifs pour une inculpation ou si la proc\u00e9dure doit \u00eatre abandonn\u00e9e.<\/p>\n<p>Le pass\u00e9 de Jian Guo au sein des services secrets allemands<\/p>\n<p>Selon des rapports des m\u00e9dias allemands, Jian Guo se serait un jour propos\u00e9 comme source au service f\u00e9d\u00e9ral de renseignement. Celui-ci aurait toutefois refus\u00e9 et l&rsquo;aurait renvoy\u00e9 \u00e0 l&rsquo;Office r\u00e9gional saxon de protection de la Constitution. Il y aurait \u00e9t\u00e9 r\u00e9pertori\u00e9 comme informateur de 2007 \u00e0 2018, date \u00e0 laquelle il a \u00e9t\u00e9 \u00ab\u00a0d\u00e9connect\u00e9\u00a0\u00bb, selon l&rsquo;office.<\/p>\n<p>Le ministre de l&rsquo;Int\u00e9rieur de Saxe, Armin Schuster, a d\u00e9clar\u00e9 au Parlement r\u00e9gional que la coop\u00e9ration de l&rsquo;Office de protection de la Constitution avec Jian Guo avait pris fin \u00ab\u00a0bien avant d&rsquo;\u00e9ventuels liens avec l&rsquo;AfD\u00a0\u00bb.<\/p>\n<p>Jian Guo, devenu entre-temps lui-m\u00eame membre de l&rsquo;AfD, un parti d&rsquo;extr\u00eame droite surveill\u00e9 par les services de protection de la Constitution, est en d\u00e9tention provisoire depuis son arrestation.<\/p>\n<p>Une coaccus\u00e9e, Yaqi X., a \u00e9galement \u00e9t\u00e9 condamn\u00e9e \u00e0 une peine d&rsquo;un an et neuf mois avec sursis pour avoir transmis des informations sur le fret, les vols et les passagers en tant qu&#8217;employ\u00e9e d&rsquo;une entreprise de logistique \u00e0 l&rsquo;a\u00e9roport de Leipzig. <\/p>\n<p>Elle a reconnu avoir transmis des donn\u00e9es, mais a ni\u00e9 avoir eu connaissance de projets d&rsquo;espionnage.<\/p>\n","protected":false},"excerpt":{"rendered":"Publi\u00e9 le 30\/09\/2025 &#8211; 12:02 UTC+2 \u2022Mis \u00e0 jour 12:13 PUBLICIT\u00c9 Le tribunal r\u00e9gional sup\u00e9rieur de Dresde a&hellip;\n","protected":false},"author":2,"featured_media":432085,"comment_status":"","ping_status":"","sticky":false,"template":"","format":"standard","meta":{"footnotes":""},"categories":[1587],"tags":[11,19488,672,1804,309,1805,1803,4777,1777,674,1801,12,1802],"class_list":{"0":"post-432084","1":"post","2":"type-post","3":"status-publish","4":"format-standard","5":"has-post-thumbnail","7":"category-allemagne","8":"tag-actualites","9":"tag-afd-alternative-pour-lallemagne","10":"tag-allemagne","11":"tag-bundesrepublik-deutschland","12":"tag-chine","13":"tag-de","14":"tag-deutschland","15":"tag-espionnage","16":"tag-eu","17":"tag-europe","18":"tag-germany","19":"tag-news","20":"tag-republique-federale-dallemagne"},"share_on_mastodon":{"url":"https:\/\/pubeurope.com\/@fr\/115301053560085197","error":""},"_links":{"self":[{"href":"https:\/\/www.europesays.com\/fr\/wp-json\/wp\/v2\/posts\/432084","targetHints":{"allow":["GET"]}}],"collection":[{"href":"https:\/\/www.europesays.com\/fr\/wp-json\/wp\/v2\/posts"}],"about":[{"href":"https:\/\/www.europesays.com\/fr\/wp-json\/wp\/v2\/types\/post"}],"author":[{"embeddable":true,"href":"https:\/\/www.europesays.com\/fr\/wp-json\/wp\/v2\/users\/2"}],"replies":[{"embeddable":true,"href":"https:\/\/www.europesays.com\/fr\/wp-json\/wp\/v2\/comments?post=432084"}],"version-history":[{"count":0,"href":"https:\/\/www.europesays.com\/fr\/wp-json\/wp\/v2\/posts\/432084\/revisions"}],"wp:featuredmedia":[{"embeddable":true,"href":"https:\/\/www.europesays.com\/fr\/wp-json\/wp\/v2\/media\/432085"}],"wp:attachment":[{"href":"https:\/\/www.europesays.com\/fr\/wp-json\/wp\/v2\/media?parent=432084"}],"wp:term":[{"taxonomy":"category","embeddable":true,"href":"https:\/\/www.europesays.com\/fr\/wp-json\/wp\/v2\/categories?post=432084"},{"taxonomy":"post_tag","embeddable":true,"href":"https:\/\/www.europesays.com\/fr\/wp-json\/wp\/v2\/tags?post=432084"}],"curies":[{"name":"wp","href":"https:\/\/api.w.org\/{rel}","templated":true}]}}