{"id":432095,"date":"2025-10-01T21:39:21","date_gmt":"2025-10-01T21:39:21","guid":{"rendered":"https:\/\/www.europesays.com\/fr\/432095\/"},"modified":"2025-10-01T21:39:21","modified_gmt":"2025-10-01T21:39:21","slug":"christophe-magail-est-mort-lequipe","status":"publish","type":"post","link":"https:\/\/www.europesays.com\/fr\/432095\/","title":{"rendered":"Christophe Magail est mort &#8211; L&#039;\u00c9quipe"},"content":{"rendered":"<ol>\n<li><a href=\"https:\/\/news.google.com\/rss\/articles\/CBMihwFBVV95cUxOellqUEduZU1ZVF9aR0lueFNDVTN1bmwtQ2ZOOFZLcXVaM3VBZlV0ZXRMVEl6YmRoS3VyaGtCWmpSU1czNkJxRTRMM2RkSDNXSi1wQWZ3aGdaTGpWaDlhWVRLUHR5Y1l4X1JWd05NX3pZTS1UOEI5MHYyTUc5UW1BSUc4ZXppNms?oc=5\" target=\"_blank\" rel=\"nofollow noopener\">Christophe Magail est mort<\/a>&nbsp;&nbsp;L&rsquo;\u00c9quipe<\/li>\n<li><a href=\"https:\/\/news.google.com\/rss\/articles\/CBMiYkFVX3lxTE1JWEd4dFRFMnBrT2JIVnZvMHI5VmhhSHc0T1lrV3BuN3ZJRXNRSFF3cHdzb1pCRnpBUGtoUlh2ZE1hN0l5UWpqckgtMC1RMVZIWUhVU0k1aE1XTm1hRTc1Y0RR?oc=5\" target=\"_blank\" rel=\"nofollow noopener\">Carnet Noir<\/a>&nbsp;&nbsp;Ligue Nationale de Volley<\/li>\n<li><a href=\"https:\/\/news.google.com\/rss\/articles\/CBMiygFBVV95cUxPWkgzbDRtV0ItWGxfeHRkSXBqZnhPMWxTR0hLLTNTMm9yaW93Vm15YTJ6TENCaFF4N0l1YjJpX0dORHhsbVJvb05YWFd0N29HOXY0RC12dC0zT1pvdEhFTUt5dzc2VDdKWHB3OHFYYTRsaDhibjRGWlNKNXZudnhxcGdNNFk3SkQ1TktMZTNzNVlaUTlIZFFlVW1iVFc2eVBfX1A5dHhxVzRzeVpodDlxVDJFYUR0QTJkc0dCdi1xSTlOTG5fdmRPbm5B0gHIAUFVX3lxTE9Ra3NIZVEwdE0wRWQycGtWNlJvZlpPMk9mMldqSlRiMXF1enpfSmZ1SHhUUnk0UFpoSlhSSFZBTkNNZ2ZMRnR4TlJ0SFpWNGJ1Ul84UFJpMUxhQ0tMWjBOeXVhdjJrbzZrQWFOYjI1emJOQ1diNVZuSHpKWjhVeHh3eHBrWm03SHYzenpldjIyY0ZRR25MeWlCUlkxVkszTUp1Y25EcGhnQTJHaGotTERSVWdqcDZUR2dMaFlKTzBteXhrMy1aUHlD?oc=5\" target=\"_blank\" rel=\"nofollow noopener\">Mulhouse : Artisan du tripl\u00e9 de 2021, Christophe Magail est d\u00e9c\u00e9d\u00e9<\/a>&nbsp;&nbsp;Orange Actualit\u00e9s | Sports<\/li>\n<li><a href=\"https:\/\/news.google.com\/rss\/articles\/CBMisAFBVV95cUxQUWtKcC1kMF9nQzBRSFVLdVpNQVlkYXdxNUpxYUVCeWI5bGMwbW5LdG1zUG12aEYzWHJuajVpemtsYV9MQ0drcG1mUkhQakg5b2h0Nzh2R21iYTZVZ0FsNlF1V1h6a2NfamJkMklTUFFOc29QWnRyS2JkQndGel9zeHplcERMUk1FZklYRC0zOGhOQjRITlhmTkZNVjY5ZnpPeHdQWFJjeU5tSDdIMWczUA?oc=5\" target=\"_blank\" rel=\"nofollow noopener\">Disparition. Figure du VMA et du volley haut-rhinois, Christophe Magail s\u2019en est all\u00e9<\/a>&nbsp;&nbsp;L&rsquo;Alsace<\/li>\n<li><a href=\"https:\/\/news.google.com\/rss\/articles\/CBMingFBVV95cUxOaUxTbmdWbjZWbnlqc0NUbWNYenJFS0w5enV4Um5XSXFDdVkxMm9QbHN3SzFkcEdjMTVzQUh2OFRTbW12V0xCYjVBV3A3Vk1icl9wZ1lDQ1N2RDNQS0kyOE1hdTBoSl9MZUp4QkhMTXg4dDdYSXFIRUdjTWJVaFlMVkRtV29ySFB5U19jdEFxU0VEcnRJNjhyTTVBalNxdw?oc=5\" target=\"_blank\" rel=\"nofollow noopener\">Le volley fran\u00e7ais en deuil apr\u00e8s la disparition de Christophe Magail<\/a>&nbsp;&nbsp;lesinguliersete.fr<\/li>\n<\/ol>\n","protected":false},"excerpt":{"rendered":"Christophe Magail est mort&nbsp;&nbsp;L&rsquo;\u00c9quipe Carnet Noir&nbsp;&nbsp;Ligue Nationale de Volley Mulhouse : Artisan du tripl\u00e9 de 2021, Christophe Magail&hellip;\n","protected":false},"author":2,"featured_media":432096,"comment_status":"","ping_status":"","sticky":false,"template":"","format":"standard","meta":{"footnotes":""},"categories":[1417],"tags":[1011,27,60,1470,1469],"class_list":{"0":"post-432095","1":"post","2":"type-post","3":"status-publish","4":"format-standard","5":"has-post-thumbnail","7":"category-volley","8":"tag-fr","9":"tag-france","10":"tag-sports","11":"tag-volley","12":"tag-volleyball"},"share_on_mastodon":{"url":"https:\/\/pubeurope.com\/@fr\/115301080380936274","error":""},"_links":{"self":[{"href":"https:\/\/www.europesays.com\/fr\/wp-json\/wp\/v2\/posts\/432095","targetHints":{"allow":["GET"]}}],"collection":[{"href":"https:\/\/www.europesays.com\/fr\/wp-json\/wp\/v2\/posts"}],"about":[{"href":"https:\/\/www.europesays.com\/fr\/wp-json\/wp\/v2\/types\/post"}],"author":[{"embeddable":true,"href":"https:\/\/www.europesays.com\/fr\/wp-json\/wp\/v2\/users\/2"}],"replies":[{"embeddable":true,"href":"https:\/\/www.europesays.com\/fr\/wp-json\/wp\/v2\/comments?post=432095"}],"version-history":[{"count":0,"href":"https:\/\/www.europesays.com\/fr\/wp-json\/wp\/v2\/posts\/432095\/revisions"}],"wp:featuredmedia":[{"embeddable":true,"href":"https:\/\/www.europesays.com\/fr\/wp-json\/wp\/v2\/media\/432096"}],"wp:attachment":[{"href":"https:\/\/www.europesays.com\/fr\/wp-json\/wp\/v2\/media?parent=432095"}],"wp:term":[{"taxonomy":"category","embeddable":true,"href":"https:\/\/www.europesays.com\/fr\/wp-json\/wp\/v2\/categories?post=432095"},{"taxonomy":"post_tag","embeddable":true,"href":"https:\/\/www.europesays.com\/fr\/wp-json\/wp\/v2\/tags?post=432095"}],"curies":[{"name":"wp","href":"https:\/\/api.w.org\/{rel}","templated":true}]}}