{"id":432099,"date":"2025-10-01T21:41:13","date_gmt":"2025-10-01T21:41:13","guid":{"rendered":"https:\/\/www.europesays.com\/fr\/432099\/"},"modified":"2025-10-01T21:41:13","modified_gmt":"2025-10-01T21:41:13","slug":"roger-federer-direction-le-hall-of-fame","status":"publish","type":"post","link":"https:\/\/www.europesays.com\/fr\/432099\/","title":{"rendered":"Roger Federer : direction le Hall of Fame ?"},"content":{"rendered":"<p class=\"wcl-typoNewsPerex_JFWVr fp-perex_59joV\" data-testid=\"wcl-typoNewsPerex\" itemprop=\"description\">L&rsquo;ancien grand champion suisse Roger Federer est \u00e9ligible au Temple de la renomm\u00e9e du tennis en 2026, selon le journal suisse Le Matin.<\/p>\n<p>Le Tennis Hall of Fame a annonc\u00e9 mercredi que <b><a href=\"https:\/\/www.flashscore.fr\/joueur\/federer-roger\/GrsQDFC0\/\" target=\"_blank\" data-analytics-element=\"ARTICLE_TEXT_LINK\" data-analytics-alias=\"internal\" rel=\"nofollow noopener\">Roger Federer<\/a><\/b>, 44 ans, est en t\u00eate de la liste des candidats \u00e9ligibles \u00e0 l&rsquo;intronisation en 2026. Le Suisse pourrait ainsi rejoindre le cercle restreint des immortels de son sport.<\/p>\n<p>Premier joueur de l&rsquo;histoire \u00e0 atteindre les 20 titres du Grand Chelem en simple, le Suisse a marqu\u00e9 une \u00e9poque \u00e9galement domin\u00e9e par l&rsquo;Espagnol <b><a href=\"https:\/\/www.flashscore.fr\/joueur\/nadal-rafael\/xUwlUnRK\/\" target=\"_blank\" data-analytics-element=\"ARTICLE_TEXT_LINK\" data-analytics-alias=\"internal\" rel=\"nofollow noopener\">Rafael Nadal<\/a><\/b> et le Serbe <b><a href=\"https:\/\/www.flashscore.fr\/joueur\/djokovic-novak\/AZg49Et9\/\" target=\"_blank\" data-analytics-element=\"ARTICLE_TEXT_LINK\" data-analytics-alias=\"internal\" rel=\"nofollow noopener\">Novak Djokovic<\/a><\/b>.<\/p>\n<p>Connu pour son \u00e9l\u00e9gance et son efficacit\u00e9, il s&rsquo;est construit un palmar\u00e8s impressionnant : 103 titres en simple, 1 251 victoires et cinq saisons au sommet du classement ATP. Il a \u00e9galement \u00e9t\u00e9 le favori des fans de l&rsquo;ATP pendant 19 ann\u00e9es cons\u00e9cutives, ce qui est sans pr\u00e9c\u00e9dent, de 2003 \u00e0 2021.<\/p>\n<p>Au-del\u00e0 des chiffres, <b>Roger Federer <\/b>incarnait une certaine id\u00e9e du tennis. Son coup droit fluide, son service pr\u00e9cis et son jeu de jambes donnaient l&rsquo;impression d&rsquo;une facilit\u00e9 presque surnaturelle.<\/p>\n<p>Il a \u00e9galement marqu\u00e9 l&rsquo;histoire de la Suisse en remportant une Coupe Davis en 2014 et une m\u00e9daille d&rsquo;or olympique en double en 2008 \u00e0 P\u00e9kin, \u00e0 chaque fois aux c\u00f4t\u00e9s de <a href=\"https:\/\/www.flashscore.fr\/joueur\/wawrinka-stan\/Uo9lu6le\/\" target=\"_blank\" data-analytics-element=\"ARTICLE_TEXT_LINK\" data-analytics-alias=\"internal\" rel=\"nofollow noopener\"><b>Stan Wawrinka<\/b><\/a>.<\/p>\n<p><b>\u00c0 lire aussi &#8211; <a href=\"https:\/\/www.flashscore.fr\/actualites\/tennis-atp-simples-gael-monfils-annonce-sa-retraite-a-venir-les-5-plus-grandes-victoires-de-la-monf\/GAZ7uAt4\/\" target=\"_blank\" data-analytics-element=\"ARTICLE_TEXT_LINK\" data-analytics-alias=\"internal\" rel=\"nofollow noopener\">Ga\u00ebl Monfils annonce sa retraite \u00e0 venir : les 5 plus grandes victoires de \u00ab\u00a0La Monf\u00a0\u00bb<\/a><\/b><\/p>\n<p>Parmi les joueurs, la classe 2026 du Hall of Fame comprendra d&rsquo;autres grands noms : la Russe <b>Svetlana Kuznetsova<\/b>, avec deux titres du Grand Chelem, et l&rsquo;Argentin <b><a href=\"https:\/\/www.flashscore.fr\/joueur\/del-potro-juan-martin\/Gz6r1gS0\/\" target=\"_blank\" data-analytics-element=\"ARTICLE_TEXT_LINK\" data-analytics-alias=\"internal\" rel=\"nofollow noopener\">Juan Martin del Potro<\/a><\/b>, vainqueur de l&rsquo;US Open en 2009.<\/p>\n<p>Comme l&rsquo;indique le Panth\u00e9on, <b>\u00ab\u00a0les fans du monde entier peuvent voter pour des candidats (&#8230;) qui m\u00e9ritent d&rsquo;\u00eatre inclus (&#8230;). Le vote est ouvert et les fans (&#8230;) peuvent voter jusqu&rsquo;au vendredi 10 octobre sur vote.tennisfame.com\u00a0\u00bb.<\/b><\/p>\n<p>Un jury compos\u00e9 de journalistes, d&rsquo;historiens et de membres du Temple de la renomm\u00e9e votera \u00e9galement. Pour \u00eatre \u00e9lus, les candidats doivent recevoir au moins 75 % du soutien du public et des experts.<\/p>\n<p>Les r\u00e9sultats seront connus en novembre.<\/p>\n","protected":false},"excerpt":{"rendered":"L&rsquo;ancien grand champion suisse Roger Federer est \u00e9ligible au Temple de la renomm\u00e9e du tennis en 2026, selon&hellip;\n","protected":false},"author":2,"featured_media":432100,"comment_status":"","ping_status":"","sticky":false,"template":"","format":"standard","meta":{"footnotes":""},"categories":[1415],"tags":[1011,27,60,1467],"class_list":{"0":"post-432099","1":"post","2":"type-post","3":"status-publish","4":"format-standard","5":"has-post-thumbnail","7":"category-tennis","8":"tag-fr","9":"tag-france","10":"tag-sports","11":"tag-tennis"},"share_on_mastodon":{"url":"https:\/\/pubeurope.com\/@fr\/115301088139272932","error":""},"_links":{"self":[{"href":"https:\/\/www.europesays.com\/fr\/wp-json\/wp\/v2\/posts\/432099","targetHints":{"allow":["GET"]}}],"collection":[{"href":"https:\/\/www.europesays.com\/fr\/wp-json\/wp\/v2\/posts"}],"about":[{"href":"https:\/\/www.europesays.com\/fr\/wp-json\/wp\/v2\/types\/post"}],"author":[{"embeddable":true,"href":"https:\/\/www.europesays.com\/fr\/wp-json\/wp\/v2\/users\/2"}],"replies":[{"embeddable":true,"href":"https:\/\/www.europesays.com\/fr\/wp-json\/wp\/v2\/comments?post=432099"}],"version-history":[{"count":0,"href":"https:\/\/www.europesays.com\/fr\/wp-json\/wp\/v2\/posts\/432099\/revisions"}],"wp:featuredmedia":[{"embeddable":true,"href":"https:\/\/www.europesays.com\/fr\/wp-json\/wp\/v2\/media\/432100"}],"wp:attachment":[{"href":"https:\/\/www.europesays.com\/fr\/wp-json\/wp\/v2\/media?parent=432099"}],"wp:term":[{"taxonomy":"category","embeddable":true,"href":"https:\/\/www.europesays.com\/fr\/wp-json\/wp\/v2\/categories?post=432099"},{"taxonomy":"post_tag","embeddable":true,"href":"https:\/\/www.europesays.com\/fr\/wp-json\/wp\/v2\/tags?post=432099"}],"curies":[{"name":"wp","href":"https:\/\/api.w.org\/{rel}","templated":true}]}}