{"id":432101,"date":"2025-10-01T21:43:13","date_gmt":"2025-10-01T21:43:13","guid":{"rendered":"https:\/\/www.europesays.com\/fr\/432101\/"},"modified":"2025-10-01T21:43:13","modified_gmt":"2025-10-01T21:43:13","slug":"victime-dune-chute-lors-de-la-course-sprint-du-gp-du-japon-jorge-martin-a-ete-opere-dune-clavicule-avec-succes-lequipe","status":"publish","type":"post","link":"https:\/\/www.europesays.com\/fr\/432101\/","title":{"rendered":"Victime d&#039;une chute lors de la course sprint du GP du Japon, Jorge Martin a \u00e9t\u00e9 op\u00e9r\u00e9 d&#039;une clavicule avec succ\u00e8s &#8211; L&#039;\u00c9quipe"},"content":{"rendered":"<ol>\n<li><a href=\"https:\/\/news.google.com\/rss\/articles\/CBMi8AFBVV95cUxQSmhRT1JsM1ptOVRmOUZyMjE2YWJ4ZUhsamprU3hHUXplc21uUGMzbl85ckcyeDRWTFI2akF3Tjk3bnpjNGdLZFBac3hlWXB4WDNhT1VyZFBmZXE2Z1dHakdUWkVrYUk2X0I2SnBmMTZKU3FpS2tpVDBLX0lENGcxWUc5NHZLRVBzS3htSXZLNVhsbkl6bEgtU2pyRG9fY3JGeGZESWJWS3FqQ3dJVnQwUlVKTXlxOGNnWDRUc1ZVZVdNWXlTSzVZSDBwQzN1M2VXbkI0cDlRLWxLRGZlc3NnMG1FRUdDcE9qUVhzcmMtcW8?oc=5\" target=\"_blank\" rel=\"nofollow noopener\">Victime d&rsquo;une chute lors de la course sprint du GP du Japon, Jorge Martin a \u00e9t\u00e9 op\u00e9r\u00e9 d&rsquo;une clavicule avec succ\u00e8s<\/a>&nbsp;&nbsp;L&rsquo;\u00c9quipe<\/li>\n<li><a href=\"https:\/\/news.google.com\/rss\/articles\/CBMigwFBVV95cUxQcERHRENvclZFY3pmS1J1OTktbHc1MkJTNmVjazh6c0lnNDlqQkdrNHJfNVJ1WTRmRGpzN2l4Uks0cUFIRWs4QVhDZGQ4TGp5VF9xUERydXJNTFd5SFJNLXV4VUtYUVh5ajNHRUh5VC1iQ05pSC1VNm5HMGhxbG9wRzVmTQ?oc=5\" target=\"_blank\" rel=\"nofollow noopener\">Mart\u00edn op\u00e9r\u00e9 de la clavicule<\/a>&nbsp;&nbsp;motogp.com<\/li>\n<li><a href=\"https:\/\/news.google.com\/rss\/articles\/CBMif0FVX3lxTE5XcmpfQ3lqVzQySjFJUV8yeEE1VHB4VWx6Y0NvR0VTN3NsVDZ3V0pCSjBkVkwwY3RTZ2ZKV0ZRbS1qN2ZoWkV5YkZrZ3BVaGc5SnVKYUZDa3llaW9GRzhVb21WbkdtNUd0ZWgwektQSEpJNU4zTS1obVpEWEd4ZnM?oc=5\" target=\"_blank\" rel=\"nofollow noopener\">Martin op\u00e9r\u00e9 avec succ\u00e8s de la clavicule droite<\/a>&nbsp;&nbsp;GP Inside<\/li>\n<li><a href=\"https:\/\/news.google.com\/rss\/articles\/CBMipwFBVV95cUxQN3V1bUwyN01DTDJENmJJX1lHMlBqdEZDUk55VDBHbUw4Q3lGUlFkMlpmajc4d0cxRS1mcEdZTkZnZGVBQThWT3hldE43ZzE2Nm9JdElmS1RjQkJzZGZ6VGVROXFmTDhOUU54TUtEZkVTQnR1ZzlaSHVrUVNWTE94WGFlLUxLWVNiajFkOUpuWTQtbF84YThwZGJENDE4eDRBV2lNOEYyYw?oc=5\" target=\"_blank\" rel=\"nofollow noopener\">Aprilia : la grande annonce de l&rsquo;\u00e9curie concernant Jorge Mart\u00edn<\/a>&nbsp;&nbsp;Sports Auto Moto<\/li>\n<li><a href=\"https:\/\/news.google.com\/rss\/articles\/CBMilAFBVV95cUxOaENwcUdwc3dnaWdWRUM4ZTFZazg1OEtpRnZxdTNfYmJ4VFgxWkFRcVV1Z0ttY3h6WmQzM3hpdkZEaHZkbkdic2hERVBIOTJMbzB6T0Itb1g2Ri1LMGNOVGtBLWdaWFVUcFlLV3UzVG1fdVVXbW1CNi1jUjFEWjBOcG9mOWxBM0w5b3ZIc1RNSko0NEdj?oc=5\" target=\"_blank\" rel=\"nofollow noopener\">Bezzecchi \u00ab\u00a0pas en grande forme\u00a0\u00bb apr\u00e8s l&rsquo;accident du sprint<\/a>&nbsp;&nbsp;Motorsport.com<\/li>\n<\/ol>\n","protected":false},"excerpt":{"rendered":"Victime d&rsquo;une chute lors de la course sprint du GP du Japon, Jorge Martin a \u00e9t\u00e9 op\u00e9r\u00e9 d&rsquo;une&hellip;\n","protected":false},"author":2,"featured_media":432102,"comment_status":"","ping_status":"","sticky":false,"template":"","format":"standard","meta":{"footnotes":""},"categories":[1413],"tags":[1011,27,1457,1456,60],"class_list":{"0":"post-432101","1":"post","2":"type-post","3":"status-publish","4":"format-standard","5":"has-post-thumbnail","7":"category-moto","8":"tag-fr","9":"tag-france","10":"tag-moto","11":"tag-motocycle","12":"tag-sports"},"share_on_mastodon":{"url":"https:\/\/pubeurope.com\/@fr\/115301096110665504","error":""},"_links":{"self":[{"href":"https:\/\/www.europesays.com\/fr\/wp-json\/wp\/v2\/posts\/432101","targetHints":{"allow":["GET"]}}],"collection":[{"href":"https:\/\/www.europesays.com\/fr\/wp-json\/wp\/v2\/posts"}],"about":[{"href":"https:\/\/www.europesays.com\/fr\/wp-json\/wp\/v2\/types\/post"}],"author":[{"embeddable":true,"href":"https:\/\/www.europesays.com\/fr\/wp-json\/wp\/v2\/users\/2"}],"replies":[{"embeddable":true,"href":"https:\/\/www.europesays.com\/fr\/wp-json\/wp\/v2\/comments?post=432101"}],"version-history":[{"count":0,"href":"https:\/\/www.europesays.com\/fr\/wp-json\/wp\/v2\/posts\/432101\/revisions"}],"wp:featuredmedia":[{"embeddable":true,"href":"https:\/\/www.europesays.com\/fr\/wp-json\/wp\/v2\/media\/432102"}],"wp:attachment":[{"href":"https:\/\/www.europesays.com\/fr\/wp-json\/wp\/v2\/media?parent=432101"}],"wp:term":[{"taxonomy":"category","embeddable":true,"href":"https:\/\/www.europesays.com\/fr\/wp-json\/wp\/v2\/categories?post=432101"},{"taxonomy":"post_tag","embeddable":true,"href":"https:\/\/www.europesays.com\/fr\/wp-json\/wp\/v2\/tags?post=432101"}],"curies":[{"name":"wp","href":"https:\/\/api.w.org\/{rel}","templated":true}]}}