{"id":432111,"date":"2025-10-01T21:48:18","date_gmt":"2025-10-01T21:48:18","guid":{"rendered":"https:\/\/www.europesays.com\/fr\/432111\/"},"modified":"2025-10-01T21:48:18","modified_gmt":"2025-10-01T21:48:18","slug":"son-centaure-tape-a-loeil-a-paimpol-dans-lantre-dagostinho-da-cunha-soudeur-sculpteur-en-images","status":"publish","type":"post","link":"https:\/\/www.europesays.com\/fr\/432111\/","title":{"rendered":"Son centaure tape \u00e0 l\u2019\u0153il \u00e0 Paimpol\u00a0: dans l\u2019antre d\u2019Agostinho Da Cunha, soudeur-sculpteur [En images]"},"content":{"rendered":"<p>Son centaure regarde passer les voitures dans le rond-point de la Lande Blanche, \u00e0 Paimpol. Avec ses 3 m de haut, la sculpture de m\u00e9tal d\u2019<a href=\"https:\/\/www.facebook.com\/Agostinho33500\/\" target=\"_blank\" rel=\"nofollow noopener\">Agostinho Da Cunha<\/a> ne passe pas inaper\u00e7ue. C\u2019est la m\u00eame taille qu\u2019une autre de ses pi\u00e8ces monumentales, un Predator (un alien tir\u00e9 d\u2019un film), \u00e0 deux pas du portail de sa maison o\u00f9 se trouve son atelier. Dans son jardin, il a pos\u00e9 plusieurs de ses sculptures\u00a0: un \u00e9l\u00e9phant, une main, un petit dragon\u2026 \u00ab\u00a0Je suis sculpteur depuis 2009. La soudure, c\u2019est ma passion. J\u2019ai toujours eu cette fibre artistique avec mes fr\u00e8res et s\u0153urs. Mon fr\u00e8re m\u2019a appris \u00e0 dessiner car il est styliste\u00a0\u00bb, indique le quadrag\u00e9naire.<\/p>\n<p><img decoding=\"async\" src=\"https:\/\/www.europesays.com\/fr\/wp-content\/uploads\/2025\/10\/68dba83bacee59b58f059b9a.1.jpeg\" width=\"480\" height=\"300\" class=\"web_golden_m\" loading=\"lazy\" alt=\"Cette cr\u00e9ature fantastique prend l\u2019air dans le jardin du sculpteur.\"\/>Cette cr\u00e9ature fantastique prend l\u2019air dans le jardin du sculpteur. (Le T\u00e9l\u00e9gramme\/\u00c9ric Rannou)<\/p>\n<p>En 2009, il cr\u00e9e ses premi\u00e8res \u0153uvres. \u00ab\u00a0Un copain est venu m\u2019apprendre \u00e0 souder. En fait, j\u2019ai fini aux urgences. Je n\u2019avais pas de cagoule\u00a0\u00bb, se rappelle l\u2019autodidacte.<\/p>\n<p>En 2021, ce ma\u00e7on employ\u00e9 par Colas d\u00e9cide de passer ses licences de soudeur \u00ab\u00a0pour perfectionner son art\u00a0\u00bb. Il a emm\u00e9nag\u00e9 \u00e0 Paimpol en f\u00e9vrier. Avant, il habitait pr\u00e8s de Bordeaux, \u00e0 Libourne. Soudeur professionnel en journ\u00e9e chef Efinor \u00e0 Paimpol actuellement, il sculpte pour son plaisir, apr\u00e8s son boulot et le week-end.<\/p>\n<p><img decoding=\"async\" src=\"https:\/\/www.europesays.com\/fr\/wp-content\/uploads\/2025\/10\/68dba83b72fd0ef6b90ac8b8.1.jpeg\" width=\"480\" height=\"300\" class=\"web_golden_m\" loading=\"lazy\" alt=\"Le sculpteur termine actuellement une commande\u00a0: un coq.\"\/>Le sculpteur termine actuellement une commande\u00a0: un coq. (Le T\u00e9l\u00e9gramme\/\u00c9ric Rannou)\u00ab\u00a0\u00c7a doit rester une passion\u00a0\u00bb<\/p>\n<p>Tr\u00e8s attach\u00e9 \u00e0 ses \u0153uvres, il a pourtant accept\u00e9 l\u2019id\u00e9e de les vendre. \u00ab\u00a0Je ne veux vraiment pas en faire mon m\u00e9tier. Je n\u2019ai pas envie de cr\u00e9er pour vendre. Je veux cr\u00e9er pour cr\u00e9er. Quand j\u2019ai des commandes, c\u2019est un plus mais \u00e7a doit rester une passion\u00a0\u00bb, ajoute-t-il.<\/p>\n<p>Le sculpteur travaille le plus souvent avec les conseils de Franck Mariscalchi. \u00ab\u00a0Je lui demande toujours son avis. \u00c7a, ce sont des masques que l\u2019on a r\u00e9alis\u00e9s pour l\u2019h\u00f4pital de Libourne\u00a0\u00bb, indique Agostinho Da Cunha en posant une photo sur la table. \u00ab\u00a0C\u2019est Franck qui les a dessin\u00e9s et a eu cette id\u00e9e, pour le don d\u2019organes. \u00c7a m\u2019a pris un an de cr\u00e9ation\u00a0\u00bb.<\/p>\n<p>L\u2019artiste aime partager cette passion. Il a d\u00e9j\u00e0 fait de nombreuses expositions. \u00ab\u00a0Les grandes sculptures comme la t\u00eate et le Predator ont \u00e9t\u00e9 expos\u00e9es pendant deux ans dans un parc\u00a0\u00bb.<\/p>\n<p><img decoding=\"async\" src=\"https:\/\/www.europesays.com\/fr\/wp-content\/uploads\/2025\/10\/68dba83b72fd0ef6b90ac8b7.1.jpeg\" width=\"480\" height=\"300\" class=\"web_golden_m\" loading=\"lazy\" alt=\"Il faut passer devant un imposant Predator de 3\u00a0m pour rentrer chez l\u2019artiste.\"\/>Il faut passer devant un imposant Predator de 3\u00a0m pour rentrer chez l\u2019artiste. (Le T\u00e9l\u00e9gramme\/\u00c9ric Rannou)<\/p>\n<p>Pour son centaure, c\u2019est par contre une premi\u00e8re. Il a \u00e9t\u00e9 transport\u00e9 d\u00e9mont\u00e9 par les d\u00e9m\u00e9nageurs. \u00ab\u00a0On l\u2019a remont\u00e9 ici. Je l\u2019avais juste expos\u00e9 dans une rue \u00e0 Libourne. J\u2019ai mis huit ans \u00e0 le finir\u00a0\u00bb. Il a choisi de d\u00e9poser ses outils \u00e0 Paimpol sans vraiment conna\u00eetre la r\u00e9gion. \u00ab\u00a0Avec Franck, on cherchait une maison en bord de mer. On recherchait le frais aussi\u00a0\u00bb.<\/p>\n<p>Envie de partager<\/p>\n<p>Sp\u00e9cialis\u00e9 dans les sculptures en m\u00e9tal, Agostinho Da Cunha s\u2019aventure aussi parfois sur d\u2019autres mat\u00e9riaux, comme la pierre ou le bois. \u00ab\u00a0Un jour, j\u2019ai fait une panth\u00e8re. C\u2019\u00e9tait un m\u00e9lange de plastique et de m\u00e9tal. J\u2019avais r\u00e9cup\u00e9r\u00e9 \u00e0 la Colas un rouleau d\u2019une machine qui nettoie les routes. Il m\u2019a servi \u00e0 faire le torse de la panth\u00e8re. Je m\u00e9lange pas mal de choses\u00a0\u00bb, poursuit-il.<\/p>\n<p><img decoding=\"async\" src=\"https:\/\/www.europesays.com\/fr\/wp-content\/uploads\/2025\/10\/68dba83b1f6e46720c0bfd7e.1.jpeg\" width=\"480\" height=\"300\" class=\"web_golden_m\" loading=\"lazy\" alt=\"Ceux qui passent dans le rond-point de la Lande Blanche peuvent \u00e9galement apercevoir la guitare g\u00e9ante du sculpteur.\"\/>Ceux qui passent dans le rond-point de la Lande Blanche peuvent \u00e9galement apercevoir la guitare g\u00e9ante du sculpteur. (Le T\u00e9l\u00e9gramme\/\u00c9ric Rannou)<\/p>\n<p>Son jardin refl\u00e8te sa cr\u00e9ativit\u00e9. En d\u00e9but d\u2019ann\u00e9e prochaine, il devrait l\u2019ouvrir au public. \u00ab\u00a0Les expositions, ce n\u2019est pas mon d\u00e9lire. Quand je fais une \u0153uvre, \u00e7a me chagrine un peu de la vendre. C\u2019est un bout de moi que je vends\u00a0\u00bb. Il aime par contre discuter avec les gens.<\/p>\n<p>Sa premi\u00e8re sculpture s\u2019inscrivait dans cette envie de partager. \u00ab\u00a0C\u2019\u00e9tait un dinosaure, en 2009. Il faisait 3 m de haut. Il y avait beaucoup d\u2019enfants qui passaient devant la maison. Je me suis dit que \u00e7a allait les faire rire. C\u2019\u00e9tait le d\u00e9fil\u00e9 le dimanche. Les gens venaient voir\u00a0\u00bb, se rappelle Agostinho Da Cunha.<\/p>\n<p>Aujourd\u2019hui, le centaure fait aussi son petit effet. \u00ab\u00a0J\u2019adore partager avec les gens. Quand ils s\u2019arr\u00eatent, on discute. Je passe un bon moment avec eux, m\u00eame s\u2019il n\u2019y a pas de vente. C\u2019est important pour un artiste de partager son art\u00a0\u00bb, conclut-il.<\/p>\n","protected":false},"excerpt":{"rendered":"Son centaure regarde passer les voitures dans le rond-point de la Lande Blanche, \u00e0 Paimpol. Avec ses 3&hellip;\n","protected":false},"author":2,"featured_media":432112,"comment_status":"","ping_status":"","sticky":false,"template":"","format":"standard","meta":{"footnotes":""},"categories":[1358],"tags":[1348,1384,1385,251,1386,58,59,1011,27,7762,3899],"class_list":{"0":"post-432111","1":"post","2":"type-post","3":"status-publish","4":"format-standard","5":"has-post-thumbnail","7":"category-arts-et-design","8":"tag-arts","9":"tag-arts-and-design","10":"tag-arts-et-design","11":"tag-culture","12":"tag-design","13":"tag-divertissement","14":"tag-entertainment","15":"tag-fr","16":"tag-france","17":"tag-paimpol","18":"tag-sculpture"},"share_on_mastodon":{"url":"https:\/\/pubeurope.com\/@fr\/115301115990937404","error":""},"_links":{"self":[{"href":"https:\/\/www.europesays.com\/fr\/wp-json\/wp\/v2\/posts\/432111","targetHints":{"allow":["GET"]}}],"collection":[{"href":"https:\/\/www.europesays.com\/fr\/wp-json\/wp\/v2\/posts"}],"about":[{"href":"https:\/\/www.europesays.com\/fr\/wp-json\/wp\/v2\/types\/post"}],"author":[{"embeddable":true,"href":"https:\/\/www.europesays.com\/fr\/wp-json\/wp\/v2\/users\/2"}],"replies":[{"embeddable":true,"href":"https:\/\/www.europesays.com\/fr\/wp-json\/wp\/v2\/comments?post=432111"}],"version-history":[{"count":0,"href":"https:\/\/www.europesays.com\/fr\/wp-json\/wp\/v2\/posts\/432111\/revisions"}],"wp:featuredmedia":[{"embeddable":true,"href":"https:\/\/www.europesays.com\/fr\/wp-json\/wp\/v2\/media\/432112"}],"wp:attachment":[{"href":"https:\/\/www.europesays.com\/fr\/wp-json\/wp\/v2\/media?parent=432111"}],"wp:term":[{"taxonomy":"category","embeddable":true,"href":"https:\/\/www.europesays.com\/fr\/wp-json\/wp\/v2\/categories?post=432111"},{"taxonomy":"post_tag","embeddable":true,"href":"https:\/\/www.europesays.com\/fr\/wp-json\/wp\/v2\/tags?post=432111"}],"curies":[{"name":"wp","href":"https:\/\/api.w.org\/{rel}","templated":true}]}}